{"id":381902,"date":"2025-09-11T04:40:15","date_gmt":"2025-09-11T04:40:15","guid":{"rendered":"https:\/\/www.europesays.com\/fr\/381902\/"},"modified":"2025-09-11T04:40:15","modified_gmt":"2025-09-11T04:40:15","slug":"poutine-enclenche-lescalade-lotan-vit-son-premier-test-historique","status":"publish","type":"post","link":"https:\/\/www.europesays.com\/fr\/381902\/","title":{"rendered":"Poutine enclenche l\u2019escalade, l\u2019Otan vit son premier test historique"},"content":{"rendered":"<p><strong>ANALYSE &#8211; <\/strong>Avec l\u2019envoi vers la Pologne d\u2019une vingtaine de drones \u00e0 partir du territoire bi\u00e9lorusse, Moscou franchit une ligne rouge, \u00e9tendant des incursions militaires jusqu\u2019ici cantonn\u00e9es \u00e0 l\u2019Ukraine au territoire de l\u2019Otan, pour sonder notre capacit\u00e9 \u00e0 r\u00e9agir.<\/p>\n<p class=\"fig-paragraph\">Nous y sommes.\u00a0<a href=\"http:\/\/www.lefigaro.fr\/international\/guerre-en-ukraine-pourquoi-financer-des-armes-via-l-otan-pose-probleme-20250711\" target=\"_blank\" data-fig-type=\"Article\" rel=\"noopener\" data-gtm-custom-categorie=\"navigation\" data-gtm-custom-action=\"crossclick\" data-gtm-custom-label=\"Contextuel\" data-gtm-event=\"customEventSPE\" data-fig-domain=\"LEFIGARO\">L\u2019Otan vit son premier grand test historique<\/a>\u00a0de l\u2019apr\u00e8s-guerre froide, face \u00e0 Moscou. Depuis des mois, les chancelleries occidentales envoyaient des signaux d\u2019alarme concernant l\u2019\u00e9preuve de v\u00e9rit\u00e9 \u00e0 laquelle\u00a0<a href=\"http:\/\/www.lefigaro.fr\/international\/poutine-cible-de-plus-en-plus-directement-l-union-europeenne-20250901\" target=\"_blank\" data-fig-type=\"Article\" rel=\"noopener\" data-gtm-custom-categorie=\"navigation\" data-gtm-custom-action=\"crossclick\" data-gtm-custom-label=\"Contextuel\" data-gtm-event=\"customEventSPE\" data-fig-domain=\"LEFIGARO\">la Russie pourrait soumettre l\u2019Alliance<\/a>, alors que Poutine est lanc\u00e9 dans une escalade guerri\u00e8re que seuls les faux \u00ab\u00a0r\u00e9alistes\u00a0\u00bb, aveugl\u00e9s par leur volont\u00e9 d\u2019apaisement, nient contre l\u2019\u00e9vidence.<\/p>\n<p class=\"fig-paragraph\">Plusieurs services de renseignements europ\u00e9ens, notamment britanniques, baltes et allemands, ne cessaient d\u2019alerter sur le risque d\u2019une attaque russe visant \u00e0 \u00ab\u00a0nous tester\u00a0\u00bb. Mardi encore,\u00a0<a href=\"http:\/\/www.lefigaro.fr\/international\/la-conquete-de-l-ukraine-n-est-qu-un-debut-pour-vladimir-poutine-accuse-le-chancelier-allemand-20250908\" target=\"_blank\" data-fig-type=\"NewsFlash\" rel=\"noopener\" data-gtm-custom-categorie=\"navigation\" data-gtm-custom-action=\"crossclick\" data-gtm-custom-label=\"Contextuel\" data-gtm-event=\"customEventSPE\" data-fig-domain=\"LEFIGARO\">le chancelier Friedrich Merz<\/a>\u00a0avait not\u00e9 la multiplication des attaques hybrides contre l\u2019Allemagne. La plupart des experts redoutaient plut\u00f4t un coup de force dans les pays Baltes, ex-r\u00e9publiques sovi\u00e9tiques \u00e0 la g\u00e9ographie vuln\u00e9rable et fragilis\u00e9es par la pr\u00e9sence de minorit\u00e9s russes.<\/p>\n<p>Article\u00a04<\/p>\n<p class=\"fig-paragraph\">Mais c\u2019est vers la Pologne, pilier oriental cl\u00e9 de l\u2019Alliance qui joue depuis 2022 un r\u00f4le central\u2026<\/p>\n<p class=\"fig-premium-paywall__infos\">\n        Cet article est r\u00e9serv\u00e9 aux abonn\u00e9s.        Il vous reste 85% \u00e0 d\u00e9couvrir.\n    <\/p>\n<p>                <img  data- alt=\"Le Figaro\" class=\"fig-img--complete fig-img\"\/><\/p>\n<p class=\"fig-premium-paywall__title\">Vous avez envie de lire la suite ?<\/p>\n<p class=\"fig-premium-paywall__subtitle\">D\u00e9bloquez tous les articles imm\u00e9diatement.<\/p>\n<p class=\"fig-premium-paywall__connect\">\n                D\u00e9j\u00e0 abonn\u00e9\u00a0?                <a class=\"fig-premium-paywall__connect-link\" href=\"https:\/\/connect.lefigaro.fr\/login?client=horizon_web&amp;type=main&amp;redirect_uri=https%3A%2F%2Fwww.lefigaro.fr%2Finternational%2Fdrones-russes-en-pologne-poutine-enclenche-l-escalade-l-otan-vit-son-premier-test-historique-20250910\" data-js-gtm=\"{&quot;customCategorie&quot;: &quot;conversion&quot;, &quot;customAction&quot;: &quot;before_Landing_Connexion_paywall_auto&quot;, &quot;customLabel&quot;: &quot;bGVmaWdhcm8uZnJfXzFmMDhlNGRhLWI2ZDYtNjNlMi04MmFhLTBmZDVmZDhhMDI1NF9fQXJ0aWNsZQ==_Drones russes en Pologne\u00a0: Poutine enclenche l\u2019escalade, l\u2019Otan vit son premier test historique_96&quot;, &quot;customIDSPE&quot;: &quot;bGVmaWdhcm8uZnJfXzFmMDhlNGRhLWI2ZDYtNjNlMi04MmFhLTBmZDVmZDhhMDI1NF9fQXJ0aWNsZQ==&quot;, &quot;event&quot;: &quot;customEventSPE&quot;}\" target=\"_blank\" rel=\"noopener\"><br \/>\n                    Connectez-vous<br \/>\n                <\/a>\n            <\/p>\n","protected":false},"excerpt":{"rendered":"ANALYSE &#8211; Avec l\u2019envoi vers la Pologne d\u2019une vingtaine de drones \u00e0 partir du territoire bi\u00e9lorusse, Moscou franchit&hellip;\n","protected":false},"author":2,"featured_media":381903,"comment_status":"","ping_status":"","sticky":false,"template":"","format":"standard","meta":{"footnotes":""},"categories":[2],"tags":[11,1011,27,131,12,2437,25,135],"class_list":{"0":"post-381902","1":"post","2":"type-post","3":"status-publish","4":"format-standard","5":"has-post-thumbnail","7":"category-actualites","8":"tag-actualites","9":"tag-fr","10":"tag-france","11":"tag-guerre-en-ukraine","12":"tag-news","13":"tag-pologne","14":"tag-republique-francaise","15":"tag-vladimir-poutine"},"share_on_mastodon":{"url":"https:\/\/pubeurope.com\/@fr\/115183827293543582","error":""},"_links":{"self":[{"href":"https:\/\/www.europesays.com\/fr\/wp-json\/wp\/v2\/posts\/381902","targetHints":{"allow":["GET"]}}],"collection":[{"href":"https:\/\/www.europesays.com\/fr\/wp-json\/wp\/v2\/posts"}],"about":[{"href":"https:\/\/www.europesays.com\/fr\/wp-json\/wp\/v2\/types\/post"}],"author":[{"embeddable":true,"href":"https:\/\/www.europesays.com\/fr\/wp-json\/wp\/v2\/users\/2"}],"replies":[{"embeddable":true,"href":"https:\/\/www.europesays.com\/fr\/wp-json\/wp\/v2\/comments?post=381902"}],"version-history":[{"count":0,"href":"https:\/\/www.europesays.com\/fr\/wp-json\/wp\/v2\/posts\/381902\/revisions"}],"wp:featuredmedia":[{"embeddable":true,"href":"https:\/\/www.europesays.com\/fr\/wp-json\/wp\/v2\/media\/381903"}],"wp:attachment":[{"href":"https:\/\/www.europesays.com\/fr\/wp-json\/wp\/v2\/media?parent=381902"}],"wp:term":[{"taxonomy":"category","embeddable":true,"href":"https:\/\/www.europesays.com\/fr\/wp-json\/wp\/v2\/categories?post=381902"},{"taxonomy":"post_tag","embeddable":true,"href":"https:\/\/www.europesays.com\/fr\/wp-json\/wp\/v2\/tags?post=381902"}],"curies":[{"name":"wp","href":"https:\/\/api.w.org\/{rel}","templated":true}]}}