{"id":381910,"date":"2025-09-11T04:46:19","date_gmt":"2025-09-11T04:46:19","guid":{"rendered":"https:\/\/www.europesays.com\/fr\/381910\/"},"modified":"2025-09-11T04:46:19","modified_gmt":"2025-09-11T04:46:19","slug":"us-open-juan-carlos-ferrero-coach-dalcaraz-devoile-le-plan-pour-battre-jannik-sinner-apres-la-defaite-de-carlos-en-finale-de-wimbledon-nous-nous-sommes-entraines-pendant-15-jours-pour-amelior","status":"publish","type":"post","link":"https:\/\/www.europesays.com\/fr\/381910\/","title":{"rendered":"US Open > Juan Carlos Ferrero, coach d&rsquo;Alcaraz, d\u00e9voile le plan pour battre Jannik Sinner : \u00ab\u00a0Apr\u00e8s la d\u00e9faite de Carlos en finale de Wimbledon, nous nous sommes entra\u00een\u00e9s pendant 15 jours pour am\u00e9liorer certains d\u00e9tails\u00a0\u00bb"},"content":{"rendered":"<p>S\u2019adressant pour le site de l\u2019ATP, Juan Carlos Ferrero a \u00e9t\u00e9 inter\u00adrog\u00e9 sur le plan de bataille de Carlos Alcaraz pour parvenir \u00e0 battre Jannik Sinner en finale de l\u2019US Open. Et fina\u00adle\u00adment, tout est parti d\u2019une d\u00e9faite, celle en finale de Wimbledon.\u00a0<\/p>\n<p><strong>\u00ab\u202fCette d\u00e9faite \u00e0 Wimbledon a \u00e9t\u00e9 tr\u00e8s impor\u00adtante\u00a0: nous nous sommes entra\u00een\u00e9s pendant\u00a015 jours\u00a0et avons \u00e9t\u00e9 tr\u00e8s concen\u00adtr\u00e9s sur les\u00a0d\u00e9tails\u00a0\u00e0 am\u00e9liorer pour affronter\u00a0Sinner. Nous savions que sur cette surface, le ciment, Jannik est toujours tr\u00e8s diffi\u00adcile \u00e0 affronter et qu\u2019il remporte beau\u00adcoup de matchs. Tout cela a \u00e9t\u00e9 tr\u00e8s utile\u202f; Carlos a compris qu\u2019il devait beau\u00adcoup progresser et s\u2019est imm\u00e9\u00addia\u00adte\u00adment mis au travail\u202f\u00bb<\/strong>, a d\u00e9clar\u00e9 l\u2019en\u00adtra\u00ee\u00adneur espa\u00adgnol avant d\u2019avo\u00adquer la rencontre. <strong>\u00ab\u202fLe match \u00e9tait parfait. Carlos s\u2019est engag\u00e9 \u00e0 tout donner, en mettant la pres\u00adsion sur Jannik avant que cela ne lui arrive. C\u2019est l\u2019une des cl\u00e9s. Ces deux joueurs frappent la balle tr\u00e8s, tr\u00e8s vite, donc je pense que celui qui frappe en premier a l\u2019avan\u00adtage. Carlos a peut\u2010\u00eatre plus de vari\u00e9t\u00e9 dans son tennis, il peut en tirer davan\u00adtage\u00a0: slices, mont\u00e9es au filet\u2026 \u00e7a contribue beau\u00adcoup \u00e0 changer la fa\u00e7on de\u00a0jouer.\u202f\u00bb<\/strong><\/p>\n<p class=\"post-published-date\" style=\"color: silver; font-size: 75%; text-align: left;\">Publi\u00e9 le mercredi 10 septembre 2025 \u00e0 17:37<\/p>\n","protected":false},"excerpt":{"rendered":"S\u2019adressant pour le site de l\u2019ATP, Juan Carlos Ferrero a \u00e9t\u00e9 inter\u00adrog\u00e9 sur le plan de bataille de&hellip;\n","protected":false},"author":2,"featured_media":381911,"comment_status":"","ping_status":"","sticky":false,"template":"","format":"standard","meta":{"footnotes":""},"categories":[1415],"tags":[1744,7275,1011,27,2127,60,1467],"class_list":{"0":"post-381910","1":"post","2":"type-post","3":"status-publish","4":"format-standard","5":"has-post-thumbnail","7":"category-tennis","8":"tag-alcaraz","9":"tag-ferrero","10":"tag-fr","11":"tag-france","12":"tag-sinner","13":"tag-sports","14":"tag-tennis"},"share_on_mastodon":{"url":"https:\/\/pubeurope.com\/@fr\/115183851089167733","error":""},"_links":{"self":[{"href":"https:\/\/www.europesays.com\/fr\/wp-json\/wp\/v2\/posts\/381910","targetHints":{"allow":["GET"]}}],"collection":[{"href":"https:\/\/www.europesays.com\/fr\/wp-json\/wp\/v2\/posts"}],"about":[{"href":"https:\/\/www.europesays.com\/fr\/wp-json\/wp\/v2\/types\/post"}],"author":[{"embeddable":true,"href":"https:\/\/www.europesays.com\/fr\/wp-json\/wp\/v2\/users\/2"}],"replies":[{"embeddable":true,"href":"https:\/\/www.europesays.com\/fr\/wp-json\/wp\/v2\/comments?post=381910"}],"version-history":[{"count":0,"href":"https:\/\/www.europesays.com\/fr\/wp-json\/wp\/v2\/posts\/381910\/revisions"}],"wp:featuredmedia":[{"embeddable":true,"href":"https:\/\/www.europesays.com\/fr\/wp-json\/wp\/v2\/media\/381911"}],"wp:attachment":[{"href":"https:\/\/www.europesays.com\/fr\/wp-json\/wp\/v2\/media?parent=381910"}],"wp:term":[{"taxonomy":"category","embeddable":true,"href":"https:\/\/www.europesays.com\/fr\/wp-json\/wp\/v2\/categories?post=381910"},{"taxonomy":"post_tag","embeddable":true,"href":"https:\/\/www.europesays.com\/fr\/wp-json\/wp\/v2\/tags?post=381910"}],"curies":[{"name":"wp","href":"https:\/\/api.w.org\/{rel}","templated":true}]}}