{"id":381912,"date":"2025-09-11T04:47:21","date_gmt":"2025-09-11T04:47:21","guid":{"rendered":"https:\/\/www.europesays.com\/fr\/381912\/"},"modified":"2025-09-11T04:47:21","modified_gmt":"2025-09-11T04:47:21","slug":"la-commission-de-gestion-de-la-ffbb-refuse-lintegration-de-tarbes-en-nf1","status":"publish","type":"post","link":"https:\/\/www.europesays.com\/fr\/381912\/","title":{"rendered":"La Commission de Gestion de la FFBB refuse l&rsquo;int\u00e9gration de Tarbes en NF1 !"},"content":{"rendered":"<p>Alors que le club <a href=\"https:\/\/www.bebasket.fr\/tarbes-va-bien-repartir-en-nf1-pour-la-saison-2025-2026\" target=\"_blank\" rel=\"noopener\">travaillait depuis trois semaines \u00ab main dans la main \u00bb avec la F\u00e9d\u00e9ration apr\u00e8s avoir accept\u00e9 de repartir en NF1 pour la saison 2025-2026<\/a> et ainsi \u00e9viter la condamnation \u00e0 une r\u00e9trogradation administrative en championnat r\u00e9gional prononc\u00e9e en premi\u00e8re instance en raison de sa situation financi\u00e8re, la Commission de Contr\u00f4le de Gestion (CCG) de la FFBB a annonc\u00e9 dans un <a href=\"https:\/\/www.ffbb.com\/actualites\/refus-dengagement-en-nf1-pour-tarbes-gb\" target=\"_blank\" rel=\"noopener\">communiqu\u00e9<\/a> son refus d\u2019engager le TGB en Nationale 1 F\u00e9minine la saison prochaine, d\u00e9cision prise le 5 septembre <a href=\"https:\/\/www.bebasket.fr\/tarbes-dechante-encore-et-pourrait-finalement-jouer-en-ligue-regionale\" target=\"_blank\" rel=\"noopener\">dont le club avait connaissance depuis le d\u00e9but de semaine<\/a>.<\/p>\n<p>LIRE AUSSI<\/p>\n<p><a href=\"https:\/\/www.bebasket.fr\/tarbes-dechante-encore-et-pourrait-finalement-jouer-en-ligue-regionale\" target=\"_blank\" rel=\"noopener\"> <img decoding=\"async\" class=\"page-infos-image\" src=\"https:\/\/www.europesays.com\/fr\/wp-content\/uploads\/2025\/09\/54440229901-9b865b2805-k-1f08c9e7-e7ec-68e0-9c65-cd551b84b20b.jpg\" alt=\"La Commission de Contr\u00f4le de Gestion de la FFBB a rejet\u00e9 la demande du club tarbais d'\u00e9voluer en Nationale F\u00e9minine 1.\"\/> <\/a><\/p>\n<p>Manquant encore de preuves d\u2019une solidit\u00e9 financi\u00e8re, la CCG de la F\u00e9d\u00e9ration a choisi de ne pas int\u00e9grer le club tarbais \u00e0 la prochaine saison de N1. Le TGB explique effectivement dans un <a href=\"https:\/\/www.tgb-basket.com\/2025\/09\/communique-officiel-du-8-septembre-2025\/?fbclid=Iwb21leAMrjK9jbGNrAyuMp2V4dG4DYWVtAjExAAEe3uAun7bugGULSyBDWcemib7FEaWIfz_eZVCz6Eb_mB2LbpOfG5m1221yjb8_aem_v3HIOUj9hflB8MS-seTvhA\" target=\"_blank\" rel=\"noopener\">communiqu\u00e9 lundi<\/a> \u00eatre \u00ab en attente \u00e0 ce jour d\u2019un certain nombre d\u2019engagements de la part de collectivit\u00e9s et partenaires priv\u00e9s, pour justifier du budget 2025-2026 \u00bb. Mais les dirigeants pr\u00e9cisent mettre \u00ab tout en \u0153uvre pour r\u00e9cup\u00e9rer ces derniers documents indispensables \u00e0 notre dossier dans les plus brefs d\u00e9lais \u00bb.<\/p>\n<p><strong>10 jours pour faire appel<\/strong><\/p>\n<p>Malgr\u00e9 cette nouvelle d\u00e9convenue, le club ne baisse pas les bras. Les dirigeants annoncent leur intention de faire appel et d\u2019exp\u00e9dier \u00ab dans les prochains jours les \u00e9l\u00e9ments compl\u00e9mentaires permettant ainsi un r\u00e9examen de sa situation \u00bb, restant confiants quant \u00e0 \u00ab la capacit\u00e9 des parties prenantes \u00e0 fournir les garanties n\u00e9cessaires dans le temps imparti \u00bb. Le club peut encore \u00ab interjeter appel devant la Chambre d\u2019Appel \u00e0 l\u2019encontre de la d\u00e9cision de la Commission de Contr\u00f4le de Gestion, dans un d\u00e9lai de 10 jours ouvrables \u00e0 compter de la date de r\u00e9ception de la d\u00e9cision \u00bb, pr\u00e9cise la F\u00e9d\u00e9ration dans son communiqu\u00e9.<\/p>\n<p>La r\u00e9trogradation en ligue r\u00e9gionale signifierait \u00e9galement la disparition du centre de formation du TGB, symbole de l\u2019excellence tarbaise en basketball f\u00e9minin. Avec la premi\u00e8re journ\u00e9e de Nationale F\u00e9minine 1 (NF1) programm\u00e9e le 20 septembre, le temps presse pour le club qui esp\u00e8re encore un \u00ab d\u00e9nouement favorable \u00bb.\u00a0<\/p>\n","protected":false},"excerpt":{"rendered":"Alors que le club travaillait depuis trois semaines \u00ab main dans la main \u00bb avec la F\u00e9d\u00e9ration apr\u00e8s&hellip;\n","protected":false},"author":2,"featured_media":381913,"comment_status":"","ping_status":"","sticky":false,"template":"","format":"standard","meta":{"footnotes":""},"categories":[1414],"tags":[1465,1464,1011,27,60],"class_list":{"0":"post-381912","1":"post","2":"type-post","3":"status-publish","4":"format-standard","5":"has-post-thumbnail","7":"category-basket","8":"tag-basket","9":"tag-basketball","10":"tag-fr","11":"tag-france","12":"tag-sports"},"share_on_mastodon":{"url":"https:\/\/pubeurope.com\/@fr\/115183855350670390","error":""},"_links":{"self":[{"href":"https:\/\/www.europesays.com\/fr\/wp-json\/wp\/v2\/posts\/381912","targetHints":{"allow":["GET"]}}],"collection":[{"href":"https:\/\/www.europesays.com\/fr\/wp-json\/wp\/v2\/posts"}],"about":[{"href":"https:\/\/www.europesays.com\/fr\/wp-json\/wp\/v2\/types\/post"}],"author":[{"embeddable":true,"href":"https:\/\/www.europesays.com\/fr\/wp-json\/wp\/v2\/users\/2"}],"replies":[{"embeddable":true,"href":"https:\/\/www.europesays.com\/fr\/wp-json\/wp\/v2\/comments?post=381912"}],"version-history":[{"count":0,"href":"https:\/\/www.europesays.com\/fr\/wp-json\/wp\/v2\/posts\/381912\/revisions"}],"wp:featuredmedia":[{"embeddable":true,"href":"https:\/\/www.europesays.com\/fr\/wp-json\/wp\/v2\/media\/381913"}],"wp:attachment":[{"href":"https:\/\/www.europesays.com\/fr\/wp-json\/wp\/v2\/media?parent=381912"}],"wp:term":[{"taxonomy":"category","embeddable":true,"href":"https:\/\/www.europesays.com\/fr\/wp-json\/wp\/v2\/categories?post=381912"},{"taxonomy":"post_tag","embeddable":true,"href":"https:\/\/www.europesays.com\/fr\/wp-json\/wp\/v2\/tags?post=381912"}],"curies":[{"name":"wp","href":"https:\/\/api.w.org\/{rel}","templated":true}]}}