{"id":381914,"date":"2025-09-11T04:48:16","date_gmt":"2025-09-11T04:48:16","guid":{"rendered":"https:\/\/www.europesays.com\/fr\/381914\/"},"modified":"2025-09-11T04:48:16","modified_gmt":"2025-09-11T04:48:16","slug":"ktm-se-rejouit-de-retrouver-lancien-brad-binder","status":"publish","type":"post","link":"https:\/\/www.europesays.com\/fr\/381914\/","title":{"rendered":"KTM se r\u00e9jouit de retrouver \u00ab\u00a0l&rsquo;ancien\u00a0\u00bb Brad Binder"},"content":{"rendered":"<p><a href=\"https:\/\/fr.motorsport.com\/driver\/brad-binder\/109383\/\" target=\"_blank\" rel=\"noopener nofollow\">Brad Binder<\/a> est-il sur la bonne voie\u00a0? \u00c0 la peine en d\u00e9but de saison, le Sud-Africain a encha\u00een\u00e9 des performances encourageantes avec quatre arriv\u00e9es cons\u00e9cutives parmi les huit premiers entre le Sachsenring et le Balaton Park. La s\u00e9rie a pris fin apr\u00e8s une chute en course principale \u00e0 Barcelone, mais les signaux restaient prometteurs jusque-l\u00e0.<\/p>\n<p>En Catalogne, Binder s&rsquo;est qualifi\u00e9 directement pour la Q2, pour la cinqui\u00e8me fois de l&rsquo;ann\u00e9e seulement, et il a lutt\u00e9 avec <a href=\"https:\/\/fr.motorsport.com\/driver\/pedro-acosta\/840236\/\" target=\"_blank\" rel=\"noopener nofollow\">Pedro Acosta<\/a> et <a href=\"https:\/\/fr.motorsport.com\/driver\/enea-bastianini\/109398\/\" target=\"_blank\" rel=\"noopener nofollow\">Enea Bastianini<\/a> durant tout le sprint, pour voir l&rsquo;arriv\u00e9e derri\u00e8re eux. Aux yeux des dirigeants de KTM, ces performances sont le signe d&rsquo;un renouveau\u00a0: Binder renoue avec des sensations disparues depuis plus d&rsquo;un an et profite des \u00e9volutions apparues sur la moto au Red Bull Ring.<\/p>\n<p>\u00ab\u00a0Nous commen\u00e7ons \u00e0 pr\u00e9sent \u00e0 revoir l&rsquo;ancien Brad\u00a0\u00bb, confiait Sebastian Risse, directeur technique de KTM, dans une interview donn\u00e9e au site officiel du MotoGP avant le week-end. \u00ab\u00a0L&rsquo;ann\u00e9e derni\u00e8re, nous avons eu une nouvelle g\u00e9n\u00e9ration de pneus arri\u00e8re. L&rsquo;avant n&rsquo;\u00e9tait plus solide, or dans son style de pilotage il se reposait \u00e9norm\u00e9ment dessus. Quand \u00e7a n&rsquo;est plus l\u00e0, il vous faut compl\u00e8tement se r\u00e9inventer.\u00a0\u00bb<\/p>\n<p>\u00ab\u00a0C&rsquo;est quelque chose que nous avons d\u00fb apprendre tous ensemble, mais je pense qu&rsquo;il y a aussi eu une r\u00e9ponse technique. Les derni\u00e8res mises \u00e0 jour \u00e0 Spielberg ont sembl\u00e9 faire une grande diff\u00e9rence pour lui en particulier. Il peut donc revenir \u00e0 ses anciens points forts, il n&rsquo;a pas eu besoin de se r\u00e9inventer autant qu&rsquo;il le pensait.\u00a0\u00bb<\/p>\n<p>   <img decoding=\"async\" draggable=\"false\" src=\"https:\/\/www.europesays.com\/fr\/wp-content\/uploads\/2025\/09\/1757566095_406_brad-binder-red-bull-ktm-facto.jpg\" alt=\"Brad Binder, Red Bull KTM Factory Racing\" width=\"1200\" height=\"800\" loading=\"lazy\"\/> <\/p>\n<p class=\"title\">Brad Binder<\/p>\n<p class=\"photographer\">Photo de: KTM Images<\/p>\n<p>Pour Aki Ajo, les explications techniques sont justifi\u00e9es mais l&rsquo;essentiel est surtout dans la t\u00eate de son pilote. \u00ab\u00a0Comme je le dis toujours, c&rsquo;est un processus\u00a0\u00bb, a expliqu\u00e9 le patron de l&rsquo;\u00e9quipe officielle. \u00ab\u00a0Je dirais que Brad trouve la voie depuis trois ou quatre courses. OK, il a parl\u00e9 de confiance sur l&rsquo;avant, ou quoi que ce soit d&rsquo;autre, mais je pense que c&rsquo;est la confiance mentale qui [revient] enfin. Il est dans un bien meilleur \u00e9tat d&rsquo;esprit maintenant.\u00a0\u00bb<\/p>\n<p>\u00ab\u00a0Parfois, le dernier d\u00e9clic arrive et \u00e7a lib\u00e8re l&rsquo;esprit, on a cette confiance\u00a0\u00bb, a ajout\u00e9 Ajo. \u00ab\u00a0Rien de sp\u00e9cial, juste un travail normal et dans le cas de Brad, on a travaill\u00e9 depuis longtemps sur sa constance.\u00a0\u00bb<\/p>\n<p>Des signaux positifs en Catalogne<\/p>\n<p>Vendredi \u00e0 Barcelone, Brad Binder a sign\u00e9 le meilleur temps, alors qu&rsquo;il n&rsquo;avait jamais fait mieux que cinqui\u00e8me en Essais cette ann\u00e9e, mais il a aussi cherch\u00e9 \u00e0 mieux pr\u00e9parer ses relais longs en vue de la course. Il a eu l&rsquo;impression de progresser dans son approche.<\/p>\n<p>\u00ab\u00a0Mon objectif \u00e9tait d&rsquo;\u00eatre aussi r\u00e9gulier que possible\u00a0\u00bb, expliquait-il vendredi soir. \u00ab\u00a0De trouver toutes mes marques, d&rsquo;\u00eatre pr\u00eat \u00e0 utiliser les pneus directement. J&rsquo;ai remarqu\u00e9 ces derniers temps que je ne travaillais pas de la meilleure des mani\u00e8res, que, quand je chaussais les pneus, je ne savais jamais vraiment comment attaquer pour signer des bons temps. Donc c&rsquo;\u00e9tait mon objectif.\u00a0\u00bb<\/p>\n<p>   <img decoding=\"async\" draggable=\"false\" src=\"https:\/\/www.europesays.com\/fr\/wp-content\/uploads\/2025\/09\/1757566096_852_brad-binder-red-bull-ktm-facto.jpg\" alt=\"Brad Binder, Red Bull KTM Factory Racing\" width=\"1200\" height=\"800\" loading=\"lazy\"\/> <\/p>\n<p class=\"title\">Brad Binder<\/p>\n<p class=\"photographer\">Photo de: Gold and Goose Photography \/ LAT Images \/ via Getty Images<\/p>\n<p>Binder n&rsquo;a pas pu confirmer dimanche, en raison d&rsquo;un souci technique au d\u00e9part puis d&rsquo;une chute, mais il en faudra plus pour entamer sa confiance retrouv\u00e9e\u00a0: \u00ab\u00a0Au d\u00e9part, \u00e7a n&rsquo;a pas du tout mordu. J&rsquo;\u00e9tais \u00e0 fond, mais la puissance n&rsquo;est pas venue. En passant le deuxi\u00e8me rapport, la puissance est venue. Je me suis retrouv\u00e9 hors de la trajectoire, j&rsquo;ai \u00e9t\u00e9 doubl\u00e9 au premier virage. Apr\u00e8s, j&rsquo;attaquais, j&rsquo;essayais de remonter et de revenir, tout fonctionnait vraiment, sinc\u00e8rement. La moto \u00e9tait incroyable.\u00a0\u00bb<\/p>\n<p>\u00ab\u00a0Malheureusement, au freinage du virage 7, je pense que j&rsquo;ai peut-\u00eatre touch\u00e9 la ligne blanche et \u00e7a a suffi \u00e0 me faire perdre l&rsquo;avant. C&rsquo;est un peu dommage parce que je me sentais vraiment, vraiment bien. Dans l&rsquo;ensemble, je pense qu&rsquo;il faut retenir le positif ce week-end. Quand on fait un week-end normal, on peut redevenir bons.\u00a0\u00bb<\/p>\n<p style=\"text-align: right;\">Avec L\u00e9na Buffa et T\u00e9ha Courbon<\/p>\n<p>Lire aussi :<\/p>\n<p>Dans cet article<\/p>\n<p>Soyez le premier inform\u00e9 et souscrivez aux alertes mails pour recevoir les infos en temps r\u00e9el<\/p>\n<p>    S&rsquo;abonner aux alertes de news<\/p>\n","protected":false},"excerpt":{"rendered":"Brad Binder est-il sur la bonne voie\u00a0? \u00c0 la peine en d\u00e9but de saison, le Sud-Africain a encha\u00een\u00e9&hellip;\n","protected":false},"author":2,"featured_media":381915,"comment_status":"","ping_status":"","sticky":false,"template":"","format":"standard","meta":{"footnotes":""},"categories":[1413],"tags":[3376,25466,1011,27,48377,51510,1457,1456,1458,3068,60],"class_list":{"0":"post-381914","1":"post","2":"type-post","3":"status-publish","4":"format-standard","5":"has-post-thumbnail","7":"category-moto","8":"tag-brad-binder","9":"tag-circuit-de-barcelona-catalunya","10":"tag-fr","11":"tag-france","12":"tag-gp-de-catalogne","13":"tag-ktm-se-ru00e9jouit-de-retrouver-lancien-brad-binder","14":"tag-moto","15":"tag-motocycle","16":"tag-motogp","17":"tag-red-bull-ktm-factory-racing","18":"tag-sports"},"share_on_mastodon":{"url":"https:\/\/pubeurope.com\/@fr\/115183858787506355","error":""},"_links":{"self":[{"href":"https:\/\/www.europesays.com\/fr\/wp-json\/wp\/v2\/posts\/381914","targetHints":{"allow":["GET"]}}],"collection":[{"href":"https:\/\/www.europesays.com\/fr\/wp-json\/wp\/v2\/posts"}],"about":[{"href":"https:\/\/www.europesays.com\/fr\/wp-json\/wp\/v2\/types\/post"}],"author":[{"embeddable":true,"href":"https:\/\/www.europesays.com\/fr\/wp-json\/wp\/v2\/users\/2"}],"replies":[{"embeddable":true,"href":"https:\/\/www.europesays.com\/fr\/wp-json\/wp\/v2\/comments?post=381914"}],"version-history":[{"count":0,"href":"https:\/\/www.europesays.com\/fr\/wp-json\/wp\/v2\/posts\/381914\/revisions"}],"wp:featuredmedia":[{"embeddable":true,"href":"https:\/\/www.europesays.com\/fr\/wp-json\/wp\/v2\/media\/381915"}],"wp:attachment":[{"href":"https:\/\/www.europesays.com\/fr\/wp-json\/wp\/v2\/media?parent=381914"}],"wp:term":[{"taxonomy":"category","embeddable":true,"href":"https:\/\/www.europesays.com\/fr\/wp-json\/wp\/v2\/categories?post=381914"},{"taxonomy":"post_tag","embeddable":true,"href":"https:\/\/www.europesays.com\/fr\/wp-json\/wp\/v2\/tags?post=381914"}],"curies":[{"name":"wp","href":"https:\/\/api.w.org\/{rel}","templated":true}]}}