{"id":381916,"date":"2025-09-11T04:49:15","date_gmt":"2025-09-11T04:49:15","guid":{"rendered":"https:\/\/www.europesays.com\/fr\/381916\/"},"modified":"2025-09-11T04:49:15","modified_gmt":"2025-09-11T04:49:15","slug":"je-ne-voulais-que-lom-cest-officiel-il-sannonce-a-marseille","status":"publish","type":"post","link":"https:\/\/www.europesays.com\/fr\/381916\/","title":{"rendered":"\u00abJe ne voulais que l\u2019OM\u00bb : C&rsquo;est officiel, il s&rsquo;annonce \u00e0 Marseille !"},"content":{"rendered":"<p>                    Arthur Montagne<br \/>\n                        &#8211;<\/p>\n<p>Journaliste<\/p>\n<p>Affam\u00e9 de sport, il a grandi au son des moteurs de Formule 1 et des exploits de Ronaldinho. Aujourd\u2019hui, diplom\u00e9 d&rsquo;un Master de journalisme de sport, il ne rate plus un Grand Prix de F1 ni un match du PSG, ses deux passions et sp\u00e9cialit\u00e9s<\/p>\n<p class=\"heading\">Attendu depuis quelques jours, Benjamin Pavard est arriv\u00e9 \u00e0 Marseille ce mercredi. Pr\u00eat\u00e9 \u00e0 l&rsquo;OM par l&rsquo;Inter Milan, l&rsquo;international fran\u00e7ais a d&rsquo;ailleurs livr\u00e9 ses premiers mots en tant que joueur du club phoc\u00e9en. Et il en a profit\u00e9 pour assurer qu&rsquo;il a rapidement \u00e9t\u00e9 convaincu par le projet marseillais qu&rsquo;il souhaitait absolument rejoindre.<\/p>\n<p>Quelques jours apr\u00e8s l&rsquo;officialisation de son pr\u00eat avec option d&rsquo;achat, <strong>Benjamin Pavard<\/strong> est arriv\u00e9 \u00e0 Marseille apr\u00e8s la tr\u00eave internationale. Et le Champion du monde 2018 assure qu&rsquo;il n&rsquo;a jamais pens\u00e9 \u00e0 rejoindre un autre club que l&rsquo;<strong>OM<\/strong>.<\/p>\n<p>                                            Les premiers mots de Pavard<\/p>\n<p>\u00ab Je suis tr\u00e8s fier de rejoindre l\u2019Olympique de Marseille, un club aussi prestigieux. J\u2019ai h\u00e2te d\u2019\u00eatre d\u00e9j\u00e0 au V\u00e9lodrome vendredi et de sentir la ferveur des supporters (\u2026) Je veux vivre de belles \u00e9motions ici. Je sais que j\u2019ai d\u00e9j\u00e0 jou\u00e9 avec Lille au V\u00e9lodrome. C\u2019\u00e9tait une ambiance incroyable. J\u2019ai h\u00e2te de d\u00e9buter vendredi et je suis impatient de vivre des grands moments avec l\u2019OM \u00bb, lance-t-il dans des propos recueillis par BFM avant d&rsquo;en rajouter une couche.<\/p>\n<p>                                            \u00abPour moi, il n\u2019y avait que l\u2019OM dans ma t\u00eate\u00bb<\/p>\n<p>\u00ab Pour moi, il n\u2019y avait que l\u2019OM dans ma t\u00eate. Je ne voulais que l\u2019OM. Avec Medhi (Benatia), on a eu une bonne discussion. Il fait du bon boulot ici depuis deux ans. Je suis heureux de rejoindre le groupe. Il y a un groupe de qualit\u00e9. J\u2019esp\u00e8re qu\u2019on va faire de belles choses tous ensemble (&#8230;) Je veux d\u00e9j\u00e0 performer collectivement. Il y a un match important \u00e0 gagner vendredi. Ensuite, on aura le temps de se projeter sur la Ligue des Champions \u00bb, ajoute <strong>Benjamin Pavard<\/strong>.<\/p>\n","protected":false},"excerpt":{"rendered":"Arthur Montagne &#8211; Journaliste Affam\u00e9 de sport, il a grandi au son des moteurs de Formule 1 et&hellip;\n","protected":false},"author":2,"featured_media":381917,"comment_status":"","ping_status":"","sticky":false,"template":"","format":"standard","meta":{"footnotes":""},"categories":[1412],"tags":[1451,1452,1453,1454,1455,1011,27,60],"class_list":{"0":"post-381916","1":"post","2":"type-post","3":"status-publish","4":"format-standard","5":"has-post-thumbnail","7":"category-f1","8":"tag-f1","9":"tag-formula-1","10":"tag-formula1","11":"tag-formule-1","12":"tag-formule1","13":"tag-fr","14":"tag-france","15":"tag-sports"},"share_on_mastodon":{"url":"https:\/\/pubeurope.com\/@fr\/115183862716922450","error":""},"_links":{"self":[{"href":"https:\/\/www.europesays.com\/fr\/wp-json\/wp\/v2\/posts\/381916","targetHints":{"allow":["GET"]}}],"collection":[{"href":"https:\/\/www.europesays.com\/fr\/wp-json\/wp\/v2\/posts"}],"about":[{"href":"https:\/\/www.europesays.com\/fr\/wp-json\/wp\/v2\/types\/post"}],"author":[{"embeddable":true,"href":"https:\/\/www.europesays.com\/fr\/wp-json\/wp\/v2\/users\/2"}],"replies":[{"embeddable":true,"href":"https:\/\/www.europesays.com\/fr\/wp-json\/wp\/v2\/comments?post=381916"}],"version-history":[{"count":0,"href":"https:\/\/www.europesays.com\/fr\/wp-json\/wp\/v2\/posts\/381916\/revisions"}],"wp:featuredmedia":[{"embeddable":true,"href":"https:\/\/www.europesays.com\/fr\/wp-json\/wp\/v2\/media\/381917"}],"wp:attachment":[{"href":"https:\/\/www.europesays.com\/fr\/wp-json\/wp\/v2\/media?parent=381916"}],"wp:term":[{"taxonomy":"category","embeddable":true,"href":"https:\/\/www.europesays.com\/fr\/wp-json\/wp\/v2\/categories?post=381916"},{"taxonomy":"post_tag","embeddable":true,"href":"https:\/\/www.europesays.com\/fr\/wp-json\/wp\/v2\/tags?post=381916"}],"curies":[{"name":"wp","href":"https:\/\/api.w.org\/{rel}","templated":true}]}}