{"id":38192,"date":"2025-04-20T06:18:14","date_gmt":"2025-04-20T06:18:14","guid":{"rendered":"https:\/\/www.europesays.com\/fr\/38192\/"},"modified":"2025-04-20T06:18:14","modified_gmt":"2025-04-20T06:18:14","slug":"la-rdc-et-les-etats-unis-negocient-un-futur-accord-minier","status":"publish","type":"post","link":"https:\/\/www.europesays.com\/fr\/38192\/","title":{"rendered":"La RDC et les \u00c9tats-Unis n\u00e9gocient un futur accord minier"},"content":{"rendered":"<p>Un accord minier entre la RDC et les \u00c9tats-Unis est actuellement en n\u00e9gociation. Il ne s&rsquo;agit pas encore d\u2019un contrat sign\u00e9, mais d\u2019un cadre en discussion, destin\u00e9 \u00e0 attirer davantage d\u2019investissements am\u00e9ricains dans le secteur minier congolais. Ce projet s\u2019inscrit, selon l\u2019administration Trump, dans sa strat\u00e9gie \u00e9conomique pour le continent africain. Mais comment cette initiative est-elle concr\u00e8tement per\u00e7ue du point de vue am\u00e9ricain ?<\/p>\n<p>L\u2019objectif de ce deal entre la <a href=\"https:\/\/www.rfi.fr\/fr\/tag\/rdc\/\" rel=\"nofollow noopener\" target=\"_blank\" data-ylk=\"slk:RDC;elm:context_link;itc:0;sec:content-canvas\" class=\"link \"><strong>RDC<\/strong><\/a> et les <a href=\"https:\/\/www.rfi.fr\/fr\/tag\/\u00e9tats-unis\/\" rel=\"nofollow noopener\" target=\"_blank\" data-ylk=\"slk:\u00c9tats-Unis;elm:context_link;itc:0;sec:content-canvas\" class=\"link \"><strong>\u00c9tats-Unis<\/strong><\/a>, est de permettre \u00e0 des entreprises am\u00e9ricaines d\u2019investir dans<a href=\"https:\/\/www.rfi.fr\/fr\/podcasts\/afrique-\u00e9conomie\/20230830-rdc-entre-pollution-et-essor-\u00e9conomique-le-paradoxe-de-l-exploitation-des-ressources-mini\u00e8res\" rel=\"nofollow noopener\" target=\"_blank\" data-ylk=\"slk:l\u2019exploitation mini\u00e8re congolaise;elm:context_link;itc:0;sec:content-canvas\" class=\"link \"><strong>l\u2019exploitation mini\u00e8re congolaise<\/strong><\/a>, mais aussi dans les infrastructures n\u00e9cessaires, comme les routes, chemins de fer, barrages et l&rsquo;\u00e9nergie.<\/p>\n<p>Le gouvernement am\u00e9ricain ne g\u00e8re pas directement les mines, mais facilite les investissements via des institutions comme la DFC ou la banque EXIM. Les \u00c9tats-Unis insistent sur un partenariat \u00ab gagnant-gagnant \u00bb, respectueux des lois locales et internationales, notamment en mati\u00e8re d\u2019environnement, de travail et de lutte contre la corruption.<\/p>\n<p>La Chine bien implant\u00e9e en RDC<\/p>\n<p><a href=\"https:\/\/www.rfi.fr\/fr\/afrique\/20250420-rdc-usa-kinshasa-et-washington-n%C3%A9gocient-un-futur-accord-minier\" rel=\"nofollow noopener\" target=\"_blank\" data-ylk=\"slk:Lire la suite sur RFI;elm:context_link;itc:0;sec:content-canvas\" class=\"link \">Lire la suite sur RFI<\/a><\/p>\n","protected":false},"excerpt":{"rendered":"Un accord minier entre la RDC et les \u00c9tats-Unis est actuellement en n\u00e9gociation. Il ne s&rsquo;agit pas encore&hellip;\n","protected":false},"author":2,"featured_media":38193,"comment_status":"","ping_status":"","sticky":false,"template":"","format":"standard","meta":{"footnotes":""},"categories":[1589],"tags":[11,73,1866,12064,12,12065,1864,1865,1863,308],"class_list":{"0":"post-38192","1":"post","2":"type-post","3":"status-publish","4":"format-standard","5":"has-post-thumbnail","7":"category-etats-unis","8":"tag-actualites","9":"tag-etats-unis","10":"tag-etats-unis-damerique","11":"tag-lutte-contre-la-corruption","12":"tag-news","13":"tag-secteur-minier","14":"tag-united-states","15":"tag-united-states-of-america","16":"tag-us","17":"tag-usa"},"share_on_mastodon":{"url":"https:\/\/pubeurope.com\/@fr\/114368839875652215","error":""},"_links":{"self":[{"href":"https:\/\/www.europesays.com\/fr\/wp-json\/wp\/v2\/posts\/38192","targetHints":{"allow":["GET"]}}],"collection":[{"href":"https:\/\/www.europesays.com\/fr\/wp-json\/wp\/v2\/posts"}],"about":[{"href":"https:\/\/www.europesays.com\/fr\/wp-json\/wp\/v2\/types\/post"}],"author":[{"embeddable":true,"href":"https:\/\/www.europesays.com\/fr\/wp-json\/wp\/v2\/users\/2"}],"replies":[{"embeddable":true,"href":"https:\/\/www.europesays.com\/fr\/wp-json\/wp\/v2\/comments?post=38192"}],"version-history":[{"count":0,"href":"https:\/\/www.europesays.com\/fr\/wp-json\/wp\/v2\/posts\/38192\/revisions"}],"wp:featuredmedia":[{"embeddable":true,"href":"https:\/\/www.europesays.com\/fr\/wp-json\/wp\/v2\/media\/38193"}],"wp:attachment":[{"href":"https:\/\/www.europesays.com\/fr\/wp-json\/wp\/v2\/media?parent=38192"}],"wp:term":[{"taxonomy":"category","embeddable":true,"href":"https:\/\/www.europesays.com\/fr\/wp-json\/wp\/v2\/categories?post=38192"},{"taxonomy":"post_tag","embeddable":true,"href":"https:\/\/www.europesays.com\/fr\/wp-json\/wp\/v2\/tags?post=38192"}],"curies":[{"name":"wp","href":"https:\/\/api.w.org\/{rel}","templated":true}]}}