{"id":381922,"date":"2025-09-11T04:52:17","date_gmt":"2025-09-11T04:52:17","guid":{"rendered":"https:\/\/www.europesays.com\/fr\/381922\/"},"modified":"2025-09-11T04:52:17","modified_gmt":"2025-09-11T04:52:17","slug":"pour-linstant-ce-quon-me-propose-ne-minteresse-pas","status":"publish","type":"post","link":"https:\/\/www.europesays.com\/fr\/381922\/","title":{"rendered":"\u00abPour l\u2019instant, ce qu\u2019on me propose ne m\u2019int\u00e9resse pas\u00bb"},"content":{"rendered":"<p>                                    <img decoding=\"async\" src=\"https:\/\/www.europesays.com\/fr\/wp-content\/uploads\/2025\/09\/4836794b55aa7404612e945301faa4dc688fff25dc6fbb870361a9b8217f11e5.jpg\" alt=\"Festival de Deauville 2025\u00a0: l'interview de Philippine Leroy-Beaulieu\" class=\"a11y-hidden\" fetchpriority=\"high\"\/><\/p>\n<p>Membre du jury de la 51e \u00e9dition du Festival de Deauville, l\u2019actrice fran\u00e7aise s\u2019est pr\u00eat\u00e9e au jeu des questions-r\u00e9ponses pour Madame Figaro, en ce d\u00e9but septembre. Et d\u2019\u00e9voquer l\u2019avenir apr\u00e8s son personnage de Sylvie dans Emily in Paris.<\/p>\n<p class=\"fig-paragraph\">Alors que la 51e \u00e9dition du\u00a0<a href=\"http:\/\/madame.lefigaro.fr\/beaute\/cheveux\/audrey-pulvar-foule-le-tapis-rouge-du-festival-du-film-de-deauville-avec-sa-coupe-afro-naturelle-20240916\" data-fig-type=\"Article\" data-gtm-custom-categorie=\"navigation\" data-gtm-custom-action=\"crossclick\" data-gtm-custom-label=\"Contextuel\" data-gtm-event=\"customEventSPE\" data-fig-domain=\"MADAME\" target=\"_blank\" rel=\"noopener\">Festival du film am\u00e9ricain de Deauville<\/a>\u00a0bat son plein,\u00a0<a href=\"http:\/\/madame.lefigaro.fr\/beaute\/philippine-leroy-beaulieu-le-regard-des-autres-je-n-en-ai-plus-rien-a-faire-20250520\" data-fig-type=\"Article\" data-gtm-custom-categorie=\"navigation\" data-gtm-custom-action=\"crossclick\" data-gtm-custom-label=\"Contextuel\" data-gtm-event=\"customEventSPE\" data-fig-domain=\"MADAME\" target=\"_blank\" rel=\"noopener\">Philippine Leroy-Beaulieu<\/a>\u00a0a lib\u00e9r\u00e9 quelques minutes dans son agenda charg\u00e9 de membre du jury pour r\u00e9pondre aux questions de Madame Figaro. L\u2019actrice fran\u00e7aise est notamment revenue sur le Talent Award d\u00e9cern\u00e9 \u00e0 l\u2019ic\u00f4ne hollywoodienne\u00a0<a href=\"http:\/\/madame.lefigaro.fr\/celebrites\/actu-people\/il-n-y-a-pas-de-jeux-stupides-lors-de-son-discours-de-remerciement-a-deauville-pamela-anderson-dement-les-rumeurs-de-romance-avec-liam-neeson-20250906\" data-fig-type=\"Article\" data-gtm-custom-categorie=\"navigation\" data-gtm-custom-action=\"crossclick\" data-gtm-custom-label=\"Contextuel\" data-gtm-event=\"customEventSPE\" data-fig-domain=\"MADAME\" target=\"_blank\" rel=\"noopener\">Pamela Anderson<\/a>\u00a0lors de la c\u00e9r\u00e9monie d\u2019ouverture. \u00abElle ne regrette rien et elle assume enti\u00e8rement son parcours de vie\u00a0: qui elle \u00e9tait, qui elle est, tr\u00e8s offerte et tr\u00e8s retenue en m\u00eame temps. C\u2019est un challenge. C\u2019est toujours un paradoxe pour les actrices\u00bb, analyse-t-elle.<\/p>\n<p>\u00abLa vie m\u2019a fait un cadeau incroyable\u00bb<\/p>\n<p class=\"fig-paragraph\">L\u2019occasion d\u2019\u00e9voquer les injonctions faites aux femmes dans le milieu du cin\u00e9ma et, surtout, la fa\u00e7on de s\u2019en d\u00e9faire. \u00abJ\u2019ai tendance \u00e0 me dire que je fais \u00e0 peu pr\u00e8s ce que je veux\u00bb, explique-t-elle. \u00abElle (Pamela Anderson, NDLR.) a d\u00e9cid\u00e9 de ne plus se maquiller, moi j\u2019aime bien me maquiller.\u00bb Et de conseiller \u00abde ne pas faire trop attention \u00e0 ce que le monde pense de vous,\u00a0<a href=\"http:\/\/madame.lefigaro.fr\/beaute\/la-superbe-des-quinquas-20250830\" data-fig-type=\"Article\" data-gtm-custom-categorie=\"navigation\" data-gtm-custom-action=\"crossclick\" data-gtm-custom-label=\"Contextuel\" data-gtm-event=\"customEventSPE\" data-fig-domain=\"MADAME\" target=\"_blank\" rel=\"noopener\">ne pas chercher \u00e0 plaire \u00e0 tout prix<\/a>\u00bb.<\/p>\n<p class=\"fig-body-link&#10;    \">\n            \u00c0 lire aussi<br \/>\n        <a class=\"fig-body-link__link\" href=\"http:\/\/madame.lefigaro.fr\/celebrites\/culture\/philippine-leroy-beaulieu-on-me-disait-alors-on-ne-pense-plus-a-toi-je-repondais-je-m-en-fous-20241008\" data-fig-type=\"Article\" data-gtm-custom-categorie=\"navigation\" data-gtm-custom-action=\"crossclick\" data-gtm-custom-label=\"Contextuel\" data-gtm-event=\"customEventSPE\" data-fig-domain=\"MADAME\" target=\"_blank\" rel=\"noopener\">Philippine Leroy-Beaulieu\u00a0: \u00abOn me disait \u201calors, on ne pense plus \u00e0 toi\u00a0?\u201d, je r\u00e9pondais \u201cje m&rsquo;en fous\u201d\u00bb<\/a>\n<\/p>\n<p>                                    <a class=\"fig-a11y-skip a11y-hidden\" href=\"#fig-a11y-skip-main-inarticle\"><br \/>\n        Passer la publicit\u00e9<br \/>\n    <\/a><\/p>\n<p class=\"fig-paragraph\">L\u2019interview ne pouvait se clore sans aborder le r\u00f4le culte camp\u00e9 par l\u2019actrice de 62 ans dans\u00a0<a href=\"http:\/\/madame.lefigaro.fr\/style\/news\/la-premiere-image-de-brigitte-macron-interpretant-son-propre-role-dans-la-serie-emily-in-paris-20240910\" data-fig-type=\"Article\" data-gtm-custom-categorie=\"navigation\" data-gtm-custom-action=\"crossclick\" data-gtm-custom-label=\"Contextuel\" data-gtm-event=\"customEventSPE\" data-fig-domain=\"MADAME\" target=\"_blank\" rel=\"noopener\">Emily in Paris<\/a>, la s\u00e9rie \u00e0 succ\u00e8s de Netflix dont la cinqui\u00e8me saison sera disponible en d\u00e9cembre prochain. \u00abLa vie m\u2019a fait un cadeau incroyable depuis quelques ann\u00e9es. Je me suis beaucoup amus\u00e9e avec le personnage de Sylvie cette saison, donc je suis tr\u00e8s heureuse\u00bb, reconna\u00eet-elle, avant de nuancer. \u00abMalheureusement pour l\u2019instant, ce qu\u2019on me propose ne m\u2019int\u00e9resse pas. Ce sont des redites de Sylvie que je n\u2019ai pas envie de jouer\u00bb. \u00c0 bon entendeur&#8230;<\/p>\n","protected":false},"excerpt":{"rendered":"Membre du jury de la 51e \u00e9dition du Festival de Deauville, l\u2019actrice fran\u00e7aise s\u2019est pr\u00eat\u00e9e au jeu des&hellip;\n","protected":false},"author":2,"featured_media":381923,"comment_status":"","ping_status":"","sticky":false,"template":"","format":"standard","meta":{"footnotes":""},"categories":[1359],"tags":[650,23205,58,59,1011,27,2173,973],"class_list":{"0":"post-381922","1":"post","2":"type-post","3":"status-publish","4":"format-standard","5":"has-post-thumbnail","7":"category-people","8":"tag-cinema","9":"tag-deauville","10":"tag-divertissement","11":"tag-entertainment","12":"tag-fr","13":"tag-france","14":"tag-interview","15":"tag-people"},"share_on_mastodon":{"url":"https:\/\/pubeurope.com\/@fr\/115183874570404747","error":""},"_links":{"self":[{"href":"https:\/\/www.europesays.com\/fr\/wp-json\/wp\/v2\/posts\/381922","targetHints":{"allow":["GET"]}}],"collection":[{"href":"https:\/\/www.europesays.com\/fr\/wp-json\/wp\/v2\/posts"}],"about":[{"href":"https:\/\/www.europesays.com\/fr\/wp-json\/wp\/v2\/types\/post"}],"author":[{"embeddable":true,"href":"https:\/\/www.europesays.com\/fr\/wp-json\/wp\/v2\/users\/2"}],"replies":[{"embeddable":true,"href":"https:\/\/www.europesays.com\/fr\/wp-json\/wp\/v2\/comments?post=381922"}],"version-history":[{"count":0,"href":"https:\/\/www.europesays.com\/fr\/wp-json\/wp\/v2\/posts\/381922\/revisions"}],"wp:featuredmedia":[{"embeddable":true,"href":"https:\/\/www.europesays.com\/fr\/wp-json\/wp\/v2\/media\/381923"}],"wp:attachment":[{"href":"https:\/\/www.europesays.com\/fr\/wp-json\/wp\/v2\/media?parent=381922"}],"wp:term":[{"taxonomy":"category","embeddable":true,"href":"https:\/\/www.europesays.com\/fr\/wp-json\/wp\/v2\/categories?post=381922"},{"taxonomy":"post_tag","embeddable":true,"href":"https:\/\/www.europesays.com\/fr\/wp-json\/wp\/v2\/tags?post=381922"}],"curies":[{"name":"wp","href":"https:\/\/api.w.org\/{rel}","templated":true}]}}