{"id":381924,"date":"2025-09-11T04:53:14","date_gmt":"2025-09-11T04:53:14","guid":{"rendered":"https:\/\/www.europesays.com\/fr\/381924\/"},"modified":"2025-09-11T04:53:14","modified_gmt":"2025-09-11T04:53:14","slug":"il-y-a-beaucoup-de-lumiere-naturelle-la-photographe-stephanie-harnay-ouvre-son-studio-photo-a-chateaulin","status":"publish","type":"post","link":"https:\/\/www.europesays.com\/fr\/381924\/","title":{"rendered":"\u00ab\u00a0Il y a beaucoup de lumi\u00e8re naturelle\u00a0\u00bb\u00a0: la photographe St\u00e9phanie Harnay ouvre son studio photo \u00e0 Ch\u00e2teaulin"},"content":{"rendered":"<p>\u00ab\u00a0J\u2019\u00e9tais photographe \u00e0 Lothey depuis janvier 2021 et, depuis 2022, je cherchais un local sur Ch\u00e2teaulin\u00a0\u00bb, raconte St\u00e9phanie Harnay, ancienne ing\u00e9nieure dans un centre de recherche agroalimentaire. Elle a fait ses armes en tant qu\u2019amateur de photographie pour le mariage de sa belle-s\u0153ur et, de formations en cours du soir, les stages et les rencontres entre professionnels ont affin\u00e9 ses prises de vues autour de la famille.<\/p>\n<p>\u00ab\u00a0J\u2019ai bien aim\u00e9 l\u2019ambiance qui se d\u00e9gageait pour les mariages et, avec le temps, j\u2019ai affin\u00e9 mes prises de vues. Je me suis aussi entra\u00een\u00e9e sur mes enfants pour les nouveau-n\u00e9s avec des techniques que j\u2019ai d\u00e9couvertes avec des professionnels et des accessoires comme les tapis qui permettent des photos naturelles\u00a0\u00bb, explique-t-elle.<\/p>\n<p>\u00ab\u00a0Je fais de la photo reportage en action\u00a0\u00bb<\/p>\n<p>Apr\u00e8s avoir pris les cl\u00e9s de son nouveau local en mai, r\u00e9alis\u00e9 quelques travaux en juin, l\u2019\u00e9t\u00e9 de St\u00e9phanie Harnay a \u00e9t\u00e9 ponctu\u00e9 par des reportages ext\u00e9rieurs et des photos de mariage. Elle a pris r\u00e9ellement ses fonctions en ce d\u00e9but septembre 2025. \u00ab\u00a0Dans ce studio, il y a beaucoup de lumi\u00e8re naturelle, sans soleil direct et avec vue sur le canal et le viaduc\u00a0!\u00a0\u00bb<\/p>\n<p>Elle propose une large palette de comp\u00e9tences \u00e0 composer \u00e0 la carte\u00a0: mariage, famille, maternit\u00e9 et naissance, sans oublier la photo d\u2019identit\u00e9 ou professionnelle. \u00ab\u00a0Pour les professionnels, je fais de la photo reportage en action. J\u2019ai r\u00e9alis\u00e9 une phototh\u00e8que pour le Greta (un groupement d\u2019\u00e9tablissements publics locaux d\u2019enseignement) sur tout le Finist\u00e8re, avec tous les m\u00e9tiers enseign\u00e9s au sein des diff\u00e9rents centres de formation. Je me d\u00e9place aussi dans les Epadh, les foyers de vie, pour prendre les photos d\u2019identit\u00e9 des personnes en mobilit\u00e9 r\u00e9duite. Je suis aussi photographe r\u00e9f\u00e9rente pour le \u00ab\u00a0studio des petits\u00a0\u00bb qui intervient dans les cr\u00e8ches \u00e0 la demande des parents pour cr\u00e9er des souvenirs de leur enfant en cr\u00e8che\u00a0\u00bb, pr\u00e9cise-t-elle.<\/p>\n<p>Pour compl\u00e9ter son offre, elle propose \u00e0 la location un photo booth (une cabine automatis\u00e9e) pour les \u00e9v\u00e9nements de groupe.<\/p>\n<p><b>Pratique<\/b><\/p>\n<p class=\"note\">St\u00e9phanie Harnay, studio photo 28 quai Charles de Gaulle 29150 Ch\u00e2teaulin. Contact par t\u00e9l\u00e9phone au 06\u00a019\u00a008\u00a028\u00a091 ou par courriel, stephanie.harnay@gmail.com<\/p>\n","protected":false},"excerpt":{"rendered":"\u00ab\u00a0J\u2019\u00e9tais photographe \u00e0 Lothey depuis janvier 2021 et, depuis 2022, je cherchais un local sur Ch\u00e2teaulin\u00a0\u00bb, raconte St\u00e9phanie&hellip;\n","protected":false},"author":2,"featured_media":381925,"comment_status":"","ping_status":"","sticky":false,"template":"","format":"standard","meta":{"footnotes":""},"categories":[1358],"tags":[1348,1384,1385,6206,1386,58,59,1011,27,1756],"class_list":{"0":"post-381924","1":"post","2":"type-post","3":"status-publish","4":"format-standard","5":"has-post-thumbnail","7":"category-arts-et-design","8":"tag-arts","9":"tag-arts-and-design","10":"tag-arts-et-design","11":"tag-chateaulin","12":"tag-design","13":"tag-divertissement","14":"tag-entertainment","15":"tag-fr","16":"tag-france","17":"tag-photographie"},"share_on_mastodon":{"url":"https:\/\/pubeurope.com\/@fr\/115183878422573723","error":""},"_links":{"self":[{"href":"https:\/\/www.europesays.com\/fr\/wp-json\/wp\/v2\/posts\/381924","targetHints":{"allow":["GET"]}}],"collection":[{"href":"https:\/\/www.europesays.com\/fr\/wp-json\/wp\/v2\/posts"}],"about":[{"href":"https:\/\/www.europesays.com\/fr\/wp-json\/wp\/v2\/types\/post"}],"author":[{"embeddable":true,"href":"https:\/\/www.europesays.com\/fr\/wp-json\/wp\/v2\/users\/2"}],"replies":[{"embeddable":true,"href":"https:\/\/www.europesays.com\/fr\/wp-json\/wp\/v2\/comments?post=381924"}],"version-history":[{"count":0,"href":"https:\/\/www.europesays.com\/fr\/wp-json\/wp\/v2\/posts\/381924\/revisions"}],"wp:featuredmedia":[{"embeddable":true,"href":"https:\/\/www.europesays.com\/fr\/wp-json\/wp\/v2\/media\/381925"}],"wp:attachment":[{"href":"https:\/\/www.europesays.com\/fr\/wp-json\/wp\/v2\/media?parent=381924"}],"wp:term":[{"taxonomy":"category","embeddable":true,"href":"https:\/\/www.europesays.com\/fr\/wp-json\/wp\/v2\/categories?post=381924"},{"taxonomy":"post_tag","embeddable":true,"href":"https:\/\/www.europesays.com\/fr\/wp-json\/wp\/v2\/tags?post=381924"}],"curies":[{"name":"wp","href":"https:\/\/api.w.org\/{rel}","templated":true}]}}