{"id":381926,"date":"2025-09-11T04:54:12","date_gmt":"2025-09-11T04:54:12","guid":{"rendered":"https:\/\/www.europesays.com\/fr\/381926\/"},"modified":"2025-09-11T04:54:12","modified_gmt":"2025-09-11T04:54:12","slug":"prix-litteraire-les-inrockuptibles-2025-voici-les-premieres-selections","status":"publish","type":"post","link":"https:\/\/www.europesays.com\/fr\/381926\/","title":{"rendered":"Prix litt\u00e9raire Les Inrockuptibles 2025 : voici les premi\u00e8res s\u00e9lections !"},"content":{"rendered":"<p>Romans et r\u00e9cits fran\u00e7ais ou \u00e9trangers, premiers romans\u2026 Voici la premi\u00e8re s\u00e9lection du Prix litt\u00e9raire Les Inrockuptibles 2025. <\/p>\n<p>Notre prix litt\u00e9raire a d\u00e9j\u00e0 cinq ans. Fond\u00e9 en 2020, au pire moment de la pand\u00e9mie et du confinement, afin de prolonger notre travail critique d\u2019un c\u00f4t\u00e9, mais surtout affirmer notre soutien aux livres publi\u00e9s dans l\u2019ann\u00e9e qui risquaient de tomber dans l\u2019oubli (la librairie et l\u2019\u00e9dition risquant d\u2019en p\u00e2tir dangereusement), notre prix litt\u00e9raire \u00e9volue cette ann\u00e9e. <\/p>\n<p>Apr\u00e8s avoir remis <a href=\"https:\/\/www.lesinrocks.com\/livres\/prix-bd-des-inrocks-voici-votre-selection-2025-657025-30-04-2025\/\" rel=\"nofollow noopener\" target=\"_blank\">le prix de la bande dessin\u00e9e en juin<\/a> (avec Dominique A en pr\u00e9sident invit\u00e9 de notre jury), nous nous concentrons cet automne, saison de la rentr\u00e9e litt\u00e9raire et des grands prix en novembre, \u00e0 la litt\u00e9rature (rendez-vous au printemps pour notre prix de l\u2019essai).<\/p>\n<p>Il suffit de parcourir les s\u00e9lections, dans trois cat\u00e9gories, que nous publions ci-dessous, pour r\u00e9aliser une fois encore combien 2025 aura \u00e9t\u00e9 une grande ann\u00e9e en litt\u00e9rature. Notamment en d\u00e9couvertes et nouvelles voix : 2025 est l\u2019ann\u00e9e de naissance d\u2019\u00e9crivain\u00b7es qui, on en fait le pari, deviendront les auteur\u00b7rices important\u00b7es de demain.<\/p>\n<p>Vincent Macaigne, parrain de cette 6e \u00e9dition <\/p>\n<p>Autre nouvelle excitante cette ann\u00e9e : Vincent Macaigne est le parrain de cette sixi\u00e8me \u00e9dition. Celui qui s\u2019impose comme l\u2019un des plus brillants metteurs en sc\u00e8ne de th\u00e9\u00e2tre de ces quinze derni\u00e8res ann\u00e9es, \u00e9galement r\u00e9alisateur reconnu, est devenu l\u2019embl\u00e8me d\u2019une jeune g\u00e9n\u00e9ration d\u2019acteur\u00b7rices dans le cin\u00e9ma fran\u00e7ais. Dire qu\u2019il entretient un rapport assidu et passionn\u00e9 aux mots, \u00e0 l\u2019\u00e9criture et \u00e0 leur incarnation serait un euph\u00e9misme. Alors qui de <a href=\"https:\/\/www.lesinrocks.com\/livres\/rentree-litteraire-2025-laura-vazquez-une-voix-queer-et-hyper-contemporaine-a-decouvrir-677697-21-08-2025\/\" rel=\"nofollow noopener\" target=\"_blank\">Laura Vazquez<\/a> \u00e0 <a href=\"https:\/\/www.lesinrocks.com\/livres\/avec-patronyme-vanessa-springora-interroge-la-nom-fiction-du-pere-634208-28-12-2024\/\" rel=\"nofollow noopener\" target=\"_blank\">Vanessa Springora<\/a>, de <a href=\"https:\/\/www.lesinrocks.com\/livres\/laurent-mauvignier-plus-jecrivais-plus-je-me-disais-que-ce-monde-la-ressemble-au-notre-678885-27-08-2025\/\" rel=\"nofollow noopener\" target=\"_blank\">Laurent Mauvignier <\/a>\u00e0 <a href=\"https:\/\/www.lesinrocks.com\/livres\/dans-la-faille-blandine-rinkel-demembre-la-famille-648817-15-01-2025\/\" rel=\"nofollow noopener\" target=\"_blank\">Blandine Rinkel <\/a>ou <a href=\"https:\/\/www.lesinrocks.com\/livres\/rentree-litteraire-2025-jakuta-alikavazovic-je-suis-revoltee-par-la-banalite-du-destin-humain-678444-19-08-2025\/\" rel=\"nofollow noopener\" target=\"_blank\">Jakuta Alikavazovic<\/a>\u2026 recevra le prix Les Inrockuptibles cette ann\u00e9e ? <\/p>\n<p><strong>Rendez-vous le 2 octobre pour conna\u00eetre notre shortlist, et le 23 octobre pour l\u2019annonce de nos laur\u00e9at\u00b7es.<\/strong><\/p>\n<p>La premi\u00e8re s\u00e9lection du Prix litt\u00e9raire Les Inrockuptibles 2025 : <\/p>\n<p>Romans ou r\u00e9cits fran\u00e7ais :<\/p>\n<p>Jakuta Alikavazovic : Au grand jamais \u2013 Gallimard<\/p>\n<p>Bertrand Belin : La Figure \u2013 POL<\/p>\n<p> Emmanuel Carr\u00e8re : Kolkhoze \u2013 POL<\/p>\n<p>C\u00e9cile Guilbert : Feux sacr\u00e9s \u2013 Grasset<\/p>\n<p>Laurent Mauvignier : La Maison vide \u2013 \u00c9dition de Minuit <\/p>\n<p>Guillaume Poix : Perp\u00e9tuit\u00e9 \u2013 Verticales <\/p>\n<p>Blandine Rinkel : La Faille \u2013 Stock <\/p>\n<p>Le\u00efla Slimani : J\u2019emporterai le feu \u2013 Gallimard<\/p>\n<p>Vanessa Springora : Patronyme \u2013 Grasset <\/p>\n<p>Laura Vazquez : Les Forces \u2013 Sous-sol<\/p>\n<p>Romans \u00e9trangers :<\/p>\n<p>Rita Bullwinkel : Combats de filles \u2013 La Crois\u00e9e <\/p>\n<p>Leila Guerriero : L\u2019Appel. Histoire d\u2019une femme argentine \u2013 Rivages<\/p>\n<p>Isabella Hammad : Hamlet le long du mur \u2013 Gallimard<\/p>\n<p>Jonas Hassen Khemiri : Les S\u0153urs \u2013 Actes Sud <\/p>\n<p>Maggie Nelson : Pathemata ou l\u2019histoire de ma bouche \u2013 Sous-sol.<\/p>\n<p>Ehzan Norouzi : Trainspotter \u2013 Zulma<\/p>\n<p>Sigrid Nunez : Les Vuln\u00e9rables \u2013 Stock<\/p>\n<p>Sheena Patel : Je suis fan \u2013 Gallimard<\/p>\n<p> Rivers Solomon : Model home \u2013 Les Forges de Vulcain<\/p>\n<p>Rosario Villajos : L\u2019Education physique \u2013 M\u00e9tailli\u00e9<\/p>\n<p>Premiers romans ou r\u00e9cits :<\/p>\n<p>Sephora Pondi : Avale \u2013Grasset <\/p>\n<p>Pierre Boisson : Flamme, volcan, temp\u00eate \u2013 Sous-sol<\/p>\n<p>Anya Nousri : On m\u2019a jet\u00e9 l\u2019\u0153il \u2013 Le Castor astral <\/p>\n<p>Thibault Daelman : L\u2019Entroubli \u2013 Le Tripode<\/p>\n<p>Paul Gasnier : La Collision \u2013 Gallimard<\/p>\n<p>Nassera Tamer : Allo la place \u2013 Verdier<\/p>\n<p>Ad\u00e8le Yon : Mon vrai nom est Elisabeth \u2013 Sous-sol<\/p>\n<p>Rams\u00e8s Kefi : Quatre jours sans ma m\u00e8re \u2013 Philippe Rey<\/p>\n<p>Adrien Le Bot : Tu cherches quoi ? \u2013 Allia<\/p>\n<p>Rebeka Warrior : Toutes les vies \u2013 Stock<\/p>\n","protected":false},"excerpt":{"rendered":"Romans et r\u00e9cits fran\u00e7ais ou \u00e9trangers, premiers romans\u2026 Voici la premi\u00e8re s\u00e9lection du Prix litt\u00e9raire Les Inrockuptibles 2025.&hellip;\n","protected":false},"author":2,"featured_media":381927,"comment_status":"","ping_status":"","sticky":false,"template":"","format":"standard","meta":{"footnotes":""},"categories":[1357],"tags":[1379,58,59,1011,27,1380],"class_list":{"0":"post-381926","1":"post","2":"type-post","3":"status-publish","4":"format-standard","5":"has-post-thumbnail","7":"category-livres","8":"tag-books","9":"tag-divertissement","10":"tag-entertainment","11":"tag-fr","12":"tag-france","13":"tag-livres"},"share_on_mastodon":{"url":"https:\/\/pubeurope.com\/@fr\/115183882422653181","error":""},"_links":{"self":[{"href":"https:\/\/www.europesays.com\/fr\/wp-json\/wp\/v2\/posts\/381926","targetHints":{"allow":["GET"]}}],"collection":[{"href":"https:\/\/www.europesays.com\/fr\/wp-json\/wp\/v2\/posts"}],"about":[{"href":"https:\/\/www.europesays.com\/fr\/wp-json\/wp\/v2\/types\/post"}],"author":[{"embeddable":true,"href":"https:\/\/www.europesays.com\/fr\/wp-json\/wp\/v2\/users\/2"}],"replies":[{"embeddable":true,"href":"https:\/\/www.europesays.com\/fr\/wp-json\/wp\/v2\/comments?post=381926"}],"version-history":[{"count":0,"href":"https:\/\/www.europesays.com\/fr\/wp-json\/wp\/v2\/posts\/381926\/revisions"}],"wp:featuredmedia":[{"embeddable":true,"href":"https:\/\/www.europesays.com\/fr\/wp-json\/wp\/v2\/media\/381927"}],"wp:attachment":[{"href":"https:\/\/www.europesays.com\/fr\/wp-json\/wp\/v2\/media?parent=381926"}],"wp:term":[{"taxonomy":"category","embeddable":true,"href":"https:\/\/www.europesays.com\/fr\/wp-json\/wp\/v2\/categories?post=381926"},{"taxonomy":"post_tag","embeddable":true,"href":"https:\/\/www.europesays.com\/fr\/wp-json\/wp\/v2\/tags?post=381926"}],"curies":[{"name":"wp","href":"https:\/\/api.w.org\/{rel}","templated":true}]}}