{"id":381928,"date":"2025-09-11T04:55:27","date_gmt":"2025-09-11T04:55:27","guid":{"rendered":"https:\/\/www.europesays.com\/fr\/381928\/"},"modified":"2025-09-11T04:55:27","modified_gmt":"2025-09-11T04:55:27","slug":"kevin-mets-moi-entre-accent-italien-et-citations-bancales-francois-ruffin-enchaine-les-moments-de-gene-sur-c-a-vous","status":"publish","type":"post","link":"https:\/\/www.europesays.com\/fr\/381928\/","title":{"rendered":"\u201cKevin, mets-moi\u2026\u201d : entre accent italien et citations bancales Fran\u00e7ois Ruffin encha\u00eene les moments de g\u00eane sur C \u00e0 vous"},"content":{"rendered":"<p>C\u2019\u00e9tait une soir\u00e9e mouvement\u00e9e sur C \u00e0 Vous. Mercredi 10<br \/>\nseptembre, en premi\u00e8re partie de soir\u00e9e, Anne-Elisabeth Lemoine a<br \/>\nre\u00e7u <strong>Alain Duhamel et Fran\u00e7ois Ruffin<\/strong> pour parler<br \/>\nde politique. Ils ont fait le bilan sur la situation actuelle et<br \/>\nils ont r\u00e9agi \u00e0 <a class=\"qbe-widget\" href=\"https:\/\/www.closermag.fr\/politique\/sebastien-lecornu-le-nouveau-premier-ministre-proche-demmanuel-macron-ces-images-qui-en-disent-long-photos-3578453\" target=\"_blank\" rel=\"noopener noreferrer nofollow\">la nomination de<br \/>\nS\u00e9bastien Lecornu<\/a> en tant que Premier ministre.<\/p>\n<p>Apr\u00e8s qu\u2019Alain Duhamel a eu donn\u00e9 son avis, ce fut au tour de<br \/>\nFran\u00e7ois Ruffin, <a class=\"qbe-widget\" href=\"https:\/\/www.closermag.fr\/people\/vous-lui-dites-a-nathalie-apolline-de-malherbe-vent-debout-son-invite-pousse-dans-ses-retranchements-3540798\" target=\"_blank\" rel=\"noopener noreferrer nofollow\">d\u00e9put\u00e9 de l\u00a0\u00bbAssembl\u00e9e<br \/>\nnationale<\/a>, de prendre la parole. Et le moins que l\u2019on<br \/>\npuisse dire, c\u2019est que <strong>le d\u00e9but de l\u2019intervention fut assez<br \/>\ng\u00eanant.<\/strong><\/p>\n<p>Fran\u00e7ois Ruffin tr\u00e8s inspir\u00e9 par In\u00e8s Reg<\/p>\n<p>Alors que les hommes politiques sont g\u00e9n\u00e9ralement connus pour<br \/>\nles belles paroles et leurs citations emprunt\u00e9es \u00e0 d\u2019autres,<br \/>\nFran\u00e7ois Ruffin ne s\u2019est pas vraiment inspir\u00e9 d\u2019hommes ou de femmes<br \/>\nde lettres lors de son intervention sur C \u00e0 Vous. Comme beaucoup,<br \/>\nil d\u00e9nonce la situation politique et \u00e9conomique de la France. Mais<br \/>\nil a sa mani\u00e8re bien \u00e0 lui de le faire\u2026 \u201cOn parle de<br \/>\ndissolution, on parle de destitution, on parle des noms, des<br \/>\npr\u00e9noms, des ambitions pour Matignon. Mais quand est-ce qu&rsquo;on parle<br \/>\nde logement, d&rsquo;\u00e9ducation, de sant\u00e9 ? Quand est-ce que finalement on<br \/>\nrouvre un horizon ?\u201d, commence-t-il.<\/p>\n<p>Pour illustrer ses propos, <a class=\"qbe-widget\" href=\"https:\/\/www.closermag.fr\/people\/meme-physiquement-ce-detail-sur-michel-barnier-qui-na-pas-echappe-a-linvite-dapolline-de-malherbe-3497515\" target=\"_blank\" rel=\"noopener noreferrer nofollow\">l\u2019homme<br \/>\npolitique<\/a> fait r\u00e9f\u00e9rence \u00e0 une situation qu\u2019il a v\u00e9cue dans<br \/>\nle m\u00e9tro et raconte sa rencontre avec un Italien. Tout allait bien<br \/>\njusqu\u2019\u00e0 ce qu\u2019il prenne l\u2019accent de nos voisins : \u201cHier j&rsquo;\u00e9tais<br \/>\ndans le m\u00e9tro et il y a un monsieur qui me dit, avec <strong>son<br \/>\naccent italien<\/strong> : \u00ab Les probl\u00e8mes c&rsquo;est qu&rsquo;on a besoin d&rsquo;un<br \/>\nhorizon qui brille. \u00bb\u201d. Un moment terriblement g\u00eanant,<br \/>\nd\u2019autant plus qu\u2019il a poursuivi en citant\u2026 In\u00e8s Reg ! \u201cEt je<br \/>\npense qu&rsquo;on a besoin d&rsquo;un horizon qui brille et l\u00e0 depuis un an, il<br \/>\ny a, comme Kevin, <strong>mets-moi des paillettes dans les<br \/>\nyeux<\/strong>, il n&rsquo;y a pas de paillettes, il n&rsquo;y a aucun<br \/>\nprojet qui est port\u00e9\u201d. L&rsquo;humoriste avait fait le buzz sur les<br \/>\nr\u00e9seaux sociaux gr\u00e2ce \u00e0 une vid\u00e9o o\u00f9 elle faisait <a class=\"qbe-widget\" href=\"https:\/\/www.closermag.fr\/people\/ines-reg-lhumoriste-toujours-tres-proche-de-son-ex-qui-lui-a-reserve-une-belle-surprise-3525638\" target=\"_blank\" rel=\"noopener noreferrer nofollow\">r\u00e9f\u00e9rence \u00e0 son<br \/>\nex-conjoint<\/a> en disant : \u201cJe veux des paillettes dans ma<br \/>\nvie, Kevin.\u201d<\/p>\n<p>Fran\u00e7ois Ruffin : son intervention<br \/>\nremarqu\u00e9e sur C \u00e0 Vous<\/p>\n<p>Si avec cette citation <a class=\"qbe-widget\" href=\"https:\/\/www.closermag.fr\/politique\/francois-ruffin-hors-de-lui-la-grosse-colere-du-depute-a-l-assemblee-1119624#item=1\" target=\"_blank\" rel=\"noopener noreferrer nofollow\">Fran\u00e7ois Ruffin n\u2019a<br \/>\npas vraiment brill<\/a>\u00e9, il a au moins parl\u00e9 \u00e0 tout le<br \/>\nmonde ! Par la suite, le ton est mont\u00e9 \u00e0 plusieurs reprises sur le<br \/>\nplateau.<\/p>\n<p>Un \u00e9change sous haute tension, tout comme la journ\u00e9e de<br \/>\nmanifestation qui s\u2019est d\u00e9roul\u00e9e dans un climat tr\u00e8s tendu.<\/p>\n","protected":false},"excerpt":{"rendered":"C\u2019\u00e9tait une soir\u00e9e mouvement\u00e9e sur C \u00e0 Vous. Mercredi 10 septembre, en premi\u00e8re partie de soir\u00e9e, Anne-Elisabeth Lemoine&hellip;\n","protected":false},"author":2,"featured_media":381929,"comment_status":"","ping_status":"","sticky":false,"template":"","format":"standard","meta":{"footnotes":""},"categories":[1356],"tags":[548,5632,58,59,1011,27,4483,252,1364],"class_list":{"0":"post-381928","1":"post","2":"type-post","3":"status-publish","4":"format-standard","5":"has-post-thumbnail","7":"category-television","8":"tag-article-simple","9":"tag-c-a-vous","10":"tag-divertissement","11":"tag-entertainment","12":"tag-fr","13":"tag-france","14":"tag-francois-ruffin","15":"tag-television","16":"tag-tv"},"share_on_mastodon":{"url":"https:\/\/pubeurope.com\/@fr\/115183886345536516","error":""},"_links":{"self":[{"href":"https:\/\/www.europesays.com\/fr\/wp-json\/wp\/v2\/posts\/381928","targetHints":{"allow":["GET"]}}],"collection":[{"href":"https:\/\/www.europesays.com\/fr\/wp-json\/wp\/v2\/posts"}],"about":[{"href":"https:\/\/www.europesays.com\/fr\/wp-json\/wp\/v2\/types\/post"}],"author":[{"embeddable":true,"href":"https:\/\/www.europesays.com\/fr\/wp-json\/wp\/v2\/users\/2"}],"replies":[{"embeddable":true,"href":"https:\/\/www.europesays.com\/fr\/wp-json\/wp\/v2\/comments?post=381928"}],"version-history":[{"count":0,"href":"https:\/\/www.europesays.com\/fr\/wp-json\/wp\/v2\/posts\/381928\/revisions"}],"wp:featuredmedia":[{"embeddable":true,"href":"https:\/\/www.europesays.com\/fr\/wp-json\/wp\/v2\/media\/381929"}],"wp:attachment":[{"href":"https:\/\/www.europesays.com\/fr\/wp-json\/wp\/v2\/media?parent=381928"}],"wp:term":[{"taxonomy":"category","embeddable":true,"href":"https:\/\/www.europesays.com\/fr\/wp-json\/wp\/v2\/categories?post=381928"},{"taxonomy":"post_tag","embeddable":true,"href":"https:\/\/www.europesays.com\/fr\/wp-json\/wp\/v2\/tags?post=381928"}],"curies":[{"name":"wp","href":"https:\/\/api.w.org\/{rel}","templated":true}]}}