{"id":381930,"date":"2025-09-11T04:56:11","date_gmt":"2025-09-11T04:56:11","guid":{"rendered":"https:\/\/www.europesays.com\/fr\/381930\/"},"modified":"2025-09-11T04:56:11","modified_gmt":"2025-09-11T04:56:11","slug":"le-petit-poucet-votre-jeu-du-mercredi-10-septembre-2025","status":"publish","type":"post","link":"https:\/\/www.europesays.com\/fr\/381930\/","title":{"rendered":"Le Petit Poucet\u00a0! Votre jeu du mercredi 10 septembre 2025"},"content":{"rendered":"<p class=\"PopSlotParagraph qg-tx2 qg-xtra-lh svelte-1r0pyek\"><strong>Vos r\u00e9ponses, vos suggestions en nous \u00e9crivant via l&rsquo;onglet<\/strong>\u00a0\u00ab\u00a0<a href=\"https:\/\/www.radiofrance.fr\/francemusique\/contact\/formulaire?concept=6d880371-85da-4259-b647-6b486bcef100\" class=\"\" data-testid=\"link\" rel=\"nofollow noopener\" target=\"_blank\"><strong>Contacter l&rsquo;\u00e9mission<\/strong><\/a>\u00a0\u00bb sans oublier votre adresse\u00a0!<\/p>\n<p>Publicit\u00e9 <\/p>\n<p class=\"PopSlotParagraph qg-tx2 qg-xtra-lh svelte-1r0pyek\"><a href=\"https:\/\/www.calameo.com\/read\/00760867463e8b5ed8745\" target=\"_blank\" rel=\"noopener noreferrer nofollow\" class=\"\" data-testid=\"link\">R\u00e8glement du Jeu \u00ab\u00a0Le Petit Poucet 2025\u00a0\u00bb<\/a><\/p>\n<p class=\"PopSlotParagraph qg-tx2 qg-xtra-lh svelte-1r0pyek\">R\u00c9PONSE\u00a0:<\/p>\n<p class=\"PopSlotParagraph qg-tx2 qg-xtra-lh svelte-1r0pyek\">A venir durant l&rsquo;\u00e9mission, ou en r\u00e9\u00e9coute en podcast\u00a0!<\/p>\n<p class=\"PopSlotParagraph qg-tx2 qg-xtra-lh svelte-1r0pyek\">LES GAGNANTS\u00a0:<\/p>\n<p class=\"PopSlotParagraph qg-tx2 qg-xtra-lh svelte-1r0pyek\">A venir durant l&rsquo;\u00e9mission\u00a0!<\/p>\n<p> \u00c0 (re)d\u00e9couvrir&#8230;<\/p>\n<p class=\"PopSlotParagraph qg-tx2 qg-xtra-lh svelte-1r0pyek\">La 46e \u00e9dition du\u00a0<a href=\"https:\/\/www.ambronay.org\/festival\/programmation\" target=\"_blank\" rel=\"noopener noreferrer nofollow\" class=\"\" data-testid=\"link\">Festival d&rsquo;Ambronay<\/a>\u00a0\u00a0(Ain) aura lieu du 12 au 28 septembre 2025.<\/p>\n<p class=\"BounceCard-label qg-st4 svelte-990b7w\" role=\"heading\" aria-level=\"2\">\u00c0 lire aussi<\/p>\n<p>      <img decoding=\"async\" src=\"https:\/\/www.europesays.com\/fr\/wp-content\/uploads\/2025\/09\/120x120_sc_sc_ambronay-page.jpg\" width=\"120\" height=\"120\" alt=\"\" loading=\"lazy\" fetchpriority=\"low\" data-testid=\"image-tag\" style=\"--_image-preview:url('data:image\/jpeg;base64,\/9j\/2wBDACgcHiMeGSgjISMtKygwPGRBPDc3PHtYXUlkkYCZlo+AjIqgtObDoKrarYqMyP\/L2u71\/\/\/\/m8H\/\/\/\/6\/+b9\/\/j\/2wBDASstLTw1PHZBQXb4pYyl+Pj4+Pj4+Pj4+Pj4+Pj4+Pj4+Pj4+Pj4+Pj4+Pj4+Pj4+Pj4+Pj4+Pj4+Pj4+Pj4+Pj\/wAARCAAqACoDASIAAhEBAxEB\/8QAGQABAQEBAQEAAAAAAAAAAAAAAwABAgUE\/8QAFhABAQEAAAAAAAAAAAAAAAAAAAIB\/8QAFgEBAQEAAAAAAAAAAAAAAAAAAwEC\/8QAFREBAQAAAAAAAAAAAAAAAAAAAAH\/2gAMAwEAAhEDEQA\/AO5NAZNBaOPoguBguDpI7TEyry5NAJPBqKHguCguDpI1JMq8uTwCTweih4Lg4Lgq3GpNRX\/\/2Q==');\" aria-hidden=\"true\" class=\"svelte-1n5zs1o ratio\" onload=\"this.__e=event\" onerror=\"this.__e=event\"\/> <\/p>\n<p class=\"BounceCard-title qg-st4 svelte-990b7w\"><a href=\"https:\/\/www.radiofrance.fr\/francemusique\/evenements\/festival-d-ambronay-du-12-au-28-septembre-2025-7315647\" data-testid=\"link\" class=\"svelte-1t7i9vq underline-always\" rel=\"nofollow noopener\" target=\"_blank\">Festival d&rsquo;Ambronay du 12 au 28 septembre 2025<\/a><\/p>\n","protected":false},"excerpt":{"rendered":"Vos r\u00e9ponses, vos suggestions en nous \u00e9crivant via l&rsquo;onglet\u00a0\u00ab\u00a0Contacter l&rsquo;\u00e9mission\u00a0\u00bb sans oublier votre adresse\u00a0! Publicit\u00e9 R\u00e8glement du Jeu&hellip;\n","protected":false},"author":2,"featured_media":381931,"comment_status":"","ping_status":"","sticky":false,"template":"","format":"standard","meta":{"footnotes":""},"categories":[1355],"tags":[58,59,1011,27,1361,873],"class_list":{"0":"post-381930","1":"post","2":"type-post","3":"status-publish","4":"format-standard","5":"has-post-thumbnail","7":"category-musique","8":"tag-divertissement","9":"tag-entertainment","10":"tag-fr","11":"tag-france","12":"tag-music","13":"tag-musique"},"share_on_mastodon":{"url":"https:\/\/pubeurope.com\/@fr\/115183890210786240","error":""},"_links":{"self":[{"href":"https:\/\/www.europesays.com\/fr\/wp-json\/wp\/v2\/posts\/381930","targetHints":{"allow":["GET"]}}],"collection":[{"href":"https:\/\/www.europesays.com\/fr\/wp-json\/wp\/v2\/posts"}],"about":[{"href":"https:\/\/www.europesays.com\/fr\/wp-json\/wp\/v2\/types\/post"}],"author":[{"embeddable":true,"href":"https:\/\/www.europesays.com\/fr\/wp-json\/wp\/v2\/users\/2"}],"replies":[{"embeddable":true,"href":"https:\/\/www.europesays.com\/fr\/wp-json\/wp\/v2\/comments?post=381930"}],"version-history":[{"count":0,"href":"https:\/\/www.europesays.com\/fr\/wp-json\/wp\/v2\/posts\/381930\/revisions"}],"wp:featuredmedia":[{"embeddable":true,"href":"https:\/\/www.europesays.com\/fr\/wp-json\/wp\/v2\/media\/381931"}],"wp:attachment":[{"href":"https:\/\/www.europesays.com\/fr\/wp-json\/wp\/v2\/media?parent=381930"}],"wp:term":[{"taxonomy":"category","embeddable":true,"href":"https:\/\/www.europesays.com\/fr\/wp-json\/wp\/v2\/categories?post=381930"},{"taxonomy":"post_tag","embeddable":true,"href":"https:\/\/www.europesays.com\/fr\/wp-json\/wp\/v2\/tags?post=381930"}],"curies":[{"name":"wp","href":"https:\/\/api.w.org\/{rel}","templated":true}]}}