{"id":381934,"date":"2025-09-11T04:58:14","date_gmt":"2025-09-11T04:58:14","guid":{"rendered":"https:\/\/www.europesays.com\/fr\/381934\/"},"modified":"2025-09-11T04:58:14","modified_gmt":"2025-09-11T04:58:14","slug":"geneve-1-million-pour-developper-un-produit-esthetique","status":"publish","type":"post","link":"https:\/\/www.europesays.com\/fr\/381934\/","title":{"rendered":"Gen\u00e8ve: 1\u00a0million pour d\u00e9velopper un produit esth\u00e9tique"},"content":{"rendered":"<p>Produit antivieillissement \u2013 <\/p>\n<p>Une start-up romande veut r\u00e9volutionner l\u2019industrie de l\u2019esth\u00e9tique<\/p>\n<p class=\"ContentHead_lead____SsS link_regular__O0hk0 link_externalicon-big__ZdPgo link_externalicon__qcwXs\">D\u00e9couvert \u00e0 l\u2019Universit\u00e9 de Gen\u00e8ve, un acide hyaluronique prometteur est am\u00e9lior\u00e9 par une start-up l\u00e9manique. Les fonds r\u00e9colt\u00e9s serviront \u00e0 proc\u00e9der aux essais cliniques.<\/p>\n<p><img loading=\"lazy\" decoding=\"async\" src=\"https:\/\/www.europesays.com\/fr\/wp-content\/uploads\/2025\/06\/AKjyQPVH46iAIAJXCkLdtt.jpg\"  width=\"100\" height=\"100\"  alt=\"Judith Monfrini\" class=\"AuthorImage_root__WCxj_ ContentMetaInfo_authorimage__Mp4LD AuthorImage_-content-head__3qDob\" style=\"background-color:#818181\"\/>Publi\u00e9: 10.09.2025, 11h11<img decoding=\"async\" loading=\"eager\" fetchpriority=\"high\" src=\"https:\/\/www.europesays.com\/fr\/wp-content\/uploads\/2025\/09\/6RHtF1v84z1A2yhP0lgzvV.jpg\" alt=\"Bryan et Alexandre Porcello, co-fondateurs de la start-up Kylys Aesthetics, posent dans un bureau \u00e0 Gen\u00e8ve.\" title=\"Bryan et Alexandre Porcello, co-fondateurs de la start-up Kylys Aesthetics, posent dans un bureau \u00e0 Gen\u00e8ve.\" class=\"ResponsiveImage_root__ZDz10 responsive-image\" style=\"background-color:#A9987F\"\/><\/p>\n<p>Les fr\u00e8res Bryan et Alexandre Porcello (de g. \u00e0 d.), cofondateurs de la start-up Kylys Aesthetics, bas\u00e9e \u00e0 Plan-les-Ouates (GE).<\/p>\n<p>FRANK MENTHA<\/p>\n<p>Abonnez-vous d\u00e8s maintenant et profitez de la fonction de lecture audio.<a href=\"https:\/\/bottalk.io\/\" class=\"BottalkPaywall_bottalklink__KDtuf\" target=\"_blank\" rel=\"noreferrer noopener\">BotTalk<\/a><strong class=\"SummaryList_title__8uifR\">En bref:<\/strong><\/p>\n<ul class=\"SummaryList_list__pEa7M\">\n<li>Une start-up genevoise d\u00e9veloppe un nouveau gel esth\u00e9tique \u00e0 base d\u2019acide hyaluronique.<\/li>\n<li>Les fr\u00e8res Porcello ont re\u00e7u 1\u00a0million de francs pour lancer les essais cliniques.<\/li>\n<li>Le produit innovant se structure uniquement apr\u00e8s l\u2019injection dans le corps.<\/li>\n<li>Le march\u00e9 mondial de l\u2019acide hyaluronique atteindra 8% de croissance d\u2019ici \u00e0 2030.<\/li>\n<\/ul>\n<p class=\"ArticleParagraph_root__lhFZo ArticleContainer_content-width__FRl7F link_focus__0ZMwx link_externalicon-big__ZdPgo link_externalicon__qcwXs ArticleElement_article-element__q93eL\">L\u2019acide hyaluronique est un produit de comblement, qui permet des utilisations dans le domaine m\u00e9dical, en rhumatologie et en <a class=\"HtmlText_root__A1OSq\" href=\"https:\/\/www.24heures.ch\/sexualite-la-medecine-esthetique-a-t-elle-trouve-le-point-g-865617017692\" target=\"_blank\" rel=\"noopener\">chirurgie<\/a> reconstructive par exemple, mais aussi dans le domaine de l\u2019esth\u00e9tique. Un <a class=\"HtmlText_root__A1OSq\" href=\"https:\/\/www.24heures.ch\/la-medecine-esthetique-seduit-de-plus-en-plus-les-jeunes-302227527814\" target=\"_blank\" rel=\"noopener\">march\u00e9 tr\u00e8s prometteur<\/a>, qui a incit\u00e9 la <a href=\"https:\/\/www.fongit.ch\/\" class=\"HtmlText_root__A1OSq\" target=\"_blank\" rel=\"noopener noreferrer\">Fongit<\/a> (Fondation genevoise pour l\u2019innovation technologique) \u00e0 soutenir <a href=\"https:\/\/kylys.com\/\" class=\"HtmlText_root__A1OSq\" target=\"_blank\" rel=\"noopener noreferrer\">Kylys Aesthetics<\/a> SA, une start-up bas\u00e9e \u00e0 Plan-les-Ouates (GE).<\/p>\n<p class=\"ArticleParagraph_root__lhFZo ArticleContainer_content-width__FRl7F link_focus__0ZMwx link_externalicon-big__ZdPgo link_externalicon__qcwXs ArticleElement_article-element__q93eL\">L\u2019histoire commence en 2017, lorsque deux professeurs de l\u2019Universit\u00e9 de Gen\u00e8ve (UNIGE), <a href=\"https:\/\/www.unige.ch\/medias\/2024-2\/cellules-souches-au-glucose-contre-larthrose\" class=\"HtmlText_root__A1OSq\" target=\"_blank\" rel=\"noopener noreferrer\">Olivier Jordan et Eric All\u00e9mann<\/a>, d\u00e9couvrent un nouveau produit destin\u00e9 \u00e0 mitiger les douleurs de l\u2019arthrose. Deux ans plus tard, Alexandre Porcello commence son doctorat en pharmacie sur cette nouvelle technologie, sous la direction des deux professeurs, et cr\u00e9e, avec son fr\u00e8re, la start-up Kylys Aesthetics. \u00abCes mol\u00e9cules d\u00e9j\u00e0 brevet\u00e9es disposaient d\u2019un fort potentiel dans l\u2019esth\u00e9tique, souligne Bryan Porcello, CIO et fr\u00e8re du doctorant. C\u2019est un march\u00e9 plus int\u00e9ressant financi\u00e8rement et plus simple cliniquement.\u00bb<\/p>\n<p>Un loyer offert pour d\u00e9buter<\/p>\n<p class=\"ArticleParagraph_root__lhFZo ArticleContainer_content-width__FRl7F link_focus__0ZMwx link_externalicon-big__ZdPgo link_externalicon__qcwXs ArticleElement_article-element__q93eL\">Pour d\u00e9velopper ce dermal filler (produit de comblement) destin\u00e9 \u00e0 gommer les effets du vieillissement, la spin-off de l\u2019UNIGE re\u00e7oit une premi\u00e8re aide financi\u00e8re de 400\u2019000\u00a0francs de <a href=\"https:\/\/www.innosuisse.admin.ch\/de\" class=\"HtmlText_root__A1OSq\" target=\"_blank\" rel=\"noopener noreferrer\">Innosuisse<\/a> en 2020. La Fongit, de son c\u00f4t\u00e9, met gratuitement \u00e0 disposition les locaux de Plan-les-Ouates durant deux ans. La start-up est une \u00e9manation purement l\u00e9manique, puisque les deux fr\u00e8res, aujourd\u2019hui \u00e2g\u00e9s de 31 et 32\u00a0ans, sont originaires de Morges et ont pass\u00e9 leur enfance \u00e0 Yverdon. Bryan a \u00e9tudi\u00e9 l\u2019\u00e9conomie \u00e0 l\u2019Universit\u00e9 de Lausanne et Alexandre la pharmacie \u00e0 l\u2019UNIGE.<\/p>\n<p class=\"ArticleParagraph_root__lhFZo ArticleContainer_content-width__FRl7F link_focus__0ZMwx link_externalicon-big__ZdPgo link_externalicon__qcwXs ArticleElement_article-element__q93eL\">Afin de le rendre compatible avec les besoins de l\u2019esth\u00e9tique, Alexandre Porcello travaille sur le gel \u00e0 base d\u2019acide hyaluronique, d\u00e9couvert par les deux professeurs. \u00abNous avons naturellement cette substance dans le corps. Au d\u00e9part, le produit \u00e9tait d\u2019origine animale, il \u00e9tait issu de la cr\u00eate du coq, mais actuellement, nous parvenons \u00e0 le fabriquer \u00e0 partir de biofermentation, ce qui permet de ne pas avoir de r\u00e9actions inflammatoires et de r\u00e9duire les risques d\u2019allergie.\u00bb Le docteur en pharmacie a faiblement modifi\u00e9 le produit initial pour le rendre moins invasif. \u00abLe gel ne se structure qu\u2019une fois qu\u2019il se trouve dans le corps, apr\u00e8s l\u2019injection, ce qui n\u2019est pas le cas des produits actuels, pr\u00e9cise-t-il. Il est donc facile \u00e0 injecter \u00e0 l\u2019aide d\u2019aiguilles plus fines, ce qui r\u00e9duit la douleur.\u00bb<\/p>\n<p>De l\u2019argent pour les essais cliniques<\/p>\n<p class=\"ArticleParagraph_root__lhFZo ArticleContainer_content-width__FRl7F link_focus__0ZMwx link_externalicon-big__ZdPgo link_externalicon__qcwXs ArticleElement_article-element__q93eL\">Gr\u00e2ce au million de francs r\u00e9colt\u00e9, la start-up va d\u00e9buter la phase clinique et proc\u00e9der \u00e0 ses premiers essais sur l\u2019homme. Un processus moins lourd que pour les m\u00e9dicaments, assure le CIO, Bryan Porcello. \u00abNotre produit est class\u00e9 en tant que medical device de classe\u00a03. Nous avons d\u00e9j\u00e0 effectu\u00e9 les tests pr\u00e9cliniques, sur des animaux ou des cellules. Ils ont \u00e9t\u00e9 r\u00e9alis\u00e9s par une entit\u00e9 externe agr\u00e9\u00e9e.\u00bb<\/p>\n<p class=\"ArticleParagraph_root__lhFZo ArticleContainer_content-width__FRl7F link_focus__0ZMwx link_externalicon-big__ZdPgo link_externalicon__qcwXs ArticleElement_article-element__q93eL\">D\u00e8s le mois d\u2019octobre et durant un an, la jeune soci\u00e9t\u00e9 va tester le produit sur 80\u00a0patients, principalement hors de Suisse, et sur une petite cohorte \u00e0 la <a href=\"https:\/\/www.swissmedical.net\/fr\/hopitaux\/genolier\" class=\"HtmlText_root__A1OSq\" target=\"_blank\" rel=\"noopener noreferrer\">Clinique de Genolier<\/a>. Selon les deux fr\u00e8res, la m\u00e9decine esth\u00e9tique est un domaine o\u00f9 il y a peu d\u2019innovation, malgr\u00e9 un march\u00e9 en pleine expansion. \u00abLes grandes entreprises investissent moins en recherche et d\u00e9veloppement, constate Alexandre Porcello. Elles laissent faire les plus petites structures.\u00bb La r\u00e9gion de Gen\u00e8ve compte d\u2019ailleurs plusieurs entreprises dans le domaine, comme Allergan et Vivacy en France voisine ou Teoxane et Anteis \u00e0 Gen\u00e8ve.<\/p>\n<p class=\"ArticleParagraph_root__lhFZo ArticleContainer_content-width__FRl7F link_focus__0ZMwx link_externalicon-big__ZdPgo link_externalicon__qcwXs ArticleElement_article-element__q93eL\">Les fonds r\u00e9colt\u00e9s proviennent de plusieurs investisseurs. Le Fonds d\u2019innovation Fongit <a href=\"https:\/\/www.fongit.ch\/fr\/financing\" class=\"HtmlText_root__A1OSq\" target=\"_blank\" rel=\"noopener noreferrer\">(FIF)<\/a> \u00e0 Gen\u00e8ve a donn\u00e9 100\u2019000\u00a0francs. Le reste provient de \u00abbusiness angels\u00bb allemands et de partenaires strat\u00e9giques priv\u00e9s, d\u00e9j\u00e0 actifs dans l\u2019esth\u00e9tique. Ce financement permettra \u00e9galement d\u2019obtenir la certification ISO et d\u2019avancer sur le marquage CE de la communaut\u00e9 europ\u00e9enne. \u00abLe syst\u00e8me de qualit\u00e9 est tr\u00e8s strict, rel\u00e8ve Bryan, tout comme le c\u00f4t\u00e9 r\u00e9glementaire. Heureusement, nous sommes bien entour\u00e9s par une \u00e9quipe comp\u00e9tente et bienveillante.\u00bb Le produit devrait \u00eatre commercialis\u00e9 dans deux ans et demi.<\/p>\n<p>Un produit qui rapporte gros<\/p>\n<p class=\"ArticleParagraph_root__lhFZo ArticleContainer_content-width__FRl7F link_focus__0ZMwx link_externalicon-big__ZdPgo link_externalicon__qcwXs ArticleElement_article-element__q93eL\">Les fillers sont un march\u00e9 en pleine expansion et l\u2019acide hyaluronique a le vent en poupe. Destin\u00e9 \u00e0 combler les ridules et \u00e0 redonner du volume aux pommettes et aux l\u00e8vres, ce produit de comblement g\u00e9n\u00e8re plusieurs milliards de chiffre d\u2019affaires par an. Le march\u00e9 de l\u2019acide hyaluronique \u00e0 usage m\u00e9dical (pour soulager les douleurs articulaires) et esth\u00e9tique a connu une forte croissance au niveau mondial. S\u2019\u00e9levant <a href=\"https:\/\/www.gminsights.com\/fr\/industry-analysis\/hyaluronic-acid-market\" class=\"HtmlText_root__A1OSq\" target=\"_blank\" rel=\"noopener noreferrer\">\u00e0 5,4\u00a0milliards de dollars en 2024,<\/a> il devrait cro\u00eetre de pr\u00e8s de 8% pour atteindre 11\u00a0milliards en 2034. <a href=\"https:\/\/www.databridgemarketresearch.com\/fr\/reports\/europe-hyaluronic-acid-market\" class=\"HtmlText_root__A1OSq\" target=\"_blank\" rel=\"noopener noreferrer\">En Europe<\/a>, il s\u2019\u00e9levait \u00e0 environ 2\u00a0milliards de francs en 2024 et devrait atteindre les 3,6\u00a0milliards dans cinq ans.<\/p>\n<p class=\"ArticleParagraph_root__lhFZo ArticleContainer_content-width__FRl7F link_focus__0ZMwx link_externalicon-big__ZdPgo link_externalicon__qcwXs ArticleElement_article-element__q93eL\">L\u2019une des tendances notables du march\u00e9 de l\u2019acide hyaluronique est la demande croissante de proc\u00e9dures cosm\u00e9tiques non chirurgicales, en particulier de traitements injectables. Les produits de comblement \u00e0 base d\u2019acide hyaluronique ont gagn\u00e9 en popularit\u00e9 pour leur capacit\u00e9 \u00e0 augmenter le volume du visage, \u00e0 lisser les rides et \u00e0 am\u00e9liorer l\u2019hydratation de la peau. Outre l\u2019esth\u00e9tique, il est aussi destin\u00e9 \u00e0 l\u2019usage m\u00e9dical, pour soulager les douleurs articulaires.<\/p>\n<p class=\"DynamicTeaser_boxtitle__B6piN\">Un march\u00e9 esth\u00e9tique en plein essor<\/p>\n<p>Judith Monfrini est journaliste \u00e0 la rubrique locale. De formation juridique, elle a obtenu son dipl\u00f4me au Centre de formation au Journalisme et aux M\u00e9dias (CFJM) en 2015. Elle a travaill\u00e9 plus de dix ans pour le groupe M\u00e9diaone. (Radio Lac, One fm)<a class=\"ArticleAuthorBio_moreinfo__cqyvz link_underlinelink__K5Zr0\" rel=\"author noopener\" href=\"https:\/\/www.24heures.ch\/author\/31119089\/judith-monfrini\" target=\"_blank\">Plus d&rsquo;infos<\/a><\/p>\n<p class=\"Feedback_root__fr_Mi ArticleContainer_content-width__FRl7F\">Vous avez trouv\u00e9 une erreur?<a href=\"mailto:tes_correction@tamedia.ch?subject=Avis%20d'erreur%20%7C%20Judith%20Monfrini%20%7C%20Une%20start-up%20romande%20veut%20r%C3%A9volutionner%20l%E2%80%99industrie%20de%20l%E2%80%99esth%C3%A9tique&amp;body=J'ai%20trouv%C3%A9%20une%20erreur%20dans%20cet%20article%3A%20https%3A%2F%2Fwww.24heures.ch%2Fgeneve-1-million-pour-developper-un-produit-esthetique-647398632613\" class=\"Feedback_feedbacklink__VyDCi link_underlinelink__K5Zr0\">Merci de nous la signaler.<\/a><\/p>\n<p>13 commentaires<\/p>\n","protected":false},"excerpt":{"rendered":"Produit antivieillissement \u2013 Une start-up romande veut r\u00e9volutionner l\u2019industrie de l\u2019esth\u00e9tique D\u00e9couvert \u00e0 l\u2019Universit\u00e9 de Gen\u00e8ve, un acide&hellip;\n","protected":false},"author":2,"featured_media":381935,"comment_status":"","ping_status":"","sticky":false,"template":"","format":"standard","meta":{"footnotes":""},"categories":[10],"tags":[1011,27,72,71,37086,2300],"class_list":{"0":"post-381934","1":"post","2":"type-post","3":"status-publish","4":"format-standard","5":"has-post-thumbnail","7":"category-sante","8":"tag-fr","9":"tag-france","10":"tag-health","11":"tag-sante","12":"tag-stats-editorial-team","13":"tag-stats-seo"},"share_on_mastodon":{"url":"https:\/\/pubeurope.com\/@fr\/115183898055487649","error":""},"_links":{"self":[{"href":"https:\/\/www.europesays.com\/fr\/wp-json\/wp\/v2\/posts\/381934","targetHints":{"allow":["GET"]}}],"collection":[{"href":"https:\/\/www.europesays.com\/fr\/wp-json\/wp\/v2\/posts"}],"about":[{"href":"https:\/\/www.europesays.com\/fr\/wp-json\/wp\/v2\/types\/post"}],"author":[{"embeddable":true,"href":"https:\/\/www.europesays.com\/fr\/wp-json\/wp\/v2\/users\/2"}],"replies":[{"embeddable":true,"href":"https:\/\/www.europesays.com\/fr\/wp-json\/wp\/v2\/comments?post=381934"}],"version-history":[{"count":0,"href":"https:\/\/www.europesays.com\/fr\/wp-json\/wp\/v2\/posts\/381934\/revisions"}],"wp:featuredmedia":[{"embeddable":true,"href":"https:\/\/www.europesays.com\/fr\/wp-json\/wp\/v2\/media\/381935"}],"wp:attachment":[{"href":"https:\/\/www.europesays.com\/fr\/wp-json\/wp\/v2\/media?parent=381934"}],"wp:term":[{"taxonomy":"category","embeddable":true,"href":"https:\/\/www.europesays.com\/fr\/wp-json\/wp\/v2\/categories?post=381934"},{"taxonomy":"post_tag","embeddable":true,"href":"https:\/\/www.europesays.com\/fr\/wp-json\/wp\/v2\/tags?post=381934"}],"curies":[{"name":"wp","href":"https:\/\/api.w.org\/{rel}","templated":true}]}}