{"id":381936,"date":"2025-09-11T04:59:10","date_gmt":"2025-09-11T04:59:10","guid":{"rendered":"https:\/\/www.europesays.com\/fr\/381936\/"},"modified":"2025-09-11T04:59:10","modified_gmt":"2025-09-11T04:59:10","slug":"zinedine-zidane-arrive-les-joueurs-des-bleus-nen-peuvent-plus","status":"publish","type":"post","link":"https:\/\/www.europesays.com\/fr\/381936\/","title":{"rendered":"Zinedine Zidane arrive, les joueurs des Bleus n&rsquo;en peuvent plus"},"content":{"rendered":"<p>Zin\u00e9dine Zidane reste silencieux publiquement, mais son objectif est limpide : devenir s\u00e9lectionneur de l\u2019\u00e9quipe de France apr\u00e8s Didier Deschamps, sans doute \u00e0 l\u2019issue du Mondial 2026.<\/p>\n<p>Zidane pr\u00e9pare son coup pour les Bleus\u2026 rien n\u2019est encore fait (officiellement) pour l\u2019arriv\u00e9e de Zizou \u00e0 la t\u00eate de l\u2019Equipe de France. Mais selon L\u2019\u00c9quipe, l\u2019ex-coach du Real Madrid (libre depuis 2021) travaille d\u00e9j\u00e0 en coulisses : visionnage de matchs europ\u00e9ens et exotiques, prise de notes, mise au point de ses id\u00e9es de jeu.<\/p>\n<p>En parall\u00e8le, il consulte Laurent Blanc et active son r\u00e9seau pour glaner des infos sur la personnalit\u00e9 des joueurs. R\u00e9sultat : Zizou conna\u00eet d\u00e9j\u00e0 l\u2019int\u00e9rieur du vestiaire tricolore sur le bout des doigts.<\/p>\n<p>Le vestiaire attend Zidane, la FFF pense \u00e0 Thierry Henry<\/p>\n<p>\u00ab Il sait tout. Les infos lui remontent naturellement. Et il sait que des joueurs r\u00eavent de bosser avec lui \u00bb, confie un proche.<\/p>\n<p>De son c\u00f4t\u00e9, Philippe Diallo garde Zidane en haut de sa short-list, malgr\u00e9 son admiration pour Thierry Henry. En attendant, Deschamps poursuit sa mission\u2026 mais l\u2019ombre de Zizou s\u2019\u00e9tend d\u00e9j\u00e0 sur Clairefontaine.<\/p>\n<p class=\"relate\">A lire aussi:<\/p>\n","protected":false},"excerpt":{"rendered":"Zin\u00e9dine Zidane reste silencieux publiquement, mais son objectif est limpide : devenir s\u00e9lectionneur de l\u2019\u00e9quipe de France apr\u00e8s&hellip;\n","protected":false},"author":2,"featured_media":265825,"comment_status":"","ping_status":"","sticky":false,"template":"","format":"standard","meta":{"footnotes":""},"categories":[9],"tags":[1011,27,60],"class_list":{"0":"post-381936","1":"post","2":"type-post","3":"status-publish","4":"format-standard","5":"has-post-thumbnail","7":"category-sports","8":"tag-fr","9":"tag-france","10":"tag-sports"},"share_on_mastodon":{"url":"https:\/\/pubeurope.com\/@fr\/115183902220008296","error":""},"_links":{"self":[{"href":"https:\/\/www.europesays.com\/fr\/wp-json\/wp\/v2\/posts\/381936","targetHints":{"allow":["GET"]}}],"collection":[{"href":"https:\/\/www.europesays.com\/fr\/wp-json\/wp\/v2\/posts"}],"about":[{"href":"https:\/\/www.europesays.com\/fr\/wp-json\/wp\/v2\/types\/post"}],"author":[{"embeddable":true,"href":"https:\/\/www.europesays.com\/fr\/wp-json\/wp\/v2\/users\/2"}],"replies":[{"embeddable":true,"href":"https:\/\/www.europesays.com\/fr\/wp-json\/wp\/v2\/comments?post=381936"}],"version-history":[{"count":0,"href":"https:\/\/www.europesays.com\/fr\/wp-json\/wp\/v2\/posts\/381936\/revisions"}],"wp:featuredmedia":[{"embeddable":true,"href":"https:\/\/www.europesays.com\/fr\/wp-json\/wp\/v2\/media\/265825"}],"wp:attachment":[{"href":"https:\/\/www.europesays.com\/fr\/wp-json\/wp\/v2\/media?parent=381936"}],"wp:term":[{"taxonomy":"category","embeddable":true,"href":"https:\/\/www.europesays.com\/fr\/wp-json\/wp\/v2\/categories?post=381936"},{"taxonomy":"post_tag","embeddable":true,"href":"https:\/\/www.europesays.com\/fr\/wp-json\/wp\/v2\/tags?post=381936"}],"curies":[{"name":"wp","href":"https:\/\/api.w.org\/{rel}","templated":true}]}}