{"id":381939,"date":"2025-09-11T05:01:11","date_gmt":"2025-09-11T05:01:11","guid":{"rendered":"https:\/\/www.europesays.com\/fr\/381939\/"},"modified":"2025-09-11T05:01:11","modified_gmt":"2025-09-11T05:01:11","slug":"des-chercheurs-accusent-le-disque-de-fomalhaut-de-perturber-brutalement-son-environnement-spatial","status":"publish","type":"post","link":"https:\/\/www.europesays.com\/fr\/381939\/","title":{"rendered":"des chercheurs accusent le disque de Fomalhaut de perturber brutalement son environnement spatial"},"content":{"rendered":"<tr>\n<td><strong>EN BREF<\/strong><\/td>\n<\/tr>\n<tr>\n<td>\n<ul>\n<li>\u2728 Les images d\u2019ALMA r\u00e9v\u00e8lent que le disque de Fomalhaut a une <strong>excentricit\u00e9 variable<\/strong>.<\/li>\n<li>\ud83d\udd0d La variation d\u2019excentricit\u00e9 pourrait indiquer la pr\u00e9sence d\u2019une <strong>plan\u00e8te cach\u00e9e<\/strong> influen\u00e7ant le disque.<\/li>\n<li>\ud83d\udcc8 L\u2019\u00e9tude offre un nouvel outil pour d\u00e9tecter d\u2019autres <strong>corps cosmiques<\/strong> invisibles par l\u2019examen des disques de d\u00e9bris.<\/li>\n<li>\ud83d\udd2c Les chercheurs poursuivent leurs observations pour confirmer ces <strong>d\u00e9couvertes<\/strong> et en apprendre davantage sur le syst\u00e8me.<\/li>\n<\/ul>\n<\/td>\n<\/tr>\n<p>Situ\u00e9e \u00e0 seulement 25 ann\u00e9es-lumi\u00e8re de la Terre, la star Fomalhaut intrigue les astronomes depuis pr\u00e8s de deux d\u00e9cennies. Entour\u00e9e d\u2019un disque de poussi\u00e8re et de d\u00e9bris, cette \u00e9toile pr\u00e9sente un ph\u00e9nom\u00e8ne inhabituel : un disque qui semble d\u00e9s\u00e9quilibr\u00e9, comme si l\u2019\u00e9toile avait \u00e9t\u00e9 d\u00e9plac\u00e9e de son centre. Gr\u00e2ce aux images les plus pr\u00e9cises jamais obtenues par l\u2019Atacama Large Millimeter\/submillimeter Array (ALMA), les chercheurs commencent \u00e0 \u00e9lucider le myst\u00e8re de cette structure excentrique.<\/p>\n<p>Comprendre la structure excentrique du disque<\/p>\n<p>Les mod\u00e8les ant\u00e9rieurs supposaient que l\u2019excentricit\u00e9 du disque de Fomalhaut \u00e9tait constante. Cependant, ces mod\u00e8les simplistes ne correspondaient pas aux observations r\u00e9elles. Le c\u00f4t\u00e9 nord-ouest de l\u2019anneau appara\u00eet environ 21 % plus lumineux que le sud-est, et la largeur du disque varie \u00e9galement. Un mod\u00e8le d\u2019excentricit\u00e9 uniforme ne pouvait pas expliquer ces diff\u00e9rences de luminosit\u00e9 et d\u2019asym\u00e9trie.<\/p>\n<p>Pour r\u00e9soudre cette \u00e9nigme, l\u2019\u00e9quipe de Joshua Bennett Lovell a \u00e9labor\u00e9 un mod\u00e8le o\u00f9 l\u2019excentricit\u00e9 varie en fonction de la distance par rapport \u00e0 Fomalhaut. Ce mod\u00e8le, appliqu\u00e9 aux donn\u00e9es d\u2019ALMA, a r\u00e9v\u00e9l\u00e9 une diminution marqu\u00e9e : le disque int\u00e9rieur est plus allong\u00e9, tandis que la bordure ext\u00e9rieure tend vers une forme circulaire. Ce sch\u00e9ma concorde avec les pr\u00e9visions sur l\u2019influence gravitationnelle d\u2019une plan\u00e8te g\u00e9ante qui pourrait sculpter le mat\u00e9riau environnant.<\/p>\n<blockquote class=\"wp-embedded-content\" data-secret=\"5x3tMd3ScZ\">\n<p><a href=\"https:\/\/www.innovant.fr\/2025\/08\/20\/on-voit-limpensable-un-trou-noir-geant-illumine-par-le-big-bang-crache-un-jet-cosmique-de-11-milliards-dannees\/\" rel=\"nofollow noopener\" target=\"_blank\">\u00ab On voit l\u2019impensable \u00bb : un trou noir g\u00e9ant illumin\u00e9 par le Big Bang crache un jet cosmique de 11 milliards d\u2019ann\u00e9es<\/a><\/p>\n<\/blockquote>\n<p>Les simulations indiquent que ce mod\u00e8le pourrait perdurer pendant plus de 440 millions d\u2019ann\u00e9es, l\u2019\u00e2ge actuel du syst\u00e8me de Fomalhaut. Cela renforce l\u2019hypoth\u00e8se qu\u2019une plan\u00e8te massive, encore invisible, orbite \u00e0 l\u2019int\u00e9rieur du disque et en fa\u00e7onne la structure depuis la jeunesse du syst\u00e8me.<\/p>\n<p>Un nouvel outil pour d\u00e9tecter les corps cosmiques cach\u00e9s<\/p>\n<p>Cette d\u00e9couverte d\u00e9passe l\u2019explication du halo poussi\u00e9reux de Fomalhaut. Elle offre aux astronomes un nouvel outil diagnostique. Les gradients d\u2019excentricit\u00e9 dans les disques de d\u00e9bris pourraient servir d\u2019indicateurs de plan\u00e8tes invisibles. De m\u00eame que Neptune a \u00e9t\u00e9 d\u00e9couverte gr\u00e2ce \u00e0 son influence gravitationnelle bien avant d\u2019\u00eatre observ\u00e9e directement, des mondes cach\u00e9s autour d\u2019autres \u00e9toiles pourraient d\u2019abord se r\u00e9v\u00e9ler par la forme de la poussi\u00e8re environnante.<\/p>\n<blockquote class=\"wp-embedded-content\" data-secret=\"tmvRFI25yO\">\n<p><a href=\"https:\/\/www.innovant.fr\/2025\/08\/27\/lunivers-tremble-ce-trou-noir-geant-projette-un-jet-de-11-milliards-dannees-defiant-les-lois-physiques\/\" rel=\"nofollow noopener\" target=\"_blank\">\u00ab L\u2019univers tremble \u00bb : ce trou noir g\u00e9ant projette un jet de 11 milliards d\u2019ann\u00e9es d\u00e9fiant les lois physiques<\/a><\/p>\n<\/blockquote>\n<p>Cependant, cette recherche pr\u00e9sente certaines limites. La plan\u00e8te suppos\u00e9e responsable n\u2019a pas encore \u00e9t\u00e9 observ\u00e9e, et d\u2019autres processus, tels que les collisions de poussi\u00e8res ou l\u2019auto-gravit\u00e9 dans l\u2019anneau, pourraient \u00e9galement influencer sa structure. Pour valider davantage leurs conclusions, les chercheurs ont obtenu des observations suppl\u00e9mentaires d\u2019ALMA qui cartographieront le disque avec encore plus de pr\u00e9cision.<\/p>\n<p>Les implications pour la compr\u00e9hension des syst\u00e8mes stellaires<\/p>\n<p>Les r\u00e9sultats de cette \u00e9tude ont des implications significatives pour notre compr\u00e9hension des syst\u00e8mes stellaires. En identifiant les gradients d\u2019excentricit\u00e9 comme des signatures potentielles de plan\u00e8tes cach\u00e9es, les astronomes peuvent d\u00e9sormais explorer d\u2019autres syst\u00e8mes avec des m\u00e9thodes similaires. Cette approche pourrait r\u00e9v\u00e9ler de nouvelles plan\u00e8tes qui n\u2019ont pas encore \u00e9t\u00e9 d\u00e9tect\u00e9es par d\u2019autres moyens.<\/p>\n<blockquote class=\"wp-embedded-content\" data-secret=\"ZkW2LEhq5e\">\n<p><a href=\"https:\/\/www.innovant.fr\/2024\/08\/18\/enquete-choc-ces-influenceurs-tres-connus-qui-achetent-des-followers-pour-gagner-de-largent\/\" rel=\"nofollow noopener\" target=\"_blank\">Enqu\u00eate choc : ces influenceurs tr\u00e8s connus qui ach\u00e8tent des followers pour gagner de l\u2019argent<\/a><\/p>\n<\/blockquote>\n<p>En outre, la publication du code de mod\u00e9lisation par les auteurs de l\u2019\u00e9tude permet \u00e0 d\u2019autres chercheurs d\u2019appliquer cette m\u00e9thodologie \u00e0 des syst\u00e8mes similaires, favorisant ainsi une plus grande transparence et collaboration dans le domaine de l\u2019astronomie.<\/p>\n<p>Perspectives futures et questions en suspens<\/p>\n<p>Les chercheurs esp\u00e8rent que les futures observations d\u2019ALMA confirmeront le gradient d\u2019excentricit\u00e9 et fourniront des indices plus directs sur la plan\u00e8te elle-m\u00eame. Ces donn\u00e9es pourraient r\u00e9volutionner notre compr\u00e9hension des disques circumstellaires et des processus dynamiques qui les fa\u00e7onnent.<\/p>\n<p>Malgr\u00e9 les avanc\u00e9es significatives, plusieurs questions demeurent ouvertes. Quelle est la nature exacte de la plan\u00e8te soup\u00e7onn\u00e9e ? Quels autres processus pourraient influencer la structure du disque ? Ces interrogations stimulent la recherche continue et ouvrent la voie \u00e0 de nouvelles d\u00e9couvertes passionnantes dans l\u2019exploration des syst\u00e8mes plan\u00e9taires.<\/p>\n<p>En conclusion, la d\u00e9couverte d\u2019un gradient d\u2019excentricit\u00e9 dans le disque de Fomalhaut offre de nouvelles perspectives fascinantes pour l\u2019\u00e9tude des syst\u00e8mes stellaires. Ces r\u00e9sultats soul\u00e8vent des questions sur la pr\u00e9sence de plan\u00e8tes cach\u00e9es et sur les processus dynamiques qui fa\u00e7onnent les disques circumstellaires. Comment ces d\u00e9couvertes transformeront-elles notre compr\u00e9hension de l\u2019Univers et quels secrets restent encore \u00e0 d\u00e9couvrir ?<\/p>\n<p>Cet article s\u2019appuie sur des sources v\u00e9rifi\u00e9es et l\u2019assistance de technologies \u00e9ditoriales.<\/p>\n<p id=\"rating\">\u00c7a vous a plu ?\u00a04.5\/5 (21)<\/p>\n<p> [mc4wp_form id=2917]<\/p>\n","protected":false},"excerpt":{"rendered":"EN BREF \u2728 Les images d\u2019ALMA r\u00e9v\u00e8lent que le disque de Fomalhaut a une excentricit\u00e9 variable. \ud83d\udd0d La&hellip;\n","protected":false},"author":2,"featured_media":381940,"comment_status":"","ping_status":"","sticky":false,"template":"","format":"standard","meta":{"footnotes":""},"categories":[7],"tags":[1011,27,43,40,41,39,42,44],"class_list":{"0":"post-381939","1":"post","2":"type-post","3":"status-publish","4":"format-standard","5":"has-post-thumbnail","7":"category-sciences-et-technologies","8":"tag-fr","9":"tag-france","10":"tag-science","11":"tag-science-and-technology","12":"tag-sciences","13":"tag-sciences-et-technologies","14":"tag-technologies","15":"tag-technology"},"share_on_mastodon":{"url":"https:\/\/pubeurope.com\/@fr\/115183909929680264","error":""},"_links":{"self":[{"href":"https:\/\/www.europesays.com\/fr\/wp-json\/wp\/v2\/posts\/381939","targetHints":{"allow":["GET"]}}],"collection":[{"href":"https:\/\/www.europesays.com\/fr\/wp-json\/wp\/v2\/posts"}],"about":[{"href":"https:\/\/www.europesays.com\/fr\/wp-json\/wp\/v2\/types\/post"}],"author":[{"embeddable":true,"href":"https:\/\/www.europesays.com\/fr\/wp-json\/wp\/v2\/users\/2"}],"replies":[{"embeddable":true,"href":"https:\/\/www.europesays.com\/fr\/wp-json\/wp\/v2\/comments?post=381939"}],"version-history":[{"count":0,"href":"https:\/\/www.europesays.com\/fr\/wp-json\/wp\/v2\/posts\/381939\/revisions"}],"wp:featuredmedia":[{"embeddable":true,"href":"https:\/\/www.europesays.com\/fr\/wp-json\/wp\/v2\/media\/381940"}],"wp:attachment":[{"href":"https:\/\/www.europesays.com\/fr\/wp-json\/wp\/v2\/media?parent=381939"}],"wp:term":[{"taxonomy":"category","embeddable":true,"href":"https:\/\/www.europesays.com\/fr\/wp-json\/wp\/v2\/categories?post=381939"},{"taxonomy":"post_tag","embeddable":true,"href":"https:\/\/www.europesays.com\/fr\/wp-json\/wp\/v2\/tags?post=381939"}],"curies":[{"name":"wp","href":"https:\/\/api.w.org\/{rel}","templated":true}]}}