{"id":381941,"date":"2025-09-11T05:02:12","date_gmt":"2025-09-11T05:02:12","guid":{"rendered":"https:\/\/www.europesays.com\/fr\/381941\/"},"modified":"2025-09-11T05:02:12","modified_gmt":"2025-09-11T05:02:12","slug":"budget-ce-plan-du-gouvernement-qui-promet-des-annees-difficiles-aux-retraites-jusquen-2030","status":"publish","type":"post","link":"https:\/\/www.europesays.com\/fr\/381941\/","title":{"rendered":"Budget : ce plan du gouvernement qui promet des ann\u00e9es difficiles aux retrait\u00e9s jusqu\u2019en 2030"},"content":{"rendered":"<p>Depuis plusieurs semaines, le mot d&rsquo;ordre est \u00e0 la rigueur budg\u00e9taire. Dans les couloirs du pouvoir, le projet de budget 2026 se pr\u00e9pare avec la discr\u00e9tion des grands bouleversements. Pourtant, une partie de la population n&rsquo;aura pas pu manquer les signaux envoy\u00e9s depuis Paris : d\u00e8s l&rsquo;an prochain, les retrait\u00e9s fran\u00e7ais seront en premi\u00e8re ligne. Pas besoin d&rsquo;\u00eatre devin pour comprendre que leur porte-monnaie sera au c\u0153ur des \u00e9conomies vis\u00e9es\u2026 Le gouvernement, pour redresser les comptes de la S\u00e9curit\u00e9 sociale, entend bien puiser une part importante de l&rsquo;effort dans les <a href=\"https:\/\/journaldesseniors.20minutes.fr\/actualite\/revalorisation-des-retraites-au-1er-septembre-2024-combien-allez-vous-toucher-et-sous-quelles-conditions\/\" target=\"_blank\" rel=\"noopener\">pensions des seniors<\/a>. Le point sur ces mesures qui redessinent le paysage de la retraite, et sur ce qui attend les Fran\u00e7ais jusqu&rsquo;en 2030. Pr\u00e9parez-vous : les ann\u00e9es difficiles semblent bel et bien \u00e0 l&rsquo;ordre du jour.<\/p>\n<p>Le tournant budg\u00e9taire du gouvernement : pourquoi les retrait\u00e9s sont en premi\u00e8re ligne<\/p>\n<p>Dans sa qu\u00eate d&rsquo;\u00e9quilibre des finances publiques, l&rsquo;ex\u00e9cutif ne cache plus son intention de s&rsquo;attaquer au poste des retraites. <strong>Avec pr\u00e8s de 17 millions de b\u00e9n\u00e9ficiaires pour des d\u00e9penses fr\u00f4lant les 340 milliards d&rsquo;euros par an<\/strong>, difficile d&rsquo;imaginer un plan d&rsquo;aust\u00e9rit\u00e9 sans toucher \u00e0 cette manne. Entre \u00e9conomies \u00e0 grande \u00e9chelle et mesures cibl\u00e9es sur les prestations, chaque d\u00e9cision s&rsquo;annonce d\u00e9cisive pour la vie quotidienne des seniors.<\/p>\n<p>La raison de ce ciblage est simple : les retrait\u00e9s p\u00e8sent lourdement dans la d\u00e9pense publique, alors que la croissance \u00e9conomique tarde \u00e0 d\u00e9coller et que la population vieillit. Ajoutez \u00e0 cela <strong>l&rsquo;augmentation des d\u00e9penses li\u00e9es \u00e0 la sant\u00e9 et \u00e0 la d\u00e9pendance<\/strong>\u2026 et voil\u00e0 une cat\u00e9gorie devenue la variable d&rsquo;ajustement quasi incontournable du budget national.<\/p>\n<p> Les grandes lignes du nouveau projet de budget et ses impacts directs<\/p>\n<p>Le c\u0153ur du dispositif r\u00e9side dans <strong>une \u00ab ann\u00e9e blanche \u00bb en 2026<\/strong>, c&rsquo;est-\u00e0-dire un gel complet des pensions, suivi de revalorisations bien plus timides jusqu&rsquo;en 2030. Ce plan s&rsquo;accompagne de la remise \u00e0 plat de certains <a href=\"https:\/\/journaldesseniors.20minutes.fr\/retraite\/nouveaux-abattements-fiscaux-retraites-2024\/\" target=\"_blank\" rel=\"noopener\">avantages fiscaux<\/a>, de quoi alourdir la note pour bon nombre de foyers d\u00e9j\u00e0 fragilis\u00e9s. Plus qu&rsquo;une mesure ponctuelle, c&rsquo;est toute la logique d&rsquo;indexation des pensions sur l&rsquo;inflation qui se voit remise en cause, faisant peser la charge de l&rsquo;effort collectif sur les plus \u00e2g\u00e9s.<\/p>\n<p>D\u00e9cryptage : pourquoi les retrait\u00e9s deviennent la variable d&rsquo;ajustement centrale<\/p>\n<p>Ce choix n&rsquo;est pas anodin. Les retrait\u00e9s sont nombreux, organis\u00e9s\u2026 mais aussi parfois moins audibles politiquement que d&rsquo;autres cat\u00e9gories. <strong>Leur revenu est stable mais pas extensible<\/strong>, et l&rsquo;\u00c9tat consid\u00e8re qu&rsquo;ils disposent de \u00ab marges de man\u0153uvre \u00bb du fait, notamment, de leur patrimoine. Un argument qui fait grincer des dents, surtout dans un contexte o\u00f9 le moindre euro compte d\u00e9sormais au quotidien.<\/p>\n<p>Ann\u00e9e blanche et gel : comprendre ce que le gouvernement pr\u00e9pare pour 2026<\/p>\n<p>2026 marquera un tournant in\u00e9dit : le pouvoir ex\u00e9cutif pr\u00e9voit de <strong>geler totalement les pensions<\/strong> vers\u00e9es aux retrait\u00e9s fran\u00e7ais. En d&rsquo;autres termes, la <a href=\"https:\/\/journaldesseniors.20minutes.fr\/retraite\/13-millions-retraites-double-hausse-pension-fin-annee\/\" target=\"_blank\" rel=\"noopener\">hausse annuelle<\/a> s&rsquo;\u00e9clipsera, tandis que les prix, eux, continueront d&rsquo;augmenter. Si l&rsquo;inflation se maintient autour de 1 \u00e0 2 %, la perte de pouvoir d&rsquo;achat risque d&rsquo;\u00eatre palpable pour des millions de personnes.<\/p>\n<p>Le m\u00e9canisme de l&rsquo;ann\u00e9e blanche : un rem\u00e8de ou un coup d&rsquo;arr\u00eat pour les pensions ?<\/p>\n<p>L&rsquo;\u00ab ann\u00e9e blanche \u00bb consiste \u00e0 <strong>suspendre toute revalorisation<\/strong> des pensions de base et compl\u00e9mentaires pendant douze mois. Cela implique un d\u00e9calage significatif : en 2026, un retrait\u00e9 percevant 1 000 euros en janvier gardera cette somme jusqu&rsquo;en d\u00e9cembre, m\u00eame si l&rsquo;\u00e9lectricit\u00e9 ou l&rsquo;alimentation augmentent consid\u00e9rablement. Cette pause forc\u00e9e vise, selon l&rsquo;ex\u00e9cutif, \u00e0 \u00ab donner un coup de frein \u00bb \u00e0 la d\u00e9pense sociale. D&rsquo;un point de vue budg\u00e9taire, l&rsquo;op\u00e9ration est rentable\u2026 Sur le terrain, l&rsquo;impact risque d&rsquo;\u00eatre tout autre.<\/p>\n<p> Les cons\u00e9quences du gel annonc\u00e9 sur le pouvoir d&rsquo;achat des retrait\u00e9s<\/p>\n<p><strong>Le gel des pensions va \u00e9roder progressivement le pouvoir d&rsquo;achat<\/strong>. Les d\u00e9penses incompressibles, comme les factures d&rsquo;\u00e9nergie ou les frais de sant\u00e9, continueront leur progression. Illustration concr\u00e8te : pour un retrait\u00e9 au revenu moyen, le manque \u00e0 gagner pourrait d\u00e9passer 160 euros sur l&rsquo;ann\u00e9e. Une somme cons\u00e9quente, surtout lorsque chaque centime compte pour \u00e9quilibrer son budget mensuel.<\/p>\n<p>Moins d&rsquo;augmentation des pensions jusqu&rsquo;en 2030 : la douloureuse \u00e9quation des ann\u00e9es \u00e0 venir<\/p>\n<p>Une fois pass\u00e9e la temp\u00eate du gel, les retrait\u00e9s ne seront pas au bout de leurs peines : <strong>de 2027 \u00e0 2030, les pensions seront revaloris\u00e9es moins vite que l&rsquo;inflation<\/strong>. Cette sous-indexation progressive installera une perte de ressources sur la dur\u00e9e, moins visible mais tout aussi persistante.<\/p>\n<p>Des revalorisations rabot\u00e9es, qu&rsquo;est-ce que cela change concr\u00e8tement ?<\/p>\n<p>Au lieu de s&rsquo;adapter au co\u00fbt de la vie, les pensions verront leur augmentation annuelle amput\u00e9e de pr\u00e8s d&rsquo;un demi-point. Le gouvernement table ici sur des <strong>\u00e9conomies records, atteignant plusieurs milliards d&rsquo;euros chaque ann\u00e9e<\/strong>. Mais pour les m\u00e9nages concern\u00e9s, l&rsquo;impact est consid\u00e9rable : moins d&rsquo;augmentation signifie une capacit\u00e9 r\u00e9duite \u00e0 faire face \u00e0 la hausse des loyers, des services, et m\u00eame du panier moyen \u00e0 l&rsquo;\u00e9picerie.<\/p>\n<p>Le tableau ci-dessous illustre le glissement du pouvoir d&rsquo;achat d&rsquo;un retrait\u00e9 moyen pour un niveau d&rsquo;inflation mod\u00e9r\u00e9 :<\/p>\n<tr>\nAnn\u00e9e<br \/>\nPension mensuelle (hors revalorisation)<br \/>\nPension attendue (avec indexation compl\u00e8te)<br \/>\nManque \u00e0 gagner sur l&rsquo;ann\u00e9e<br \/>\n<\/tr>\n<tr>\n<td>2025<\/td>\n<td>1 000 \u20ac<\/td>\n<td>1 000 \u20ac<\/td>\n<td>0 \u20ac<\/td>\n<\/tr>\n<tr>\n<td>2026 (ann\u00e9e blanche)<\/td>\n<td>1 000 \u20ac<\/td>\n<td>1 014 \u20ac<\/td>\n<td>168 \u20ac<\/td>\n<\/tr>\n<tr>\n<td>2027<\/td>\n<td>1 008 \u20ac<\/td>\n<td>1 028 \u20ac<\/td>\n<td>240 \u20ac<\/td>\n<\/tr>\n<tr>\n<td>2028<\/td>\n<td>1 018 \u20ac<\/td>\n<td>1 042 \u20ac<\/td>\n<td>288 \u20ac<\/td>\n<\/tr>\n<p>Entre inflation et exon\u00e9ration : comment les retrait\u00e9s risquent de perdre sur tous les fronts<\/p>\n<p><strong>Comme si le gel des pensions ne suffisait pas<\/strong>, les avantages fiscaux historiques sont \u00e9galement remis en question. L&rsquo;abattement de 10 % sur les pensions, introduit il y a plus de quarante ans, serait remplac\u00e9 par un forfait fixe, g\u00e9n\u00e9ralement de 2 000 euros. Cons\u00e9quence : pour de nombreux foyers, en particulier les classes moyennes, le niveau d&rsquo;imposition augmenterait significativement, faisant grimper le montant de la CSG ou supprimant l&rsquo;acc\u00e8s \u00e0 certaines aides. De quoi accentuer un sentiment d&rsquo;injustice d\u00e9j\u00e0 pr\u00e9sent.<\/p>\n<p> Comment les retrait\u00e9s s&rsquo;organisent d\u00e9j\u00e0 face \u00e0 cette nouvelle donne budg\u00e9taire<\/p>\n<p>Face \u00e0 ces perspectives, la r\u00e9silience s&rsquo;organise. <strong>De nombreux seniors cherchent \u00e0 ajuster leur budget, repensent leurs priorit\u00e9s, ou se tournent vers la solidarit\u00e9 familiale<\/strong>. Les discussions familiales portent de plus en plus souvent sur les \u00e9conomies possibles et les astuces pour r\u00e9duire les d\u00e9penses. Certains d\u00e9veloppent des strat\u00e9gies d&rsquo;adaptation, multipliant les demandes d&rsquo;aides sociales, l&rsquo;optimisation de leur fiscalit\u00e9 ou les placements judicieux pour compl\u00e9ter leurs revenus mensuels.<\/p>\n<p> T\u00e9moignages et strat\u00e9gies pour limiter la casse<\/p>\n<p>Loin de baisser les bras, les retrait\u00e9s fran\u00e7ais font preuve d&rsquo;ing\u00e9niosit\u00e9 pour vivre mieux avec moins. <strong>Partage de logement, achats group\u00e9s, recours aux associations d&rsquo;aide<\/strong>, ou encore r\u00e9duction des abonnements non essentiels\u2026 Les solutions se multiplient, m\u00eame si toutes ne parviennent pas \u00e0 compenser enti\u00e8rement les restrictions annonc\u00e9es.<\/p>\n<p> Les attentes envers les syndicats et les alternatives demand\u00e9es au gouvernement<\/p>\n<p>Les syndicats retrouvent un r\u00f4le central dans ce contexte. <strong>Mobilisations, p\u00e9titions et propositions d&rsquo;alternatives plus \u00e9quitables<\/strong> marquent cette rentr\u00e9e mouvement\u00e9e. De nombreux retrait\u00e9s plaident pour des mesures cibl\u00e9es sur les revenus les plus \u00e9lev\u00e9s, ou la pr\u00e9servation des petites pensions. Le dialogue social s&rsquo;annonce difficile mais n\u00e9cessaire, tant la pression s&rsquo;intensifie sur les associations de d\u00e9fense des seniors.<\/p>\n<p> Ce que ces mesures laissent entrevoir pour les prochaines ann\u00e9es et pourquoi le d\u00e9bat ne fait que commencer<\/p>\n<p>Au-del\u00e0 des chiffres, <strong>ces mesures dessinent une soci\u00e9t\u00e9 fran\u00e7aise o\u00f9 le foss\u00e9 g\u00e9n\u00e9rationnel pourrait s&rsquo;accentuer<\/strong>. Les jeunes actifs s&rsquo;inqui\u00e8tent du poids croissant du financement des retraites, tandis que les a\u00een\u00e9s d\u00e9fendent leur droit \u00e0 vivre dignement. Les m\u00e9canismes de solidarit\u00e9 traditionnels pourraient \u00eatre bouscul\u00e9s, intensifiant les d\u00e9bats autour de la r\u00e9partition des ressources publiques.<\/p>\n<p>Le spectre d&rsquo;un foss\u00e9 g\u00e9n\u00e9rationnel : quels impacts sur la soci\u00e9t\u00e9 fran\u00e7aise ?<\/p>\n<p>Les ann\u00e9es \u00e0 venir devraient voir \u00e9merger <strong>un d\u00e9bat fondamental sur l&rsquo;\u00e9quit\u00e9 interg\u00e9n\u00e9rationnelle<\/strong>. Est-il judicieux de faire supporter l&rsquo;effort majoritairement par les a\u00een\u00e9s, au risque de compromettre leur qualit\u00e9 de vie, ou faut-il repenser le mod\u00e8le global de protection sociale ? Cette question continuera d&rsquo;animer les discussions, entre d\u00e9fenseurs des droits acquis et partisans d&rsquo;une refonte du syst\u00e8me.<\/p>\n<p>Des ann\u00e9es sous tension : ce que disent d\u00e9j\u00e0 les premi\u00e8res r\u00e9actions et projections<\/p>\n<p><strong>Les premi\u00e8res r\u00e9actions dans la soci\u00e9t\u00e9 fran\u00e7aise t\u00e9moignent d&rsquo;une inqui\u00e9tude grandissante et d&rsquo;un m\u00e9contentement palpable<\/strong>. Depuis l&rsquo;annonce du gel des pensions, les associations d&rsquo;a\u00een\u00e9s mettent en garde contre une pr\u00e9carisation progressive. Les projections \u00e9conomiques annoncent une p\u00e9riode difficile : une phase o\u00f9 l&rsquo;\u00e9quilibre financier devra s&rsquo;adapter \u00e0 une population vieillissante et des attentes sociales de plus en plus fortes.<\/p>\n<p>En d\u00e9finitive, l&rsquo;\u00e9cart risque de s&rsquo;amplifier non seulement entre g\u00e9n\u00e9rations, mais aussi entre retrait\u00e9s eux-m\u00eames, selon le niveau de pension et le patrimoine d\u00e9tenu. Cette r\u00e9alit\u00e9 place la question des retraites au c\u0153ur des enjeux politiques et sociaux pour les ann\u00e9es \u00e0 venir.<\/p>\n<p>Si les mesures gouvernementales apparaissent comme une r\u00e9ponse \u00e0 l&rsquo;imp\u00e9ratif de ma\u00eetrise des finances publiques, elles soul\u00e8vent une interrogation plus profonde : <strong>notre soci\u00e9t\u00e9 est-elle pr\u00eate \u00e0 voir les seniors supporter une part significative de l&rsquo;effort national ?<\/strong> Cette r\u00e9flexion, loin d&rsquo;\u00eatre termin\u00e9e, fa\u00e7onnera ind\u00e9niablement le paysage social fran\u00e7ais jusqu&rsquo;en 2030 et au-del\u00e0.<\/p>\n","protected":false},"excerpt":{"rendered":"Depuis plusieurs semaines, le mot d&rsquo;ordre est \u00e0 la rigueur budg\u00e9taire. Dans les couloirs du pouvoir, le projet&hellip;\n","protected":false},"author":2,"featured_media":381942,"comment_status":"","ping_status":"","sticky":false,"template":"","format":"standard","meta":{"footnotes":""},"categories":[6],"tags":[35,33,34,1011,27,56],"class_list":{"0":"post-381941","1":"post","2":"type-post","3":"status-publish","4":"format-standard","5":"has-post-thumbnail","7":"category-economie","8":"tag-business","9":"tag-economie","10":"tag-economy","11":"tag-fr","12":"tag-france","13":"tag-push"},"share_on_mastodon":{"url":"https:\/\/pubeurope.com\/@fr\/115183913837480514","error":""},"_links":{"self":[{"href":"https:\/\/www.europesays.com\/fr\/wp-json\/wp\/v2\/posts\/381941","targetHints":{"allow":["GET"]}}],"collection":[{"href":"https:\/\/www.europesays.com\/fr\/wp-json\/wp\/v2\/posts"}],"about":[{"href":"https:\/\/www.europesays.com\/fr\/wp-json\/wp\/v2\/types\/post"}],"author":[{"embeddable":true,"href":"https:\/\/www.europesays.com\/fr\/wp-json\/wp\/v2\/users\/2"}],"replies":[{"embeddable":true,"href":"https:\/\/www.europesays.com\/fr\/wp-json\/wp\/v2\/comments?post=381941"}],"version-history":[{"count":0,"href":"https:\/\/www.europesays.com\/fr\/wp-json\/wp\/v2\/posts\/381941\/revisions"}],"wp:featuredmedia":[{"embeddable":true,"href":"https:\/\/www.europesays.com\/fr\/wp-json\/wp\/v2\/media\/381942"}],"wp:attachment":[{"href":"https:\/\/www.europesays.com\/fr\/wp-json\/wp\/v2\/media?parent=381941"}],"wp:term":[{"taxonomy":"category","embeddable":true,"href":"https:\/\/www.europesays.com\/fr\/wp-json\/wp\/v2\/categories?post=381941"},{"taxonomy":"post_tag","embeddable":true,"href":"https:\/\/www.europesays.com\/fr\/wp-json\/wp\/v2\/tags?post=381941"}],"curies":[{"name":"wp","href":"https:\/\/api.w.org\/{rel}","templated":true}]}}