{"id":381943,"date":"2025-09-11T05:03:12","date_gmt":"2025-09-11T05:03:12","guid":{"rendered":"https:\/\/www.europesays.com\/fr\/381943\/"},"modified":"2025-09-11T05:03:12","modified_gmt":"2025-09-11T05:03:12","slug":"deux-jeunes-francaises-accusees-davoir-transporte-du-cannabis-dans-leurs-valises-risquent-16-ans-de-prison-en-turquie","status":"publish","type":"post","link":"https:\/\/www.europesays.com\/fr\/381943\/","title":{"rendered":"deux jeunes Fran\u00e7aises, accus\u00e9es d\u2019avoir transport\u00e9 du cannabis dans leurs valises, risquent 16 ans de prison en Turquie"},"content":{"rendered":"<p><strong>R\u00c9CIT &#8211; <\/strong>Le proc\u00e8s des deux jeunes femmes arr\u00eat\u00e9es en f\u00e9vrier dernier \u00e0 l\u2019a\u00e9roport d\u2019Istanbul avec des valises remplies de cannabis s\u2019ouvre ce jeudi 11 septembre en Turquie. Elles sont accus\u00e9es de trafic de stup\u00e9fiants.<\/p>\n<p class=\"fig-paragraph\">Ce devait \u00eatre un voyage de r\u00eave, une cure de soleil et de plages en\u00a0<a href=\"https:\/\/www.lefigaro.fr\/voyages\/dossier\/thailande\" target=\"_blank\" data-fig-type=\"Topic\" rel=\"sponsored noopener nofollow\" data-gtm-custom-categorie=\"navigation\" data-gtm-custom-action=\"crossclick\" data-gtm-custom-label=\"Contextuel\" data-gtm-event=\"customEventSPE\" data-fig-domain=\"LEFIGARO\">Tha\u00eflande<\/a>, avant de retrouver la grisaille de l\u2019hiver parisien. Le 28 f\u00e9vrier dernier, les vacances d\u2019Ibtissem B. et Mariam, la vingtaine, ont soudainement vir\u00e9 au cauchemar sur la route du retour.<\/p>\n<p class=\"fig-paragraph\">Alors qu\u2019elles se trouvent en transit \u00e0 l\u2019a\u00e9roport d\u2019Istanbul, les deux Fran\u00e7aises originaires de la banlieue parisienne sont arr\u00eat\u00e9es, accus\u00e9es d\u2019avoir transport\u00e9 plusieurs dizaines de kilos de cannabis dans leurs bagages plac\u00e9s en soute. Or, selon l\u2019avocate d\u2019Ibtissem, elles affirment avoir \u00e9t\u00e9 manipul\u00e9es par un ancien copain de lyc\u00e9e. \u00ab Elles ignoraient qu\u2019elles transportaient de la drogue\u00a0\u00bb, avance ma\u00eetre Carole-Olivia Montenot, en contact \u00e9troit avec sa tante, qui suit l\u2019affaire de pr\u00e8s.<\/p>\n<p class=\"fig-paragraph\">Tout commence par ce qui s\u2019apparente \u00e0 une banale histoire de\u2026<\/p>\n<p class=\"fig-premium-paywall__infos\">\n        Cet article est r\u00e9serv\u00e9 aux abonn\u00e9s.        Il vous reste 85% \u00e0 d\u00e9couvrir.\n    <\/p>\n<p>                <img  data- alt=\"Le Figaro\" class=\"fig-img--complete fig-img\"\/><\/p>\n<p class=\"fig-premium-paywall__title\">Vous avez envie de lire la suite ?<\/p>\n<p class=\"fig-premium-paywall__subtitle\">D\u00e9bloquez tous les articles imm\u00e9diatement.<\/p>\n<p class=\"fig-premium-paywall__connect\">\n                D\u00e9j\u00e0 abonn\u00e9\u00a0?                <a class=\"fig-premium-paywall__connect-link\" href=\"https:\/\/connect.lefigaro.fr\/login?client=horizon_web&amp;type=main&amp;redirect_uri=https%3A%2F%2Fwww.lefigaro.fr%2Finternational%2Felles-ignoraient-qu-elles-transportaient-de-la-drogue-deux-francaises-accusees-d-avoir-transporte-du-cannabis-dans-leurs-valises-risquent-16-ans-de-prison-en-turquie-20250911\" data-js-gtm=\"{&quot;customCategorie&quot;: &quot;conversion&quot;, &quot;customAction&quot;: &quot;before_Landing_Connexion_paywall_manuel&quot;, &quot;customLabel&quot;: &quot;bGVmaWdhcm8uZnJfXzFmMDhlNjM3LTY1MWItNjE3MC1iZGM4LTMxYzQyNjA5NTMxNl9fQXJ0aWNsZQ==_\u00abIl a abus\u00e9 de leur na\u00efvet\u00e9\u00bb\u00a0: deux jeunes Fran\u00e7aises, accus\u00e9es d\u2019avoir transport\u00e9 du cannabis dans leurs valises, risquent 16 ans de prison en Turquie_61&quot;, &quot;customIDSPE&quot;: &quot;bGVmaWdhcm8uZnJfXzFmMDhlNjM3LTY1MWItNjE3MC1iZGM4LTMxYzQyNjA5NTMxNl9fQXJ0aWNsZQ==&quot;, &quot;event&quot;: &quot;customEventSPE&quot;}\" rel=\"nofollow noopener\" target=\"_blank\"><br \/>\n                    Connectez-vous<br \/>\n                <\/a>\n            <\/p>\n","protected":false},"excerpt":{"rendered":"R\u00c9CIT &#8211; Le proc\u00e8s des deux jeunes femmes arr\u00eat\u00e9es en f\u00e9vrier dernier \u00e0 l\u2019a\u00e9roport d\u2019Istanbul avec des valises&hellip;\n","protected":false},"author":2,"featured_media":381944,"comment_status":"","ping_status":"","sticky":false,"template":"","format":"standard","meta":{"footnotes":""},"categories":[5],"tags":[11,1052,1011,27,14,12,3496,28],"class_list":{"0":"post-381943","1":"post","2":"type-post","3":"status-publish","4":"format-standard","5":"has-post-thumbnail","7":"category-international","8":"tag-actualites","9":"tag-drogue","10":"tag-fr","11":"tag-france","12":"tag-international","13":"tag-news","14":"tag-turquie","15":"tag-world"},"share_on_mastodon":{"url":"https:\/\/pubeurope.com\/@fr\/115183917632766940","error":""},"_links":{"self":[{"href":"https:\/\/www.europesays.com\/fr\/wp-json\/wp\/v2\/posts\/381943","targetHints":{"allow":["GET"]}}],"collection":[{"href":"https:\/\/www.europesays.com\/fr\/wp-json\/wp\/v2\/posts"}],"about":[{"href":"https:\/\/www.europesays.com\/fr\/wp-json\/wp\/v2\/types\/post"}],"author":[{"embeddable":true,"href":"https:\/\/www.europesays.com\/fr\/wp-json\/wp\/v2\/users\/2"}],"replies":[{"embeddable":true,"href":"https:\/\/www.europesays.com\/fr\/wp-json\/wp\/v2\/comments?post=381943"}],"version-history":[{"count":0,"href":"https:\/\/www.europesays.com\/fr\/wp-json\/wp\/v2\/posts\/381943\/revisions"}],"wp:featuredmedia":[{"embeddable":true,"href":"https:\/\/www.europesays.com\/fr\/wp-json\/wp\/v2\/media\/381944"}],"wp:attachment":[{"href":"https:\/\/www.europesays.com\/fr\/wp-json\/wp\/v2\/media?parent=381943"}],"wp:term":[{"taxonomy":"category","embeddable":true,"href":"https:\/\/www.europesays.com\/fr\/wp-json\/wp\/v2\/categories?post=381943"},{"taxonomy":"post_tag","embeddable":true,"href":"https:\/\/www.europesays.com\/fr\/wp-json\/wp\/v2\/tags?post=381943"}],"curies":[{"name":"wp","href":"https:\/\/api.w.org\/{rel}","templated":true}]}}