{"id":381947,"date":"2025-09-11T05:06:12","date_gmt":"2025-09-11T05:06:12","guid":{"rendered":"https:\/\/www.europesays.com\/fr\/381947\/"},"modified":"2025-09-11T05:06:12","modified_gmt":"2025-09-11T05:06:12","slug":"a-lhopital-du-gier-les-avortements-pris-en-charge-par-les-sages-femmes","status":"publish","type":"post","link":"https:\/\/www.europesays.com\/fr\/381947\/","title":{"rendered":"\u00e0 l\u2019h\u00f4pital du Gier, les avortements pris en charge par les sages-femmes"},"content":{"rendered":"<p>Le 8\u00a0mars 2024, la libert\u00e9 garantie des femmes de recourir \u00e0 l\u2019Interruption volontaire de grossesse (IVG) \u00e9tait inscrite dans la Constitution fran\u00e7aise. Une d\u00e9marche symbolique, \u00e0 l\u2019heure o\u00f9 le droit \u00e0 disposer de leur corps n\u2019existe plus pour les femmes au Texas, en Alabama ou encore en Louisiane, \u00e9tats am\u00e9ricains qui ont interdit la pratique de l\u2019avortement, y compris en cas de viol ou d\u2019inceste. En France, 243\u00a0623 IVG ont \u00e9t\u00e9 r\u00e9alis\u00e9es en 2023, dont 229 \u00e0 l\u2019h\u00f4pital du Gier, un chiffre en augmentation.<\/p>\n<p>\u00ab\u00a0La pratique de l\u2019IVG avait failli dispara\u00eetre ici, avec des d\u00e9parts en retraite de m\u00e9decins gyn\u00e9cologues. Et ceux qui sont pr\u00e9sents actuellement ne souhaitent plus en r\u00e9aliser. Donc depuis deux ans, ce sont des sages-femmes qui ont pris en charge l\u2019orthog\u00e9nie (1), au sein de la maternit\u00e9 du Gier \u00bb, explique Fabienne Brosse, sage-femme. Nous pensons que c\u2019est tr\u00e8s important d\u2019avoir ce service ici, pour les femmes.\u00a0\u00bb<\/p>\n<p>\u00ab\u00a0C\u2019est le domaine des sages-femmes\u00a0\u00bb<\/p>\n<p>Cr\u00e9er ce Centre de sant\u00e9 sexuelle <\/p>\n","protected":false},"excerpt":{"rendered":"Le 8\u00a0mars 2024, la libert\u00e9 garantie des femmes de recourir \u00e0 l\u2019Interruption volontaire de grossesse (IVG) \u00e9tait inscrite&hellip;\n","protected":false},"author":2,"featured_media":381948,"comment_status":"","ping_status":"","sticky":false,"template":"","format":"standard","meta":{"footnotes":""},"categories":[9653],"tags":[1111,11,2430,7539,1777,674,1011,27,12,25,9669,9670,4001,71],"class_list":{"0":"post-381947","1":"post","2":"type-post","3":"status-publish","4":"format-standard","5":"has-post-thumbnail","7":"category-saint-etienne","8":"tag-actu","9":"tag-actualites","10":"tag-auvergne-rhone-alpes","11":"tag-edition-loire-sud","12":"tag-eu","13":"tag-europe","14":"tag-fr","15":"tag-france","16":"tag-news","17":"tag-republique-francaise","18":"tag-saint-chamond","19":"tag-saint-chamond-ville","20":"tag-saint-etienne","21":"tag-sante"},"share_on_mastodon":{"url":"https:\/\/pubeurope.com\/@fr\/115183929645909016","error":""},"_links":{"self":[{"href":"https:\/\/www.europesays.com\/fr\/wp-json\/wp\/v2\/posts\/381947","targetHints":{"allow":["GET"]}}],"collection":[{"href":"https:\/\/www.europesays.com\/fr\/wp-json\/wp\/v2\/posts"}],"about":[{"href":"https:\/\/www.europesays.com\/fr\/wp-json\/wp\/v2\/types\/post"}],"author":[{"embeddable":true,"href":"https:\/\/www.europesays.com\/fr\/wp-json\/wp\/v2\/users\/2"}],"replies":[{"embeddable":true,"href":"https:\/\/www.europesays.com\/fr\/wp-json\/wp\/v2\/comments?post=381947"}],"version-history":[{"count":0,"href":"https:\/\/www.europesays.com\/fr\/wp-json\/wp\/v2\/posts\/381947\/revisions"}],"wp:featuredmedia":[{"embeddable":true,"href":"https:\/\/www.europesays.com\/fr\/wp-json\/wp\/v2\/media\/381948"}],"wp:attachment":[{"href":"https:\/\/www.europesays.com\/fr\/wp-json\/wp\/v2\/media?parent=381947"}],"wp:term":[{"taxonomy":"category","embeddable":true,"href":"https:\/\/www.europesays.com\/fr\/wp-json\/wp\/v2\/categories?post=381947"},{"taxonomy":"post_tag","embeddable":true,"href":"https:\/\/www.europesays.com\/fr\/wp-json\/wp\/v2\/tags?post=381947"}],"curies":[{"name":"wp","href":"https:\/\/api.w.org\/{rel}","templated":true}]}}