{"id":381951,"date":"2025-09-11T05:10:17","date_gmt":"2025-09-11T05:10:17","guid":{"rendered":"https:\/\/www.europesays.com\/fr\/381951\/"},"modified":"2025-09-11T05:10:17","modified_gmt":"2025-09-11T05:10:17","slug":"vote-troyes-as-nancy-lorraine-quel-est-votre-pronostic","status":"publish","type":"post","link":"https:\/\/www.europesays.com\/fr\/381951\/","title":{"rendered":"Vote. Troyes &#8211; AS Nancy Lorraine : quel est votre pronostic ?"},"content":{"rendered":"<p>Apr\u00e8s le match nul conc\u00e9d\u00e9 face \u00e0 Pau (2-2) juste avant la tr\u00eave internationale, l&rsquo;ASNL, coleader apr\u00e8s quatre journ\u00e9es, renoue avec le championnat par un autre duel au sommet face \u00e0 Troyes, 4e ex-aequo. Va-t-elle poursuivre sa belle s\u00e9rie ou tomber de son nuage ?<\/p>\n<p>&#13;<br \/>\n              L&rsquo;Est R\u00e9publicain  &#8211; &#13;<br \/>\n        &#13;<br \/>\n          Aujourd&rsquo;hui \u00e0 07:00&#13;<br \/>\n    &#13;<br \/>\n        &#8211; Temps de lecture : &#13;<br \/>\n  &#13;\n<\/p>\n<p>                        &#13;<br \/>\n    &#13;<br \/>\n    &#13;<br \/>\n    <a href=\"https:\/\/cdn-s-www.estrepublicain.fr\/images\/5DA0C8E6-3B41-4856-9DFF-A415A16087B2\/NW_raw\/quel-est-votre-pronostic-1757516866.jpg\" title=\"Quel est votre pronostic \u00a0?\" class=\"chocolat-image GA-tracking\" data-ga_type=\"click\" data-ga_category=\"D\u00e9tail\" data-ga_action=\"zoomer\" data-ga_label=\"aggrandir image\" target=\"_blank\" rel=\"noopener\">&#13;<br \/>\n        <img src=\"https:\/\/www.europesays.com\/fr\/wp-content\/uploads\/2025\/09\/quel-est-votre-pronostic-1757516866.jpg\"   alt=\"Quel est votre pronostic \u00a0?\" fetchpriority=\"high\" decoding=\"async\" data-mobile=\"NW_detail_M|1757516866\" data-base=\"NW_detail|1757516866\"\/>&#13;<br \/>\n    <\/a>&#13;<\/p>\n<p>Quel est votre pronostic \u00a0?<\/p>\n","protected":false},"excerpt":{"rendered":"Apr\u00e8s le match nul conc\u00e9d\u00e9 face \u00e0 Pau (2-2) juste avant la tr\u00eave internationale, l&rsquo;ASNL, coleader apr\u00e8s quatre&hellip;\n","protected":false},"author":2,"featured_media":195867,"comment_status":"","ping_status":"","sticky":false,"template":"","format":"standard","meta":{"footnotes":""},"categories":[9635],"tags":[1111,11,3703,3602,1707,1704,1706,1705,10174,1777,674,107,1701,63,1011,27,775,1702,12,25,517,1700,10606],"class_list":{"0":"post-381951","1":"post","2":"type-post","3":"status-publish","4":"format-standard","5":"has-post-thumbnail","7":"category-nancy","8":"tag-actu","9":"tag-actualites","10":"tag-asnl","11":"tag-edition-bar-le-duc","12":"tag-edition-luneville","13":"tag-edition-nancy-et-agglomeration","14":"tag-edition-pont-a-mousson","15":"tag-edition-toul","16":"tag-edition-verdun","17":"tag-eu","18":"tag-europe","19":"tag-fil-info","20":"tag-fil-info-sport","21":"tag-football","22":"tag-fr","23":"tag-france","24":"tag-grand-est","25":"tag-nancy","26":"tag-news","27":"tag-republique-francaise","28":"tag-sport","29":"tag-sport-lorrain","30":"tag-vote-sport-lorrain"},"share_on_mastodon":{"url":"https:\/\/pubeurope.com\/@fr\/115183945209644771","error":""},"_links":{"self":[{"href":"https:\/\/www.europesays.com\/fr\/wp-json\/wp\/v2\/posts\/381951","targetHints":{"allow":["GET"]}}],"collection":[{"href":"https:\/\/www.europesays.com\/fr\/wp-json\/wp\/v2\/posts"}],"about":[{"href":"https:\/\/www.europesays.com\/fr\/wp-json\/wp\/v2\/types\/post"}],"author":[{"embeddable":true,"href":"https:\/\/www.europesays.com\/fr\/wp-json\/wp\/v2\/users\/2"}],"replies":[{"embeddable":true,"href":"https:\/\/www.europesays.com\/fr\/wp-json\/wp\/v2\/comments?post=381951"}],"version-history":[{"count":0,"href":"https:\/\/www.europesays.com\/fr\/wp-json\/wp\/v2\/posts\/381951\/revisions"}],"wp:featuredmedia":[{"embeddable":true,"href":"https:\/\/www.europesays.com\/fr\/wp-json\/wp\/v2\/media\/195867"}],"wp:attachment":[{"href":"https:\/\/www.europesays.com\/fr\/wp-json\/wp\/v2\/media?parent=381951"}],"wp:term":[{"taxonomy":"category","embeddable":true,"href":"https:\/\/www.europesays.com\/fr\/wp-json\/wp\/v2\/categories?post=381951"},{"taxonomy":"post_tag","embeddable":true,"href":"https:\/\/www.europesays.com\/fr\/wp-json\/wp\/v2\/tags?post=381951"}],"curies":[{"name":"wp","href":"https:\/\/api.w.org\/{rel}","templated":true}]}}