{"id":381954,"date":"2025-09-11T05:12:13","date_gmt":"2025-09-11T05:12:13","guid":{"rendered":"https:\/\/www.europesays.com\/fr\/381954\/"},"modified":"2025-09-11T05:12:13","modified_gmt":"2025-09-11T05:12:13","slug":"le-comptoir-du-cure-est-a-votre-ecoute-au-pub-associatif-le-graal-a-toulon","status":"publish","type":"post","link":"https:\/\/www.europesays.com\/fr\/381954\/","title":{"rendered":"Le Comptoir du cur\u00e9 est \u00e0 votre \u00e9coute au pub associatif Le Graal \u00e0 Toulon"},"content":{"rendered":"<p>\u00ab\u00a0L\u2019id\u00e9e, ce n\u2019est pas de se retrouver entre catholiques mais, justement, d\u2019ouvrir notre audience \u00e0 tout le monde.\u00a0\u00bb Pierre de la Taille g\u00e8re le pub associatif Le Graal, tout pr\u00e8s de l\u2019\u00e9glise Saint-Fran\u00e7ois de Paule, et a lanc\u00e9, jeudi soir, son premier rendez-vous du Comptoir du cur\u00e9.<\/p>\n<p>\u00a0\u00bb C\u2019est une occasion pour le grand public de rencontrer un pr\u00eatre autour d\u2019une bi\u00e8re ou toute autre boisson, que nous offrons. On s\u2019assoit sur un tabouret ou dans un canap\u00e9 et on parle de nos vies, de la vie, de l\u2019actualit\u00e9 ou de tout autre sujet. C\u2019est tr\u00e8s libre!\u00a0\u00bb<\/p>\n<p>\u00ab\u00a0Une gorg\u00e9e d\u2019\u00e9ternit\u00e9\u00a0\u00bb<\/p>\n<p>Effectivement, \u00e0 notre arriv\u00e9e, jeudi dernier, pas d\u2019agent de s\u00e9curit\u00e9 devant l\u2019\u00e9tablissement, mais des sourires \u00e0 l\u2019int\u00e9rieur et une tol\u00e9rance de tous les instants. Le p\u00e8re Jean-Rapha\u00ebl Dubrule, sup\u00e9rieur de la soci\u00e9t\u00e9 des missionnaires de la mis\u00e9ricorde divine, discute avec un jeune homme sur la foi. Un autre parle de magn\u00e9tisme avec lui et d\u2019\u00e9nergies. Aucun sujet n\u2019est tabou et tout est mati\u00e8re \u00e0 d\u00e9bat. Au comptoir, les verres tintent et l\u2019ambiance est bon enfant.<\/p>\n<p>Le slogan du Graal donne le ton (avec humour): \u00ab\u00a0une gorg\u00e9e d\u2019\u00e9ternit\u00e9\u00a0\u00bb. Bien s\u00fbr, beaucoup de cathos s\u2019y retrouvent et parlent de leurs paroisses respectives. Mais quand on arrive \u00ab\u00a0du dehors\u00a0\u00bb, on ne se sent pas comme un intrus. \u00ab\u00a0Chacun pense ce qu\u2019il veut. L\u2019essentiel est de partager nos exp\u00e9riences et de privil\u00e9gier la fraternit\u00e9 entre nous\u00a0\u00bb, commente le pr\u00eatre.<\/p>\n<p>\u00ab\u00a0N\u2019ayez pas peur, venez!\u00a0\u00bb<\/p>\n<p>Une jeune maman discute avec l\u2019homme d\u2019\u00c9glise et lui dit son ath\u00e9isme chevill\u00e9 au corps. R\u00e9ponse: \u00ab\u00a0Pas de probl\u00e8me! On peut vivre tr\u00e8s heureux sans croire.\u00a0\u00bb<\/p>\n<p>\u00a0\u00bb Notre priorit\u00e9, c\u2019est qu\u2019un pr\u00eatre soit disponible pour les gens qui le d\u00e9sirent\u00a0\u00bb, reprend Pierre de la Taille. \u00ab\u00a0Des repr\u00e9sentants d\u2019autres paroisses du Var pourront venir s\u2019ils le souhaitent. Notre message est simple: n\u2019ayez pas peur de pousser la porte du Graal! Et, si nos rendez-vous du jeudi marchent, il n\u2019est pas impossible qu\u2019on en augmente la fr\u00e9quence\u00a0\u00bb.<\/p>\n<p>Pratique Le Comptoir du cur\u00e9, tous les premiers jeudis de chaque mois au Graal, de 20h \u00e0 23h: 377, avenue de la R\u00e9publique. Rens: legraaltoulon@gmail.com. Facebook: @publegraal et Instagram: @legraaltoulon<\/p>\n","protected":false},"excerpt":{"rendered":"\u00ab\u00a0L\u2019id\u00e9e, ce n\u2019est pas de se retrouver entre catholiques mais, justement, d\u2019ouvrir notre audience \u00e0 tout le monde.\u00a0\u00bb&hellip;\n","protected":false},"author":2,"featured_media":381955,"comment_status":"","ping_status":"","sticky":false,"template":"","format":"standard","meta":{"footnotes":""},"categories":[9619],"tags":[1111,11,1777,674,1011,27,12,882,4020,25,2310,3366],"class_list":{"0":"post-381954","1":"post","2":"type-post","3":"status-publish","4":"format-standard","5":"has-post-thumbnail","7":"category-toulon","8":"tag-actu","9":"tag-actualites","10":"tag-eu","11":"tag-europe","12":"tag-fr","13":"tag-france","14":"tag-news","15":"tag-provence-alpes-cote-dazur","16":"tag-religion","17":"tag-republique-francaise","18":"tag-toulon","19":"tag-vie-locale"},"share_on_mastodon":{"url":"https:\/\/pubeurope.com\/@fr\/115183953105729646","error":""},"_links":{"self":[{"href":"https:\/\/www.europesays.com\/fr\/wp-json\/wp\/v2\/posts\/381954","targetHints":{"allow":["GET"]}}],"collection":[{"href":"https:\/\/www.europesays.com\/fr\/wp-json\/wp\/v2\/posts"}],"about":[{"href":"https:\/\/www.europesays.com\/fr\/wp-json\/wp\/v2\/types\/post"}],"author":[{"embeddable":true,"href":"https:\/\/www.europesays.com\/fr\/wp-json\/wp\/v2\/users\/2"}],"replies":[{"embeddable":true,"href":"https:\/\/www.europesays.com\/fr\/wp-json\/wp\/v2\/comments?post=381954"}],"version-history":[{"count":0,"href":"https:\/\/www.europesays.com\/fr\/wp-json\/wp\/v2\/posts\/381954\/revisions"}],"wp:featuredmedia":[{"embeddable":true,"href":"https:\/\/www.europesays.com\/fr\/wp-json\/wp\/v2\/media\/381955"}],"wp:attachment":[{"href":"https:\/\/www.europesays.com\/fr\/wp-json\/wp\/v2\/media?parent=381954"}],"wp:term":[{"taxonomy":"category","embeddable":true,"href":"https:\/\/www.europesays.com\/fr\/wp-json\/wp\/v2\/categories?post=381954"},{"taxonomy":"post_tag","embeddable":true,"href":"https:\/\/www.europesays.com\/fr\/wp-json\/wp\/v2\/tags?post=381954"}],"curies":[{"name":"wp","href":"https:\/\/api.w.org\/{rel}","templated":true}]}}