{"id":381960,"date":"2025-09-11T05:15:12","date_gmt":"2025-09-11T05:15:12","guid":{"rendered":"https:\/\/www.europesays.com\/fr\/381960\/"},"modified":"2025-09-11T05:15:12","modified_gmt":"2025-09-11T05:15:12","slug":"il-y-a-une-realite-inquietante","status":"publish","type":"post","link":"https:\/\/www.europesays.com\/fr\/381960\/","title":{"rendered":"\u00ab Il y a une r\u00e9alit\u00e9 inqui\u00e9tante \u00bb"},"content":{"rendered":"<p>            Par<br \/>\n        <strong><br \/>\n            <a href=\"https:\/\/actu.fr\/auteur\/laredaction\" title=\"Consulter tous les articles de R\u00e9daction Normandie\" target=\"_blank\" rel=\"noopener\">R\u00e9daction Normandie<\/a><br \/>\n        <\/strong><\/p>\n<p>        Publi\u00e9 le<\/p>\n<p>            11 sept. 2025 \u00e0 7h00        <\/p>\n<p>Les samedi\u00a013 et dimanche 14\u00a0septembre, la soci\u00e9t\u00e9 April\u2019events <strong>organise un salon du chiot chez Bois-Guillaume Auto, <\/strong>pr\u00e8s de Rouen. Argos 42, association engag\u00e9e dans la d\u00e9fense et la protection des animaux de compagnie et leur maltraitance, <strong>a imm\u00e9diatement d\u00e9nonc\u00e9 la manifestation.<\/strong><\/p>\n<p>Plus de 21 000 signatures recueillies sur une p\u00e9tition contre le salon du chiot<\/p>\n<p class=\" wall-content\">\u00ab Derri\u00e8re l\u2019apparence festive, <strong>il y a une r\u00e9alit\u00e9 inqui\u00e9tante<\/strong>. Selon un rapport publi\u00e9 en d\u00e9cembre 2014, sur les t\u00e9moignages de 266 personnes, dont des v\u00e9t\u00e9rinaires, des adoptants, mais aussi d\u2019anciens exposants, <strong>47,7 % des animaux achet\u00e9s sont abandonn\u00e9s<\/strong>, 35,4 % meurent pr\u00e9matur\u00e9ment et seulement 12,3 % des acheteurs ont gard\u00e9 l\u2019animal dans de bonnes conditions \u00bb, indique le document fourni par Baptiste Praud, pr\u00e9sident fondateur d\u2019Argos 42.<\/p>\n<p class=\" wall-content\">L\u2019association a mis en ligne <strong>une p\u00e9tition qui avait recueilli 21 662 au 6\u00a0septembre<\/strong> et elle a \u00e9galement envoy\u00e9 un courrier, via le juriste Jonathan Meret, \u00e0 la mairie de Bois-Guillaume, le 20\u00a0ao\u00fbt dernier.<\/p>\n<p>Une organisation 100 % priv\u00e9e<\/p>\n<p class=\" wall-content\">\u00ab Il n\u2019y a que quelques jours que nous avons pris connaissance de cette initiative. L\u2019avis de la mairie n\u2019a pas \u00e9t\u00e9 sollicit\u00e9 pour la tenue de ce salon, et pour cause, cela ne se d\u00e9roule pas dans un espace municipal.<strong> C\u2019est une organisation 100 % priv\u00e9e<\/strong> que je ne soutiens pas par ailleurs, car nous savons bien que cela favorise les achats impulsifs d\u2019animaux et augmente les risques d\u2019abandons en France \u00bb, constate Th\u00e9o P\u00e9rez, qui pr\u00e9cise que les organisateurs se sont rapproch\u00e9s de la mairie, par mail, uniquement pour les aider \u00e0 faire de la publicit\u00e9, \u00ab ce que nous avons refus\u00e9 \u00bb. Une d\u00e9marche que les organisateurs ont d\u2019ailleurs entreprise dans les communes alentour.<\/p>\n<blockquote class=\"ac-article-quote wall-content\">\n<p>Le maire ne peut pas l\u2019interdire directement, mais il peut agir par des contr\u00f4les et une r\u00e9gulation. Il peut aussi faire passer une motion \u00e0 son conseil municipal pour refuser les manifestations autour des animaux. C\u2019est peut-\u00eatre symbolique, mais c\u2019est un message fort.<\/p>\n<p>Vanessa Vandenberge<\/p><\/blockquote>\n<p class=\" wall-content\">\u00ab Nous n\u2019avons <strong>pas de moyens l\u00e9gaux<\/strong> pour nous y opposer. La tenue de ses salons n\u2019est pas interdite par la loi. Elle est soumise toutefois \u00e0 un certain nombre de prescriptions r\u00e9glementaires. J\u2019ai fait le point avec mes services et nous nous assurerons aupr\u00e8s de la pr\u00e9fecture que ce salon est bien d\u00e9clar\u00e9. \u00c0 ce stade, je n\u2019ai pas d\u2019autres moyens d\u2019interventions \u00bb, soutient Th\u00e9o P\u00e9rez.<\/p>\n<p class=\" wall-content\">M\u00eame chose pour l\u2019association Argos 42 : le maire de Bois-Guillaume assure qu\u2019il n\u2019a pas \u00e9t\u00e9 en contact direct avec elle. \u00ab Nous avons seulement vu passer la p\u00e9tition \u00e0 mon attention sur les r\u00e9seaux sociaux \u00bb, explique-t-il. Ce qu\u2019Argos 42 reconna\u00eet : \u00ab Le maire ne peut pas l\u2019interdire directement, mais il peut agir par des contr\u00f4les et une r\u00e9gulation. Il peut aussi faire passer une motion \u00e0 son conseil municipal pour refuser les manifestations autour des animaux. C\u2019est peut-\u00eatre symbolique, mais c\u2019est un message fort \u00bb, a r\u00e9pondu Vanessa Vandenberge.<\/p>\n<p>Votre r\u00e9gion, votre actu !<\/p>\n<p>Recevez chaque jour les infos qui comptent pour vous.<\/p>\n<p>\t<a href=\"https:\/\/actu.fr\/newsletter\" class=\"ac-btn ac-btn--corner ac-btn--medium ac-btn--blue800\" target=\"_blank\" rel=\"noopener\">S&rsquo;incrire<\/a><\/p>\n<p class=\" wall-content\">Consult\u00e9s les organisateurs n\u2019ont pas r\u00e9pondu \u00e0 notre demande t\u00e9l\u00e9phonique.<\/p>\n<p>Suivez l\u2019actualit\u00e9 de Rouen <a href=\"https:\/\/www.whatsapp.com\/channel\/0029VaKfnf99hXF2ddApFB1D\" target=\"_blank\" rel=\"noopener\">sur notre cha\u00eene WhatsApp<\/a> et <a href=\"https:\/\/www.tiktok.com\/@76actu.fr?lang=fr\" target=\"_blank\" rel=\"noopener\">sur notre compte TikTok<\/a><\/p>\n<p class=\" wall-content\">Personnalisez votre actualit\u00e9 en ajoutant vos villes et m\u00e9dias en favori avec <a href=\"https:\/\/moncompte.actu.fr\" title=\"D\u00e9couvez Mon Actu\" rel=\"nofollow noopener\" data-trk=\"{&quot;cta&quot;:{&quot;action&quot;:&quot;https:\\\/\\\/moncompte.actu.fr&quot;,&quot;category&quot;:&quot;mon compte&quot;,&quot;from&quot;:&quot;article footer&quot;,&quot;name&quot;:&quot;Mon actu&quot;,&quot;type&quot;:&quot;cta&quot;}}\" target=\"_blank\">Mon Actu<\/a>.<\/p>\n<p>                    <script async src=\"\/\/www.tiktok.com\/embed.js\"><\/script><\/p>\n","protected":false},"excerpt":{"rendered":"Par R\u00e9daction Normandie Publi\u00e9 le 11 sept. 2025 \u00e0 7h00 Les samedi\u00a013 et dimanche 14\u00a0septembre, la soci\u00e9t\u00e9 April\u2019events&hellip;\n","protected":false},"author":2,"featured_media":381961,"comment_status":"","ping_status":"","sticky":false,"template":"","format":"standard","meta":{"footnotes":""},"categories":[9587],"tags":[1111,11,1867,1777,674,1011,27,6795,12,5161,25,9590,104],"class_list":{"0":"post-381960","1":"post","2":"type-post","3":"status-publish","4":"format-standard","5":"has-post-thumbnail","7":"category-rouen","8":"tag-actu","9":"tag-actualites","10":"tag-animaux","11":"tag-eu","12":"tag-europe","13":"tag-fr","14":"tag-france","15":"tag-maltraitance-animale","16":"tag-news","17":"tag-normandie","18":"tag-republique-francaise","19":"tag-rouen","20":"tag-societe"},"share_on_mastodon":{"url":"https:\/\/pubeurope.com\/@fr\/115183964874336178","error":""},"_links":{"self":[{"href":"https:\/\/www.europesays.com\/fr\/wp-json\/wp\/v2\/posts\/381960","targetHints":{"allow":["GET"]}}],"collection":[{"href":"https:\/\/www.europesays.com\/fr\/wp-json\/wp\/v2\/posts"}],"about":[{"href":"https:\/\/www.europesays.com\/fr\/wp-json\/wp\/v2\/types\/post"}],"author":[{"embeddable":true,"href":"https:\/\/www.europesays.com\/fr\/wp-json\/wp\/v2\/users\/2"}],"replies":[{"embeddable":true,"href":"https:\/\/www.europesays.com\/fr\/wp-json\/wp\/v2\/comments?post=381960"}],"version-history":[{"count":0,"href":"https:\/\/www.europesays.com\/fr\/wp-json\/wp\/v2\/posts\/381960\/revisions"}],"wp:featuredmedia":[{"embeddable":true,"href":"https:\/\/www.europesays.com\/fr\/wp-json\/wp\/v2\/media\/381961"}],"wp:attachment":[{"href":"https:\/\/www.europesays.com\/fr\/wp-json\/wp\/v2\/media?parent=381960"}],"wp:term":[{"taxonomy":"category","embeddable":true,"href":"https:\/\/www.europesays.com\/fr\/wp-json\/wp\/v2\/categories?post=381960"},{"taxonomy":"post_tag","embeddable":true,"href":"https:\/\/www.europesays.com\/fr\/wp-json\/wp\/v2\/tags?post=381960"}],"curies":[{"name":"wp","href":"https:\/\/api.w.org\/{rel}","templated":true}]}}