{"id":381987,"date":"2025-09-11T05:29:17","date_gmt":"2025-09-11T05:29:17","guid":{"rendered":"https:\/\/www.europesays.com\/fr\/381987\/"},"modified":"2025-09-11T05:29:17","modified_gmt":"2025-09-11T05:29:17","slug":"de-nouveaux-immeubles-evacues-et-des-commerces-fermes-a-toulouse","status":"publish","type":"post","link":"https:\/\/www.europesays.com\/fr\/381987\/","title":{"rendered":"de nouveaux immeubles \u00e9vacu\u00e9s et des commerces ferm\u00e9s \u00e0 Toulouse"},"content":{"rendered":"<p>            Par<br \/>\n        <strong><br \/>\n            <a href=\"https:\/\/actu.fr\/auteur\/guillaume-laurens\" title=\"Consulter tous les articles de Guillaume Laurens\" rel=\"nofollow noopener\" target=\"_blank\">Guillaume Laurens<\/a><br \/>\n        <\/strong><\/p>\n<p>        Publi\u00e9 le<\/p>\n<p>            11 sept. 2025 \u00e0 6h42        <\/p>\n<p>Trois <strong>immeubles<\/strong> de la <strong>rue Merly<\/strong> sont totalement interdits d\u2019acc\u00e8s dans le quartier Arnaud-Bernard, en plein c\u0153ur de <a href=\"https:\/\/actu.fr\/toulouse\/\" rel=\"nofollow noopener\" target=\"_blank\"><strong>Toulouse<\/strong><\/a>. Voici quelques semaines, des <strong>barri\u00e8res<\/strong> ont \u00e9t\u00e9 install\u00e9es sur une bonne partie de cette art\u00e8re, jusqu\u2019\u00e0 l\u2019angle avec la rue Pouzonville, o\u00f9 de <strong>nombreux logements<\/strong> ont \u00e9t\u00e9 \u00e9vacu\u00e9s, et o\u00f9 <strong>plusieurs commerces <\/strong>ont d\u00fb plier boutique. En cause\u2009? Une nouvelle <strong>menace d\u2019effondrement<\/strong>. Ce que l\u2019on sait.<\/p>\n<p>Des \u00ab\u2009d\u00e9sordres\u2009\u00bb rep\u00e9r\u00e9s par un service de la mairie<\/p>\n<p class=\" wall-content\">En cette rentr\u00e9e 2025, des riverains et autres \u00e9l\u00e8ves du lyc\u00e9e Ozenne tout proche, habitu\u00e9s de cette petite rue du quartier Arnaud-Bernard, ont \u00e9t\u00e9 surpris de d\u00e9couvrir des <strong>barri\u00e8res<\/strong> m\u00e9talliques emp\u00eachant l\u2019acc\u00e8s \u00e0 tout un c\u00f4t\u00e9 de la rue Merly, en raison d\u2019une nouvelle menace d\u2019effondrement d\u2019immeubles.<\/p>\n<p class=\" wall-content\">Contact\u00e9e par Actu Toulouse, la mairie confirme que son <strong>service IMR<\/strong> (comme \u00ab\u2009Immeubles mena\u00e7ant ruine\u2009\u00bb) a r\u00e9alis\u00e9 <strong>une visite du b\u00e2timent<\/strong> situ\u00e9 42 rue Merly, le 16\u00a0juin 2025. Et \u00ab\u2009au regard des <strong>d\u00e9sordres constat\u00e9s\u2009\u00bb<\/strong> lors de cette visite, ce service sp\u00e9cialis\u00e9 \u00ab\u2009a demand\u00e9 des <strong>investigations compl\u00e9mentaires<\/strong> qui ont \u00e9t\u00e9 r\u00e9alis\u00e9es le 7\u00a0juillet dernier\u2009\u00bb.<\/p>\n<p>\u00ab\u2009\u00c9vacuation d\u2019urgence\u2009\u00bb du 42 rue Merly cet \u00e9t\u00e9<\/p>\n<p class=\" wall-content\">D\u00e8s le 8\u00a0juillet, la mairie a donc <strong>saisi le tribunal administratif<\/strong> de Toulouse, afin de solliciter <strong>l\u2019avis d\u2019un expert<\/strong> judiciaire. \u00ab\u2009L\u2019expertise a \u00e9t\u00e9 r\u00e9alis\u00e9e le 11\u00a0juillet 2025 en pr\u00e9sence des parties prenantes\u2009\u00bb, d\u00e9taille la collectivit\u00e9, qui pr\u00e9cise\u2009: \u00ab\u2009Les b\u00e2timents mitoyens, situ\u00e9s au n\u00b040 et n\u00b044 rue Merly, ont \u00e9galement \u00e9t\u00e9 soumis \u00e0 l\u2019expertise\u2009\u00bb.<\/p>\n<blockquote class=\"ac-article-quote wall-content\">\n<p>Dans son rapport, dat\u00e9 du 15 juillet 2025, l\u2019expert a pr\u00e9conis\u00e9 l\u2019\u00e9vacuation en urgence du 42 rue Merly, et la mise en \u0153uvre de mesures conservatoires sous un d\u00e9lai maximal de 15 jours, soit avant le 30 juillet 2025.<\/p>\n<p>    <strong>La mairie de Toulouse<\/strong>\n            <\/p><\/blockquote>\n<p class=\" wall-content\">Un \u00ab\u2009arr\u00eat\u00e9 de <strong>mise en s\u00e9curit\u00e9 proc\u00e9dure<\/strong> <strong>urgente\u2009\u00bb<\/strong> a donc frapp\u00e9 le 42 rue Merly, d\u00e8s le 15 juillet 2025.<\/p>\n<p>    <img   decoding=\"async\" loading=\"lazy\" src=\"https:\/\/www.europesays.com\/fr\/wp-content\/uploads\/2025\/09\/immeubles-menaces-effondrement-rue-merly-toulouse-gl-2-960x640.jpg\" alt=\"Les immeubles du 40 au 44 rue Merly ont tous \u00e9t\u00e9 \u00e9vacu\u00e9s en raison du risque d'effondrement du num\u00e9ro 42\" width=\"960\" height=\"640\"\/><br \/>\n    Trois immeubles de la rue Merly ont \u00e9t\u00e9 \u00e9vacu\u00e9s en raison du risque d\u2019effondrement du num\u00e9ro 42, juste \u00e0 gauche du \u00ab\u00a0Tito Mojito\u00a0\u00bb (\u00a9G.L. \/ Actu Toulouse)<\/p>\n<p>Votre r\u00e9gion, votre actu !<\/p>\n<p>Recevez chaque jour les infos qui comptent pour vous.<\/p>\n<p>\t<a href=\"https:\/\/actu.fr\/newsletter\" class=\"ac-btn ac-btn--corner ac-btn--medium ac-btn--blue800\" rel=\"nofollow noopener\" target=\"_blank\">S&rsquo;incrire<\/a><br \/>\nUn \u00ab\u2009risque imminent d\u2019effondrement\u2009\u00bb, dit l\u2019expert<\/p>\n<p class=\" wall-content\">D\u2019apr\u00e8s nos informations, le rapport de l\u2019expert \u00e9tait sans \u00e9quivoque quant au danger de vivre dans cette b\u00e2tisse\u2009: \u00ab\u2009Les d\u00e9sordres \u00e9volutifs constat\u00e9s dans les <strong>soubassements<\/strong> et autres constitutifs structurels des <strong>caves<\/strong> affectent les garanties n\u00e9cessaires au maintien de la s\u00e9curit\u00e9 des tiers et celle des occupants de l\u2019immeuble\u2009\u00bb, \u00e9crivait-il.<\/p>\n<p class=\" wall-content\">\u00ab\u2009En l\u2019\u00e9tat, la sinistralit\u00e9 pr\u00e9sente un<strong> risque imminent d\u2019effondrement\u2009\u00bb,<\/strong> mettait m\u00eame en garde l\u2019expert judiciaire, avant d\u2019annoncer la couleur\u2009: \u00ab\u2009Des <strong>mesures conservatoires<\/strong> sont \u00e0 prendre <strong>imm\u00e9diatement\u2009\u00bb.<\/strong> Quant aux occupants de l\u2019immeuble, \u00ab\u2009ils seront d\u00e9localis\u00e9s dans les plus brefs d\u00e9lais\u2009\u00bb, stipulait-il.<\/p>\n<blockquote class=\"tiktok-embed\" cite=\"https:\/\/www.tiktok.com\/@actutoulouse\/video\/7548697770954198294\" data-video-id=\"7548697770954198294\" data-embed-from=\"oembed\" style=\"max-width:605px; min-width:325px;\"><p>\n<a target=\"_blank\" title=\"@actutoulouse\" href=\"https:\/\/www.tiktok.com\/@actutoulouse?refer=embed\" rel=\"nofollow noopener\">@actutoulouse<\/a> <\/p>\n<p>\ud83c\udfd7\ufe0f\ud83e\uddf1Les appartements et commerces de trois immeubles ont \u00e9t\u00e9 \u00e9vacu\u00e9s en cet \u00e9t\u00e9 2025 rue Merly, en centre-ville de Toulouse. <a title=\"toulouse\" target=\"_blank\" href=\"https:\/\/www.tiktok.com\/tag\/toulouse?refer=embed\" rel=\"nofollow noopener\">#toulouse<\/a> toulousemaville igerstoulouse<a title=\"toulouse\" target=\"_blank\" href=\"https:\/\/www.tiktok.com\/tag\/toulouse?refer=embed\" rel=\"nofollow noopener\">#toulouse<\/a> <a title=\"toulouse\" target=\"_blank\" href=\"https:\/\/www.tiktok.com\/tag\/toulouse?refer=embed\" rel=\"nofollow noopener\">#Toulouse<\/a> <a title=\"ilovetoulouse\" target=\"_blank\" href=\"https:\/\/www.tiktok.com\/tag\/ilovetoulouse?refer=embed\" rel=\"nofollow noopener\">#ilovetoulouse<\/a><\/p>\n<p> <a target=\"_blank\" title=\"\u266c son original - Actu Toulouse - Actu Toulouse\" href=\"https:\/\/www.tiktok.com\/music\/son-original-Actu-Toulouse-7548697780324256534?refer=embed\" rel=\"nofollow noopener\">\u266c son original \u2013 Actu Toulouse \u2013 Actu Toulouse<\/a> <\/p>\n<\/blockquote>\n<p>Deux autres immeubles \u00e9vacu\u00e9s le 31\u00a0juillet<\/p>\n<p class=\" wall-content\">Ce m\u00eame expert pr\u00e9conisait qu\u2019\u00e0 d\u00e9faut de r\u00e9alisation desdits travaux dans le d\u00e9lai imparti, l\u2019\u00e9vacuation des <strong>b\u00e2timents mitoyens<\/strong> du 42 rue Merly soit ordonn\u00e9e \u00ab\u2009pour des raisons de s\u00e9curit\u00e9\u2009\u00bb, soul\u00e8ve la mairie de Toulouse.<\/p>\n<p class=\" wall-content\">\u00ab\u2009En l\u2019absence de travaux de s\u00e9curisation du 42 rue Merly\u2009\u00bb au 30\u00a0juillet, le service IMR a donc proc\u00e9d\u00e9 d\u00e8s le lendemain, le 31\u00a0juillet 2025, \u00e0 <strong>l\u2019\u00e9vacuation totale<\/strong> des immeubles mitoyens. Deux nouveaux arr\u00eat\u00e9s municipaux ont \u00e9t\u00e9 pris en ce sens, interdisant l\u2019acc\u00e8s et l\u2019habitation dans ces b\u00e2timents.<\/p>\n<p>23 appartements et trois commerces ferm\u00e9s<\/p>\n<p class=\" wall-content\">R\u00e9sultat\u2009: de nombreux habitants se retrouvent impact\u00e9s, puisque l\u2019immeuble directement menac\u00e9 comporte sept appartements et un commerce. Mais les deux immeubles adjacents ne comptent pas moins de 16 autres appartements, ainsi qu\u2019<strong>un restaurant<\/strong> (le \u00ab\u2009So Chicken\u2009\u00bb) et <a href=\"https:\/\/actu.fr\/occitanie\/toulouse_31555\/toulouse-ce-nouveau-bar-implante-au-centre-ville-sert-des-mojitos-a-un-prix-imbattable_50729336.html\" rel=\"nofollow noopener\" target=\"_blank\"><strong>un bar<\/strong> (le \u00ab\u2009Tito Mojito\u2009\u00bb)<\/a>. Au total, <strong>23 appartements<\/strong>, dont deux inoccup\u00e9s, et <strong>trois commerces, <\/strong>sont donc touch\u00e9s.<\/p>\n<p>    <img   decoding=\"async\" loading=\"lazy\" src=\"https:\/\/www.europesays.com\/fr\/wp-content\/uploads\/2025\/09\/immeubles-menaces-effondrement-rue-merly-toulouse-gl-4-960x640.jpg\" alt=\"Comme le Tito Mojito, le restaurant So Chicken est ferm\u00e9 pour plusieurs semaines minimum\" width=\"960\" height=\"640\"\/><br \/>\n    Comme le Tito Mojito, le restaurant So Chicken est ferm\u00e9 pour plusieurs semaines minimum (\u00a9G.L. \/ Actu Toulouse)Que va-t-il se passer d\u00e9sormais\u2009?<\/p>\n<p class=\" wall-content\">D\u2019apr\u00e8s la municipalit\u00e9, qui s\u2019appuie sur \u00ab\u2009les derni\u00e8res informations communiqu\u00e9es par l\u2019avocate de la copropri\u00e9t\u00e9 du 42 rue Merly\u2009\u00bb, les <strong>travaux de confortement provisoires<\/strong> d\u00e9buteront le 15\u00a0septembre 2025, \u00ab\u2009pour une dur\u00e9e de trois \u00e0 quatre semaines\u2009\u00bb.<\/p>\n<blockquote class=\"ac-article-quote wall-content\">\n<p>La r\u00e9int\u00e9gration des b\u00e2timents mitoyens est subordonn\u00e9e \u00e0 ces travaux de s\u00e9curisation.<\/p>\n<p>    <strong>La mairie de Toulouse<\/strong>\n            <\/p><\/blockquote>\n<p class=\" wall-content\">Les habitants de l\u2019immeuble qui menace de s\u2019effondrer ne sont, eux, pas pr\u00e8s de retrouver leurs cocons\u2009: \u00ab\u2009Quant aux occupants du 42 rue Merly, leur r\u00e9int\u00e9gration ne pourra \u00eatre autoris\u00e9e qu\u2019<strong>apr\u00e8s la r\u00e9alisation des travaux d\u00e9finitifs\u2009\u00bb.<\/strong><\/p>\n<p>    <a href=\"https:\/\/www.google.com\/maps\/embed?pb=!1m18!1m12!1m3!1d2888.828566017255!2d1.440412677854559!3d43.6101109711043!2m3!1f0!2f0!3f0!3m2!1i1024!2i768!4f13.1!3m3!1m2!1s0x12aebb5ff19b722b%3A0x952d876635a7a45a!2s42%20Rue%20Jean-Baptiste%20Merly%2C%2031000%20Toulouse!5e0!3m2!1sfr!2sfr!4v1757490979998!5m2!1sfr!2sfr\" title=\"Ouvrie le lien\" rel=\"nofollow noopener\" target=\"_blank\">Cliquez ici pour visualiser le contenu<\/a><\/p>\n<p class=\" wall-content\">Personnalisez votre actualit\u00e9 en ajoutant vos villes et m\u00e9dias en favori avec <a href=\"https:\/\/moncompte.actu.fr\" title=\"D\u00e9couvez Mon Actu\" rel=\"nofollow noopener\" data-trk=\"{&quot;cta&quot;:{&quot;action&quot;:&quot;https:\\\/\\\/moncompte.actu.fr&quot;,&quot;category&quot;:&quot;mon compte&quot;,&quot;from&quot;:&quot;article footer&quot;,&quot;name&quot;:&quot;Mon actu&quot;,&quot;type&quot;:&quot;cta&quot;}}\" target=\"_blank\">Mon Actu<\/a>.<\/p>\n<p>                    <script async src=\"\/\/www.tiktok.com\/embed.js\"><\/script><\/p>\n","protected":false},"excerpt":{"rendered":"Par Guillaume Laurens Publi\u00e9 le 11 sept. 2025 \u00e0 6h42 Trois immeubles de la rue Merly sont totalement&hellip;\n","protected":false},"author":2,"featured_media":381988,"comment_status":"","ping_status":"","sticky":false,"template":"","format":"standard","meta":{"footnotes":""},"categories":[2816],"tags":[1111,11,1777,674,1011,27,1116,12,2680,25,104,2312],"class_list":{"0":"post-381987","1":"post","2":"type-post","3":"status-publish","4":"format-standard","5":"has-post-thumbnail","7":"category-toulouse","8":"tag-actu","9":"tag-actualites","10":"tag-eu","11":"tag-europe","12":"tag-fr","13":"tag-france","14":"tag-immobilier","15":"tag-news","16":"tag-occitanie","17":"tag-republique-francaise","18":"tag-societe","19":"tag-toulouse"},"share_on_mastodon":{"url":"https:\/\/pubeurope.com\/@fr\/115184020051582780","error":""},"_links":{"self":[{"href":"https:\/\/www.europesays.com\/fr\/wp-json\/wp\/v2\/posts\/381987","targetHints":{"allow":["GET"]}}],"collection":[{"href":"https:\/\/www.europesays.com\/fr\/wp-json\/wp\/v2\/posts"}],"about":[{"href":"https:\/\/www.europesays.com\/fr\/wp-json\/wp\/v2\/types\/post"}],"author":[{"embeddable":true,"href":"https:\/\/www.europesays.com\/fr\/wp-json\/wp\/v2\/users\/2"}],"replies":[{"embeddable":true,"href":"https:\/\/www.europesays.com\/fr\/wp-json\/wp\/v2\/comments?post=381987"}],"version-history":[{"count":0,"href":"https:\/\/www.europesays.com\/fr\/wp-json\/wp\/v2\/posts\/381987\/revisions"}],"wp:featuredmedia":[{"embeddable":true,"href":"https:\/\/www.europesays.com\/fr\/wp-json\/wp\/v2\/media\/381988"}],"wp:attachment":[{"href":"https:\/\/www.europesays.com\/fr\/wp-json\/wp\/v2\/media?parent=381987"}],"wp:term":[{"taxonomy":"category","embeddable":true,"href":"https:\/\/www.europesays.com\/fr\/wp-json\/wp\/v2\/categories?post=381987"},{"taxonomy":"post_tag","embeddable":true,"href":"https:\/\/www.europesays.com\/fr\/wp-json\/wp\/v2\/tags?post=381987"}],"curies":[{"name":"wp","href":"https:\/\/api.w.org\/{rel}","templated":true}]}}