{"id":381989,"date":"2025-09-11T05:30:11","date_gmt":"2025-09-11T05:30:11","guid":{"rendered":"https:\/\/www.europesays.com\/fr\/381989\/"},"modified":"2025-09-11T05:30:11","modified_gmt":"2025-09-11T05:30:11","slug":"plus-de-300-postes-a-pourvoir-lors-de-ce-grand-rendez-vous-de-lemploi","status":"publish","type":"post","link":"https:\/\/www.europesays.com\/fr\/381989\/","title":{"rendered":"plus de 300 postes \u00e0 pourvoir lors de ce grand rendez-vous de l&#8217;emploi"},"content":{"rendered":"<p>            Par<br \/>\n        <strong><br \/>\n            <a href=\"https:\/\/actu.fr\/auteur\/marie-lamarque\" title=\"Consulter tous les articles de Marie Lamarque\" target=\"_blank\" rel=\"noopener\">Marie Lamarque<\/a><br \/>\n        <\/strong><\/p>\n<p>        Publi\u00e9 le<\/p>\n<p>            11 sept. 2025 \u00e0 7h16        <\/p>\n<p>Avis aux personnes en recherche d\u2019emploi, la Ville de <strong>Quint-Fonsegrives<\/strong>, \u00e0 l\u2019est de <a href=\"https:\/\/actu.fr\/toulouse\/\" target=\"_blank\" rel=\"noopener\">Toulouse<\/a>, organise son 14e forum ce mardi 16 septembre 2025. <strong>Plus de 300 postes<\/strong> seront \u00e0 pourvoir dans divers secteurs d\u2019activit\u00e9 : commerces, artisanat, sant\u00e9 ou encore services \u00e0 la personne.<\/p>\n<p>Une centaine d\u2019entreprises pr\u00e9sente<\/p>\n<p class=\" wall-content\">Une centaine d\u2019entreprises seront pr\u00e9sentes, ainsi que des organismes de formation. 85 stands ont \u00e9t\u00e9 r\u00e9serv\u00e9s pour ce nouveau rendez-vous o\u00f9 les candidats sont invit\u00e9s \u00e0 venir avec leur CV. Ils pourront se pr\u00e9senter au <strong>complexe Patrick P\u00e9pi<\/strong>, rue des Coteaux, de 9h \u00e0 12h30.<\/p>\n<p>    <a href=\"https:\/\/www.google.com\/maps\/embed?pb=!1m18!1m12!1m3!1d2889.9987499296444!2d1.5300001129715532!3d43.58574237098496!2m3!1f0!2f0!3f0!3m2!1i1024!2i768!4f13.1!3m3!1m2!1s0x12ae97004bee690b%3A0xdcfbfb995067b61b!2sComplexe%20Patrick%20P%C3%A9pi!5e0!3m2!1sfr!2sfr!4v1757521694934!5m2!1sfr!2sfr\" title=\"Ouvrie le lien\" target=\"_blank\" rel=\"noopener\">Cliquez ici pour visualiser le contenu<\/a><\/p>\n<p class=\" wall-content\">Le rendez-vous s\u2019adresse aussi aux professionnels souhaitant monter leur entreprise. Ils pourront b\u00e9n\u00e9ficier d\u2019un accompagnement.<\/p>\n<p>Les secteurs d\u2019activit\u00e9 repr\u00e9sent\u00e9s<\/p>\n<p class=\" wall-content\">Voici les secteurs qui seront repr\u00e9sent\u00e9s :<\/p>\n<p>Vid\u00e9os : en ce moment sur Actu<\/p>\n<ul class=\" wall-content\">\n<li><strong>commerce et artisanat<\/strong> (Axians, Sodexo, Super U, Leroy Merlin\u2026) ;<\/li>\n<li><strong>emplois publics<\/strong> (Arm\u00e9e de l\u2019air, Arm\u00e9e de terre, gendarmerie, Marine nationale\u2026) ;<\/li>\n<li><strong>cabinets de recrutement et int\u00e9rim<\/strong> (2A Expert RH, Adecco, Manpower\u2026) ;<\/li>\n<li><strong>sant\u00e9 et handicap<\/strong> (clinique La Croix du Sud, clinique Val de Saune, Synergie Care\u2026) ;<\/li>\n<li><strong>insertion et handicap<\/strong> (Anras, Agapei, Cap emploi\u2026) ;<\/li>\n<li><strong>organismes de formation et d\u2019accompagnement \u00e0 la recherche d\u2019emploi<\/strong> (TBS, CFA, BGE Sud Ouest, Promotrans\u2026) ;<\/li>\n<li><strong>services \u00e0 la personne et aux entreprises<\/strong> (Bien vivre en Lauragais, Tolosa services\u2026) ;<\/li>\n<li><strong>industrie et transport logistique<\/strong> (Verbus, Gaches Chimie, DVStrategie\u2026).<\/li>\n<\/ul>\n<p><strong>Infos pratiques :<\/strong><br \/>14\u1d49 forum de l\u2019emploi et de la formation \u00e0 Quint-Fonsegrives<br \/>Mardi 16 septembre, de 9h \u00e0 12h30, au complexe Patrick P\u00e9pi, rue des Coteaux<\/p>\n<p class=\" wall-content\">Personnalisez votre actualit\u00e9 en ajoutant vos villes et m\u00e9dias en favori avec <a href=\"https:\/\/moncompte.actu.fr\" title=\"D\u00e9couvez Mon Actu\" rel=\"nofollow noopener\" data-trk=\"{&quot;cta&quot;:{&quot;action&quot;:&quot;https:\\\/\\\/moncompte.actu.fr&quot;,&quot;category&quot;:&quot;mon compte&quot;,&quot;from&quot;:&quot;article footer&quot;,&quot;name&quot;:&quot;Mon actu&quot;,&quot;type&quot;:&quot;cta&quot;}}\" target=\"_blank\">Mon Actu<\/a>.<\/p>\n","protected":false},"excerpt":{"rendered":"Par Marie Lamarque Publi\u00e9 le 11 sept. 2025 \u00e0 7h16 Avis aux personnes en recherche d\u2019emploi, la Ville&hellip;\n","protected":false},"author":2,"featured_media":381990,"comment_status":"","ping_status":"","sticky":false,"template":"","format":"standard","meta":{"footnotes":""},"categories":[2816],"tags":[1111,11,341,1777,674,1011,27,12,2680,25,104,2312],"class_list":{"0":"post-381989","1":"post","2":"type-post","3":"status-publish","4":"format-standard","5":"has-post-thumbnail","7":"category-toulouse","8":"tag-actu","9":"tag-actualites","10":"tag-emploi","11":"tag-eu","12":"tag-europe","13":"tag-fr","14":"tag-france","15":"tag-news","16":"tag-occitanie","17":"tag-republique-francaise","18":"tag-societe","19":"tag-toulouse"},"share_on_mastodon":{"url":"https:\/\/pubeurope.com\/@fr\/115184023904279398","error":""},"_links":{"self":[{"href":"https:\/\/www.europesays.com\/fr\/wp-json\/wp\/v2\/posts\/381989","targetHints":{"allow":["GET"]}}],"collection":[{"href":"https:\/\/www.europesays.com\/fr\/wp-json\/wp\/v2\/posts"}],"about":[{"href":"https:\/\/www.europesays.com\/fr\/wp-json\/wp\/v2\/types\/post"}],"author":[{"embeddable":true,"href":"https:\/\/www.europesays.com\/fr\/wp-json\/wp\/v2\/users\/2"}],"replies":[{"embeddable":true,"href":"https:\/\/www.europesays.com\/fr\/wp-json\/wp\/v2\/comments?post=381989"}],"version-history":[{"count":0,"href":"https:\/\/www.europesays.com\/fr\/wp-json\/wp\/v2\/posts\/381989\/revisions"}],"wp:featuredmedia":[{"embeddable":true,"href":"https:\/\/www.europesays.com\/fr\/wp-json\/wp\/v2\/media\/381990"}],"wp:attachment":[{"href":"https:\/\/www.europesays.com\/fr\/wp-json\/wp\/v2\/media?parent=381989"}],"wp:term":[{"taxonomy":"category","embeddable":true,"href":"https:\/\/www.europesays.com\/fr\/wp-json\/wp\/v2\/categories?post=381989"},{"taxonomy":"post_tag","embeddable":true,"href":"https:\/\/www.europesays.com\/fr\/wp-json\/wp\/v2\/tags?post=381989"}],"curies":[{"name":"wp","href":"https:\/\/api.w.org\/{rel}","templated":true}]}}