{"id":381991,"date":"2025-09-11T05:31:12","date_gmt":"2025-09-11T05:31:12","guid":{"rendered":"https:\/\/www.europesays.com\/fr\/381991\/"},"modified":"2025-09-11T05:31:12","modified_gmt":"2025-09-11T05:31:12","slug":"lille-distribution-de-burritos-gratuits-pour-louverture-de-ce-nouveau-restaurant-de-la-rue-de-bethune","status":"publish","type":"post","link":"https:\/\/www.europesays.com\/fr\/381991\/","title":{"rendered":"Lille. Distribution de burritos gratuits pour l\u2019ouverture de ce nouveau restaurant de la rue de B\u00e9thune"},"content":{"rendered":"<p>            Par<br \/>\n        <strong><br \/>\n            <a href=\"https:\/\/actu.fr\/auteur\/hervine-mahaud\" title=\"Consulter tous les articles de Hervine Mahaud\" target=\"_blank\" rel=\"noopener\">Hervine Mahaud<\/a><br \/>\n        <\/strong><\/p>\n<p>        Publi\u00e9 le<\/p>\n<p>            11 sept. 2025 \u00e0 6h26        <\/p>\n<p>Un <b>nouveau restauran<\/b><b>t<\/b> a fait son apparition le 1er\u00a0septembre 2025 au c\u0153ur de la <b>rue de B\u00e9thune \u00e0 Lille<\/b>\u2009: <b>Tortilla<\/b>, le sp\u00e9cialiste du <b>burrito \u00e0 la californienne<\/b>. Ici, on savoure la cuisine mexicaine revisit\u00e9e pour s\u00e9duire un public le plus vari\u00e9 possible. Et bonne nouvelle pour les gourmands\u2009: le 12\u00a0septembre 2025, c\u2019est <b>burritos gratuits<\/b> non-stop pendant trois heures\u2009!<\/p>\n<p>L\u2019enseigne anglaise a rachet\u00e9 la cha\u00eene fran\u00e7aise Fresh Burritos<\/p>\n<p class=\" wall-content\">Fond\u00e9e au Royaume-Uni, l\u2019enseigne s\u2019est implant\u00e9e en France en 2024 en rachetant la cha\u00eene Fresh Burritos, qui avait vu le jour \u00e0 Lille en 2011.<\/p>\n<p class=\" wall-content\">D\u00e9sormais, au 61 rue de B\u00e9thune, les clients peuvent d\u00e9couvrir une nouvelle offre, toujours autour de la gastronomie mexicaine. Burrito, bowl, tacos ou salade, avec viande ou version veggie, doux ou \u00e9pic\u00e9, petite ou grande portion\u2026 chacun compose son plat sur mesure.<\/p>\n<p class=\" wall-content\"><a href=\"https:\/\/www.instagram.com\/p\/DNqoUzNN2Fp\/embed\" title=\"Ouvrir le lien sur Instagram\" target=\"_blank\" rel=\"noopener\">Visualiser le contenu sur Instagram<\/a><\/p>\n<p class=\" wall-content\">La promesse de Tortilla\u2009: une cuisine pr\u00e9par\u00e9e chaque jour sur place, sans surgel\u00e9s, pour une pause rapide entre deux r\u00e9unions, apr\u00e8s une vir\u00e9e shopping ou en soir\u00e9e.<\/p>\n<p class=\" wall-content\">Le d\u00e9cor s\u2019inspire des <b>taquerias californiennes<\/b>\u2009: color\u00e9, chaleureux et impr\u00e9gn\u00e9 de culture mexicaine. Une atmosph\u00e8re pens\u00e9e pour prolonger le voyage jusque dans l\u2019assiette, avec burritos, tacos, quesadillas et autres recettes g\u00e9n\u00e9reuses.<\/p>\n<p>Des offres sp\u00e9ciales pour l\u2019ouverture<\/p>\n<p class=\" wall-content\">Pour f\u00eater son arriv\u00e9e \u00e0 Lille, Tortilla a pr\u00e9vu de g\u00e2ter ses premiers clients. Le <b>12\u00a0septembre<\/b>, l\u2019enseigne propose des <b>burritos gratuits pendant trois heures<\/b>. Puis, du <b>15 au 17\u00a0septembre<\/b>, place \u00e0 l\u2019offre \u201c<b>1 burrito achet\u00e9 =\u00a01 burrito offert<\/b>\u201d, l\u2019occasion id\u00e9ale de d\u00e9couvrir la carte entre amis ou en famille.<\/p>\n<p>Votre r\u00e9gion, votre actu !<\/p>\n<p>Recevez chaque jour les infos qui comptent pour vous.<\/p>\n<p>\t<a href=\"https:\/\/actu.fr\/newsletter\" class=\"ac-btn ac-btn--corner ac-btn--medium ac-btn--blue800\" target=\"_blank\" rel=\"noopener\">S&rsquo;incrire<\/a><br \/>\nUne ambition nationale<\/p>\n<p class=\" wall-content\">Cette ouverture lilloise marque la premi\u00e8re \u00e9tape du d\u00e9veloppement de Tortilla dans la r\u00e9gion. Apr\u00e8s le rachat de Fresh Burritos, l\u2019enseigne transforme progressivement son r\u00e9seau en France. Objectif affich\u00e9\u2009: <b>faire entrer le burrito dans le quotidien des Fran\u00e7ais<\/b> et devenir la r\u00e9f\u00e9rence sur ce cr\u00e9neau.<\/p>\n<p class=\" wall-content\">Personnalisez votre actualit\u00e9 en ajoutant vos villes et m\u00e9dias en favori avec <a href=\"https:\/\/moncompte.actu.fr\" title=\"D\u00e9couvez Mon Actu\" rel=\"nofollow noopener\" data-trk=\"{&quot;cta&quot;:{&quot;action&quot;:&quot;https:\\\/\\\/moncompte.actu.fr&quot;,&quot;category&quot;:&quot;mon compte&quot;,&quot;from&quot;:&quot;article footer&quot;,&quot;name&quot;:&quot;Mon actu&quot;,&quot;type&quot;:&quot;cta&quot;}}\" target=\"_blank\">Mon Actu<\/a>.<\/p>\n<p>                    <script async src=\"\/\/www.instagram.com\/embed.js\"><\/script><\/p>\n","protected":false},"excerpt":{"rendered":"Par Hervine Mahaud Publi\u00e9 le 11 sept. 2025 \u00e0 6h26 Un nouveau restaurant a fait son apparition le&hellip;\n","protected":false},"author":2,"featured_media":381992,"comment_status":"","ping_status":"","sticky":false,"template":"","format":"standard","meta":{"footnotes":""},"categories":[2815],"tags":[1111,11,6557,1777,674,1011,27,811,1307,1652,12,3147,25,1340],"class_list":{"0":"post-381991","1":"post","2":"type-post","3":"status-publish","4":"format-standard","5":"has-post-thumbnail","7":"category-lille","8":"tag-actu","9":"tag-actualites","10":"tag-bon-plan-a-lille","11":"tag-eu","12":"tag-europe","13":"tag-fr","14":"tag-france","15":"tag-hauts-de-france","16":"tag-lille","17":"tag-loisirs-culture","18":"tag-news","19":"tag-nouveaux-commerces","20":"tag-republique-francaise","21":"tag-restaurant"},"share_on_mastodon":{"url":"https:\/\/pubeurope.com\/@fr\/115184027755020837","error":""},"_links":{"self":[{"href":"https:\/\/www.europesays.com\/fr\/wp-json\/wp\/v2\/posts\/381991","targetHints":{"allow":["GET"]}}],"collection":[{"href":"https:\/\/www.europesays.com\/fr\/wp-json\/wp\/v2\/posts"}],"about":[{"href":"https:\/\/www.europesays.com\/fr\/wp-json\/wp\/v2\/types\/post"}],"author":[{"embeddable":true,"href":"https:\/\/www.europesays.com\/fr\/wp-json\/wp\/v2\/users\/2"}],"replies":[{"embeddable":true,"href":"https:\/\/www.europesays.com\/fr\/wp-json\/wp\/v2\/comments?post=381991"}],"version-history":[{"count":0,"href":"https:\/\/www.europesays.com\/fr\/wp-json\/wp\/v2\/posts\/381991\/revisions"}],"wp:featuredmedia":[{"embeddable":true,"href":"https:\/\/www.europesays.com\/fr\/wp-json\/wp\/v2\/media\/381992"}],"wp:attachment":[{"href":"https:\/\/www.europesays.com\/fr\/wp-json\/wp\/v2\/media?parent=381991"}],"wp:term":[{"taxonomy":"category","embeddable":true,"href":"https:\/\/www.europesays.com\/fr\/wp-json\/wp\/v2\/categories?post=381991"},{"taxonomy":"post_tag","embeddable":true,"href":"https:\/\/www.europesays.com\/fr\/wp-json\/wp\/v2\/tags?post=381991"}],"curies":[{"name":"wp","href":"https:\/\/api.w.org\/{rel}","templated":true}]}}