{"id":382024,"date":"2025-09-11T05:50:17","date_gmt":"2025-09-11T05:50:17","guid":{"rendered":"https:\/\/www.europesays.com\/fr\/382024\/"},"modified":"2025-09-11T05:50:17","modified_gmt":"2025-09-11T05:50:17","slug":"lespagne-et-lirlande-saluent-la-decision-de-lue-de-prendre-de-nouvelles-mesures-contre-israel","status":"publish","type":"post","link":"https:\/\/www.europesays.com\/fr\/382024\/","title":{"rendered":"L\u2019Espagne et l\u2019Irlande saluent la d\u00e9cision de l\u2019UE de prendre de nouvelles mesures contre Isra\u00ebl"},"content":{"rendered":"<p>AA \/ Bruxelles \/ Melike Pala<\/p>\n<p>L\u2019Espagne et l\u2019Irlande ont salu\u00e9 mercredi l\u2019annonce par la pr\u00e9sidente de la Commission europ\u00e9enne, Ursula von der Leyen, de nouvelles mesures contre Isra\u00ebl en raison de ses attaques persistantes contre Gaza.<\/p>\n<p>Le chef de la diplomatie espagnole, Jos\u00e9 Manuel Albares, a affirm\u00e9 sur la plateforme sociale X, bas\u00e9e aux \u00c9tats-Unis, que Madrid soutient ces mesures, soulignant qu\u2019elles correspondent au sentiment largement partag\u00e9 par le peuple espagnol.<\/p>\n<p>Le Premier ministre irlandais, Miche\u00e1l Martin, a pour sa part qualifi\u00e9 la proposition de suspendre l\u2019accord d\u2019association UE-Isra\u00ebl de \u00ab d\u00e9veloppement tr\u00e8s significatif \u00bb, d\u00e9non\u00e7ant \u00ab le massacre de civils innocents, de femmes et d&rsquo;enfants, la famine impos\u00e9e \u00e0 une population et la violation de toutes les normes du droit international \u00bb.<\/p>\n<p>\u00abJe salue le fait que la Commission europ\u00e9enne affirme que l\u2019Europe ne peut rester paralys\u00e9e par l\u2019inaction \u00bb, a d\u00e9clar\u00e9 le Premier ministre irlandais.<\/p>\n<p>Plus t\u00f4t dans la journ\u00e9e, von der Leyen avait pr\u00e9sent\u00e9 un train de mesures contre Isra\u00ebl comprenant la suspension partielle de l\u2019accord d\u2019association, le gel de certains soutiens bilat\u00e9raux ainsi que des sanctions cibl\u00e9es contre des ministres extr\u00e9mistes et des colons violents.<\/p>\n<p>Depuis octobre 2023, l\u2019offensive isra\u00e9lienne a fait plus de 64 600 morts palestiniens \u00e0 Gaza et provoqu\u00e9 une famine g\u00e9n\u00e9ralis\u00e9e. L\u2019Espagne et l\u2019Irlande, aux c\u00f4t\u00e9s de la Norv\u00e8ge, avaient reconnu l\u2019\u00c9tat de Palestine en mai 2024.<\/p>\n<p>* traduit de l&rsquo;anglais par Ayse Betul Akcesme<\/p>\n<p>                            &#13;<br \/>\n                                <a href=\"https:\/\/www.aa.com.tr\/fr\/p\/abonnement\/1001\" target=\"_blank\" style=\"font-size:12px; color:#444; text-decoration:none;\" rel=\"nofollow noopener\">&#13;<br \/>\n                                    Seulement une partie des d\u00e9p\u00eaches, que l&rsquo;Agence Anadolu diffuse \u00e0 ses abonn\u00e9s via le Syst\u00e8me de Diffusion interne (HAS), est diffus\u00e9e sur le site de l&rsquo;AA, de mani\u00e8re r\u00e9sum\u00e9e. <b style=\"color:#1897F7\">Contactez-nous s&rsquo;il vous pla\u00eet pour vous abonner.<\/b>&#13;<br \/>\n                                <\/a>&#13;<\/p>\n","protected":false},"excerpt":{"rendered":"AA \/ Bruxelles \/ Melike Pala L\u2019Espagne et l\u2019Irlande ont salu\u00e9 mercredi l\u2019annonce par la pr\u00e9sidente de la&hellip;\n","protected":false},"author":2,"featured_media":382025,"comment_status":"","ping_status":"","sticky":false,"template":"","format":"standard","meta":{"footnotes":""},"categories":[1586],"tags":[11,1785,123,1777,674,1779,1011,27,516,3819,12,25,1778,364],"class_list":{"0":"post-382024","1":"post","2":"type-post","3":"status-publish","4":"format-standard","5":"has-post-thumbnail","7":"category-europe","8":"tag-actualites","9":"tag-anadolu-ajansi","10":"tag-espagne","11":"tag-eu","12":"tag-europe","13":"tag-european-union","14":"tag-fr","15":"tag-france","16":"tag-irlande","17":"tag-isral","18":"tag-news","19":"tag-republique-francaise","20":"tag-ue","21":"tag-union-europeenne"},"share_on_mastodon":{"url":"https:\/\/pubeurope.com\/@fr\/115184102533630633","error":""},"_links":{"self":[{"href":"https:\/\/www.europesays.com\/fr\/wp-json\/wp\/v2\/posts\/382024","targetHints":{"allow":["GET"]}}],"collection":[{"href":"https:\/\/www.europesays.com\/fr\/wp-json\/wp\/v2\/posts"}],"about":[{"href":"https:\/\/www.europesays.com\/fr\/wp-json\/wp\/v2\/types\/post"}],"author":[{"embeddable":true,"href":"https:\/\/www.europesays.com\/fr\/wp-json\/wp\/v2\/users\/2"}],"replies":[{"embeddable":true,"href":"https:\/\/www.europesays.com\/fr\/wp-json\/wp\/v2\/comments?post=382024"}],"version-history":[{"count":0,"href":"https:\/\/www.europesays.com\/fr\/wp-json\/wp\/v2\/posts\/382024\/revisions"}],"wp:featuredmedia":[{"embeddable":true,"href":"https:\/\/www.europesays.com\/fr\/wp-json\/wp\/v2\/media\/382025"}],"wp:attachment":[{"href":"https:\/\/www.europesays.com\/fr\/wp-json\/wp\/v2\/media?parent=382024"}],"wp:term":[{"taxonomy":"category","embeddable":true,"href":"https:\/\/www.europesays.com\/fr\/wp-json\/wp\/v2\/categories?post=382024"},{"taxonomy":"post_tag","embeddable":true,"href":"https:\/\/www.europesays.com\/fr\/wp-json\/wp\/v2\/tags?post=382024"}],"curies":[{"name":"wp","href":"https:\/\/api.w.org\/{rel}","templated":true}]}}