{"id":38203,"date":"2025-04-20T06:24:15","date_gmt":"2025-04-20T06:24:15","guid":{"rendered":"https:\/\/www.europesays.com\/fr\/38203\/"},"modified":"2025-04-20T06:24:15","modified_gmt":"2025-04-20T06:24:15","slug":"le-chef-de-lonu-gravement-preoccupe","status":"publish","type":"post","link":"https:\/\/www.europesays.com\/fr\/38203\/","title":{"rendered":"le chef de l&rsquo;ONU \u00abgravement pr\u00e9occup\u00e9\u00bb"},"content":{"rendered":"<p>Ant\u00f3nio Guterres s\u2019est alarm\u00e9 des dommages importants et des \u00abfuites possibles de p\u00e9trole dans la mer Rouge\u00bb.<\/p>\n<p class=\"fig-paragraph\">Ant\u00f3nio Guterres, le\u00a0<a href=\"http:\/\/www.lefigaro.fr\/international\/a-kazan-antonio-guterres-brise-l-isolement-de-poutine-sur-la-scene-internationale-20241023\" target=\"_blank\" data-fig-type=\"Article\" rel=\"noopener\" data-gtm-custom-categorie=\"navigation\" data-gtm-custom-action=\"crossclick\" data-gtm-custom-label=\"Contextuel\" data-gtm-event=\"customEventSPE\" data-fig-domain=\"LEFIGARO\">chef de l&rsquo;ONU<\/a>\u00a0est \u00abgravement pr\u00e9occup\u00e9\u00bb par les frappes am\u00e9ricaines survenues cette semaine sur un<a href=\"http:\/\/www.lefigaro.fr\/flash-actu\/yemen-l-armee-americaine-annonce-avoir-detruit-un-port-petrolier-utilise-par-les-houthis-20250417\" target=\"_blank\" data-fig-type=\"NewsFlash\" rel=\"noopener\" data-gtm-custom-categorie=\"navigation\" data-gtm-custom-action=\"crossclick\" data-gtm-custom-label=\"Contextuel\" data-gtm-event=\"customEventSPE\" data-fig-domain=\"LEFIGARO\">\u00a0port p\u00e9trolier strat\u00e9gique au Y\u00e9men<\/a>, faisant 80 morts selon les\u00a0<a href=\"http:\/\/www.lefigaro.fr\/societes\/washington-accuse-un-geant-chinois-du-spatial-d-aider-les-houthis-du-yemen-20250418\" target=\"_blank\" data-fig-type=\"NewsFlash\" rel=\"noopener\" data-gtm-custom-categorie=\"navigation\" data-gtm-custom-action=\"crossclick\" data-gtm-custom-label=\"Contextuel\" data-gtm-event=\"customEventSPE\" data-fig-domain=\"LEFIGARO\">rebelles houthis<\/a>, a d\u00e9clar\u00e9 samedi son porte-parole St\u00e9phane Dujarric.<\/p>\n<p class=\"fig-paragraph\">\u00abLe secr\u00e9taire g\u00e9n\u00e9ral est gravement pr\u00e9occup\u00e9 par les frappes a\u00e9riennes men\u00e9es par les \u00c9tats-Unis les 17 et 18 avril autour et sur le port y\u00e9m\u00e9nite de Ras Issa, qui auraient fait de nombreuses victimes civiles, dont cinq travailleurs humanitaires bless\u00e9s\u00bb, a-t-il indiqu\u00e9 dans un communiqu\u00e9. Le chef de l\u2019ONU s\u2019est par ailleurs \u00abalarm\u00e9\u00bb des dommages importants et des \u00abfuites possibles de p\u00e9trole dans la mer Rouge\u00bb.<\/p>\n<p class=\"fig-paragraph\">Le gouvernement de Donald Trump a annonc\u00e9 il y a quelques semaines une offensive militaire d\u2019envergure contre les Houthis afin de les contraindre \u00e0 cesser de menacer les navires empruntant des routes maritimes cruciales pour le commerce international. Ainsi, l\u2019arm\u00e9e am\u00e9ricaine a d\u00e9clar\u00e9 avoir cibl\u00e9 et d\u00e9truit ce port strat\u00e9gique afin de couper les vivres et les financements des Houthis qui contr\u00f4lent de larges pans du Y\u00e9men.<\/p>\n<p class=\"fig-paragraph\">Il s\u2019agit de l\u2019attaque la plus meurtri\u00e8re enregistr\u00e9e depuis le d\u00e9but de la campagne militaire am\u00e9ricaine il y a 15 mois contre les rebelles soutenus par l\u2019Iran.<\/p>\n<p>\u00a0\u00bb<br \/>\n        data-script=\u00a0\u00bbhttps:\/\/static.lefigaro.fr\/widget-video\/short-ttl\/video\/index.js\u00a0\u00bb<br \/>\n    &gt;<\/p>\n<p>\u00abExercer la plus grande retenue\u00bb<\/p>\n<p class=\"fig-paragraph\">Le groupe rebelle est entr\u00e9 dans le collimateur de Washington en d\u00e9clenchant en novembre 2023 des attaques contre des navires en mer Rouge, perturbant le trafic maritime international. Les Houthis, qui disent agir en solidarit\u00e9 avec les Palestiniens dans le cadre de la guerre men\u00e9e par Isra\u00ebl \u00e0 Gaza, ciblent \u00e9galement r\u00e9guli\u00e8rement Isra\u00ebl avec des missiles.<\/p>\n<p class=\"fig-paragraph\">Le chef de l\u2019ONU \u00abest \u00e9galement tr\u00e8s pr\u00e9occup\u00e9 par les frappes de missiles et de drones men\u00e9es par les Houthis contre Isra\u00ebl et en mer Rouge\u00bb et demande \u00ab\u00e0 tous d\u2019exercer la plus grande retenue\u00bb, poursuit le communiqu\u00e9.<\/p>\n<p class=\"fig-paragraph\">L\u2019attaque sur le port de Ras Issa est survenue en amont des pourparlers indirects entre les \u00c9tats-Unis et l\u2019Iran, pays ennemis, qui se sont tenus samedi en Italie.<\/p>\n","protected":false},"excerpt":{"rendered":"Ant\u00f3nio Guterres s\u2019est alarm\u00e9 des dommages importants et des \u00abfuites possibles de p\u00e9trole dans la mer Rouge\u00bb. Ant\u00f3nio&hellip;\n","protected":false},"author":2,"featured_media":38204,"comment_status":"","ping_status":"","sticky":false,"template":"","format":"standard","meta":{"footnotes":""},"categories":[2],"tags":[259,11,260,1011,27,1070,14,261,12,262,25,3885],"class_list":{"0":"post-38203","1":"post","2":"type-post","3":"status-publish","4":"format-standard","5":"has-post-thumbnail","7":"category-actualites","8":"tag-actualite-internationale","9":"tag-actualites","10":"tag-affaires-etrangeres","11":"tag-fr","12":"tag-france","13":"tag-houthis","14":"tag-international","15":"tag-ministere-des-affaires-etrangeres","16":"tag-news","17":"tag-politique-etrangere","18":"tag-republique-francaise","19":"tag-yemen"},"share_on_mastodon":{"url":"https:\/\/pubeurope.com\/@fr\/114368863529433139","error":""},"_links":{"self":[{"href":"https:\/\/www.europesays.com\/fr\/wp-json\/wp\/v2\/posts\/38203","targetHints":{"allow":["GET"]}}],"collection":[{"href":"https:\/\/www.europesays.com\/fr\/wp-json\/wp\/v2\/posts"}],"about":[{"href":"https:\/\/www.europesays.com\/fr\/wp-json\/wp\/v2\/types\/post"}],"author":[{"embeddable":true,"href":"https:\/\/www.europesays.com\/fr\/wp-json\/wp\/v2\/users\/2"}],"replies":[{"embeddable":true,"href":"https:\/\/www.europesays.com\/fr\/wp-json\/wp\/v2\/comments?post=38203"}],"version-history":[{"count":0,"href":"https:\/\/www.europesays.com\/fr\/wp-json\/wp\/v2\/posts\/38203\/revisions"}],"wp:featuredmedia":[{"embeddable":true,"href":"https:\/\/www.europesays.com\/fr\/wp-json\/wp\/v2\/media\/38204"}],"wp:attachment":[{"href":"https:\/\/www.europesays.com\/fr\/wp-json\/wp\/v2\/media?parent=38203"}],"wp:term":[{"taxonomy":"category","embeddable":true,"href":"https:\/\/www.europesays.com\/fr\/wp-json\/wp\/v2\/categories?post=38203"},{"taxonomy":"post_tag","embeddable":true,"href":"https:\/\/www.europesays.com\/fr\/wp-json\/wp\/v2\/tags?post=38203"}],"curies":[{"name":"wp","href":"https:\/\/api.w.org\/{rel}","templated":true}]}}