{"id":382030,"date":"2025-09-11T05:53:17","date_gmt":"2025-09-11T05:53:17","guid":{"rendered":"https:\/\/www.europesays.com\/fr\/382030\/"},"modified":"2025-09-11T05:53:17","modified_gmt":"2025-09-11T05:53:17","slug":"certains-sont-plus-rares-dans-les-secteurs-plus-favorises-lexpress","status":"publish","type":"post","link":"https:\/\/www.europesays.com\/fr\/382030\/","title":{"rendered":"\u00ab\u00a0Certains sont plus rares dans les secteurs plus favoris\u00e9s\u00a0\u00bb \u2013 L&rsquo;Express"},"content":{"rendered":"<p class=\"paragraph article-body-paragraph article__item   article-body-paragraph--first \">User ses fonds de pantalons sur les bancs de Victor Hugo ; se lier d\u2019amiti\u00e9 \u00e0 Jean Moulin ; tomber amoureux \u00e0 Descartes, et passer le bac \u00e0 Marie Curie\u2026 Les noms d\u2019\u00e9coles dessinent un paysage intime en chacun d\u2019entre nous. Ils traduisent, aussi, ce qu\u2019une Nation veut se dire \u00e0 elle-m\u00eame ; la s\u00e9dimentation de son r\u00e9cit commun. C\u2019est pourquoi il est passionnant de se plonger dans l\u2019enqu\u00eate qu\u2019a effectu\u00e9e le Conseil d\u2019\u00e9valuation de l\u2019\u00c9cole (CEE) concernant le nom des quelque 60 000 <a href=\"https:\/\/www.lexpress.fr\/economie\/politique-economique\/au-lycee-les-cours-deconomie-ne-forment-pas-des-entrepreneurs-mais-des-electeurs-passifs-par-pierre-RQCZP5XTQVG2PC2UQ2M4QMF6XE\/\" target=\"_self\" rel=\"noopener\" title=\"https:\/\/www.lexpress.fr\/economie\/politique-economique\/au-lycee-les-cours-deconomie-ne-forment-pas-des-entrepreneurs-mais-des-electeurs-passifs-par-pierre-RQCZP5XTQVG2PC2UQ2M4QMF6XE\/\">\u00e9tablissements publics<\/a> (dont environ 50 % sont baptis\u00e9s d\u2019apr\u00e8s une personnalit\u00e9). Quelles sont les tendances historiques ? Et les plus r\u00e9centes ? Mustapha Touahir \u2013 pass\u00e9 par Baudelaire \u00e0 Roubaix puis par Henri IV \u00e0 Paris \u2013, est secr\u00e9taire g\u00e9n\u00e9ral du CEE et co-auteur du rapport. Il r\u00e9pond aux questions de l\u2019Express.<\/p>\n<p><strong class=\"article-body-link-list__item text-gray-800 article-body-link-list__item--one-item\">LIRE AUSSI : <a class=\"article-body-link-list__item-link\" href=\"https:\/\/www.lexpress.fr\/societe\/education\/rentree-scolaire-entre-le-ministere-et-les-syndicats-un-bras-de-fer-autour-de-lexigence-N3YAPGGBRRCF7MEGSK3KNYKUVE\/\" target=\"_blank\" rel=\"noopener\">Rentr\u00e9e scolaire : entre le minist\u00e8re et les syndicats, un bras de fer autour de l\u2019exigence<\/a><\/strong><\/p>\n<p class=\"paragraph article__item--bold article-body-paragraph article__item   \">L\u2019Express\u00a0: Combien d\u2019\u00e9tablissements publics (primaire et secondaire) sont-ils nomm\u00e9s ou renomm\u00e9s chaque ann\u00e9e\u00a0? Et qui choisit leur nom\u00a0?<\/p>\n<p class=\"paragraph article-body-paragraph article__item   \"><b>Mustapha Touahir<\/b> : Dans la p\u00e9riode r\u00e9cente, environ 3 500 \u00e9tablissements sont nomm\u00e9s ou renomm\u00e9s chaque ann\u00e9e. Ce sont les collectivit\u00e9s territoriales qui\u00a0d\u00e9cident de ces noms\u00a0: les communes dans le cas des \u00e9coles primaires, les conseils d\u00e9partementaux pour les coll\u00e8ges, et les conseils r\u00e9gionaux pour les lyc\u00e9es. Cela se fait g\u00e9n\u00e9ralement en concertation avec la communaut\u00e9 \u00e9ducative. Dans le second degr\u00e9, il faut m\u00eame l\u2019aval du Conseil d\u2019administration de l\u2019\u00e9tablissement.<\/p>\n<p class=\"paragraph article__item--bold article-body-paragraph article__item   \">Qu\u2019est-ce qui motive les changements de nom des \u00e9tablissements d\u00e9j\u00e0 existants ?<\/p>\n<p class=\"paragraph article-body-paragraph article__item   \">Cela peut r\u00e9pondre \u00e0 des logiques vari\u00e9es : fusions d\u2019\u00e9tablissements, volont\u00e9 d\u2019affirmer un projet \u00e9ducatif ou de porter un symbole \u2013 \u00e0 l\u2019image du cas r\u00e9cent <a href=\"https:\/\/www.lexpress.fr\/societe\/comment-lassassin-de-samuel-paty-sest-jete-dans-les-bras-des-islamistes-syriens-de-htc-U73BGOCEFFGOFPLFVJF7HHHI6A\/\" target=\"_self\" rel=\"noopener\" title=\"https:\/\/www.lexpress.fr\/societe\/comment-lassassin-de-samuel-paty-sest-jete-dans-les-bras-des-islamistes-syriens-de-htc-U73BGOCEFFGOFPLFVJF7HHHI6A\/\">de Samuel Paty.<\/a> Les enjeux sont parfois locaux et tr\u00e8s concrets. Ainsi, un coll\u00e8ge situ\u00e9 \u00e0 Brest et relevant de l\u2019\u00e9ducation prioritaire a choisi de prendre le nom du nouveau quartier en construction \u00e0 proximit\u00e9, la Fontaine Margot. L\u2019\u00e9tablissement portait jusque-l\u00e0 un nom breton et l\u2019objectif, pour l\u2019\u00e9tablissement, consistait \u00e0 limiter l\u2019\u00e9vitement dont souffrait le coll\u00e8ge et \u00e0 cr\u00e9er une nouvelle dynamique pour encourager les nouveaux arrivants \u00e0 y inscrire leur enfant. Autre situation : celle des \u00e9coles primaires parisiennes, longtemps priv\u00e9es de d\u00e9nomination officielle et simplement identifi\u00e9es par le nom de leur rue. Certaines ont r\u00e9cemment rompu avec cette tradition.<\/p>\n<p><strong class=\"article-body-link-list__item text-gray-800 article-body-link-list__item--one-item\">LIRE AUSSI : <a class=\"article-body-link-list__item-link\" href=\"https:\/\/www.lexpress.fr\/societe\/education\/suicide-de-caroline-grandjean-quand-un-enseignant-est-en-souffrance-linstitution-cherche-a-etouffer-FVBMN6VQ4JHADENQM52FF5A55Y\/\" target=\"_blank\" rel=\"noopener\">Suicide de Caroline Grandjean : \u00ab\u00a0Quand un enseignant est en souffrance, l\u2019institution cherche \u00e0 \u00e9touffer l\u2019affaire\u00a0\u00bb<\/a><\/strong><\/p>\n<p class=\"paragraph article__item--bold article-body-paragraph article__item   \">Quels sont, aujourd\u2019hui en France, les noms les plus \u00ab\u00a0port\u00e9s\u00a0\u00bb par les \u00e9tablissements publics ?<\/p>\n<p class=\"paragraph article-body-paragraph article__item   \">Chaque matin, pr\u00e8s de 100 000 \u00e9l\u00e8ves franchissent les portes d\u2019une \u00e9cole portant le nom de Jules Ferry, le patronyme le plus r\u00e9pandu dans le premier degr\u00e9, suivi par celui de Jacques Pr\u00e9vert. Dans le secondaire, c\u2019est Jean Moulin qui domine (NDLR : voir aussi le tableau ci-dessous). Jusqu\u2019\u00e0 une p\u00e9riode r\u00e9cente, les figures f\u00e9minines \u00e9taient quasi absentes de ces palmar\u00e8s, \u00e0 l\u2019exception notable de Marie Curie, dont le nom a souvent \u00e9t\u00e9 attribu\u00e9 aux anciens lyc\u00e9es de jeunes filles. Mais la tendance \u00e9volue : entre 2017 et 2023, 45 % des nouveaux \u00e9tablissements publics ont \u00e9t\u00e9 nomm\u00e9s d\u2019apr\u00e8s une personnalit\u00e9 f\u00e9minine. <a href=\"\" rel=\"\" title=\"\">Simone Veil<\/a> est d\u2019ailleurs le nom le plus donn\u00e9 parmi les nouveaux noms qui apparaissent ces derni\u00e8res ann\u00e9es.<\/p>\n<p><img decoding=\"async\" src=\"https:\/\/www.europesays.com\/fr\/wp-content\/uploads\/2025\/09\/ARGL3XQP25HQTH6UN4X2RNW6NQ.png\" class=\"image-with-legend__cover-img\" alt=\"3871-INFOG-VU-DE-FRANCE-renommer-2\" width=\"883\" height=\"0\" loading=\"lazy\"\/><\/p>\n<p class=\"image-with-legend__legend\">Le classement des cinq noms de personnalit\u00e9s les plus fr\u00e9quents en 2023 pour les \u00e9tablissements publics. <\/p>\n<p class=\"image-with-legend__credits\"> \u00a9  \/ Paris Mus\u00e9es\/Mus\u00e9e Carnavalet\/Histoire de Paris \u2013 Collection Famille Escoffier\/CHRD, Lyon &#8211; Communaut\u00e9s europ\u00e9ennes\/Source PE &#8211; L&rsquo;Express<\/p>\n<p class=\"paragraph article__item--bold article-body-paragraph article__item   \">Les panth\u00e9onisations peuvent avoir un effet, on imagine\u2026<\/p>\n<p class=\"paragraph article-body-paragraph article__item   \">Bien s\u00fbr. Mais contrairement \u00e0 ce que l\u2019on pense souvent, certains \u00e9tablissements sont nomm\u00e9s d\u2019apr\u00e8s des personnalit\u00e9s vivantes. Il y a par exemple quelques \u00e9coles Thomas Pesquet.<\/p>\n<p class=\"paragraph article__item--bold article-body-paragraph article__item   \">L\u2019enqu\u00eate s\u2019est aussi int\u00e9ress\u00e9e \u00e0 la corr\u00e9lation \u2013 car il y en a une \u2013 entre le nom de l\u2019\u00e9tablissement et le profil social des \u00e9l\u00e8ves qui le fr\u00e9quentent. D\u2019abord, comment vous est venue cette id\u00e9e ?<\/p>\n<p class=\"paragraph article-body-paragraph article__item   \">D\u2019une intuition du quotidien. Il y a quelques ann\u00e9es, je travaillais \u00e0 la Depp (NDLR : la Direction de l\u2019\u00e9valuation, de la prospective et de la performance de l\u2019\u00c9ducation nationale), au bureau qui s\u2019occupait, notamment, de l\u2019\u00e9ducation prioritaire. Je voyais passer des noms qui me semblaient \u00eatre beaucoup plus repr\u00e9sent\u00e9s dans ces \u00e9tablissements qu\u2019ailleurs. Une anecdote qui remonte \u00e0 cette \u00e9poque-l\u00e0 : un jour que je suis en r\u00e9union dans l\u2019acad\u00e9mie de Lille, j\u2019\u00e9voque le cas du coll\u00e8ge Albert Samain, \u00e0 Roubaix \u2013 ville que je connais bien puisque j\u2019en viens. On m\u2019apprend que l\u2019\u00e9tablissement, qui souffrait d\u2019une tr\u00e8s mauvaise r\u00e9putation, a r\u00e9cemment d\u00e9cid\u00e9 de changer de nom. Je leur ai dit : \u00ab\u00a0laissez-moi deviner : il s\u2019est renomm\u00e9 Rosa Parks\u00a0\u00bb. Je suis pass\u00e9 pour un magicien ! Mais en v\u00e9rit\u00e9, \u00e0 ce moment (c\u2019\u00e9tait en 2018), Rosa Parks \u00e9tait le nom le plus donn\u00e9 en \u00e9ducation prioritaire. Et tr\u00e8s peu si ce n\u2019est pas du tout ailleurs. Plus r\u00e9cemment, la pol\u00e9mique autour du lyc\u00e9e de Saint-Denis que la r\u00e9gion ne souhaitait pas appeler Angela Davis nous a aussi montr\u00e9 que le sujet \u00e9tait important pour le d\u00e9bat public. Ce lyc\u00e9e a finalement \u00e9t\u00e9 nomm\u00e9 Rosa Parks.<\/p>\n<p class=\"paragraph article__item--bold article-body-paragraph article__item   \">Rosa Parks, du nom de cette femme noire am\u00e9ricaine qui a d\u00e9fi\u00e9 la s\u00e9gr\u00e9gation des ann\u00e9es cinquante aux Etats-Unis. Et c\u2019est justement l\u2019une des le\u00e7ons de l\u2019enqu\u00eate : les personnalit\u00e9s \u00e9trang\u00e8res sont sur-repr\u00e9sent\u00e9es dans les noms donn\u00e9s aux \u00e9tablissements des quartiers d\u00e9favoris\u00e9s\u2026<\/p>\n<p class=\"paragraph article-body-paragraph article__item   \">C\u2019est en effet une tendance marqu\u00e9e : on y retrouve plus fr\u00e9quemment des noms comme Rosa Parks, Pablo Neruda ou Nelson Mandela. On peut citer d\u2019autres noms, certes moins fr\u00e9quents mais tout aussi parlants : Oum Kalthoum (NDLR : grande chanteuse \u00e9gyptienne) qui donne d\u00e9sormais son nom \u00e0 un coll\u00e8ge de Montreuil ou Miriam Makeba (NDLR : ic\u00f4ne sud-africaine) qu\u2019on retrouve notamment \u00e0 Nanterre, \u00e0 Aubervilliers et dans un quartier populaire de Lille. Des tels noms sont beaucoup plus rares dans les secteurs plus favoris\u00e9s.<\/p>\n<\/p>\n<p class=\"paragraph article__item--bold article-body-paragraph article__item   \">Permettez-moi une question adress\u00e9e non pas au secr\u00e9taire g\u00e9n\u00e9ral du CEE, mais au citoyen : cette surrepr\u00e9sentation de personnalit\u00e9s \u00e9trang\u00e8res \u2013 aussi remarquables soient-elles \u2013 dans le nom des \u00e9tablissements d\u2019\u00e9ducation prioritaire n\u2019interroge-t-elle pas la vitalit\u00e9 de l\u2019universalisme r\u00e9publicain ?<\/p>\n<p class=\"paragraph article-body-paragraph article__item   \">Oui, il existe en effet quelque chose comme une fronti\u00e8re invisible. Segmenter ainsi les symboles peut avoir des effets contreproductifs. On peut m\u00eame y voir une forme d\u2019assignation, d\u00e8s lors que l\u2019on renvoie plus souvent des \u00e9l\u00e8ves issus de l\u2019immigration \u00e0 des figures \u00e9trang\u00e8res. Je ne suis pas s\u00fbr que ce soit la meilleure mani\u00e8re de favoriser l\u2019int\u00e9gration.<\/p>\n<p>.<\/p>\n","protected":false},"excerpt":{"rendered":"User ses fonds de pantalons sur les bancs de Victor Hugo ; se lier d\u2019amiti\u00e9 \u00e0 Jean Moulin&hellip;\n","protected":false},"author":2,"featured_media":382031,"comment_status":"","ping_status":"","sticky":false,"template":"","format":"standard","meta":{"footnotes":""},"categories":[4],"tags":[11,1057,1011,27,12,25,104],"class_list":{"0":"post-382030","1":"post","2":"type-post","3":"status-publish","4":"format-standard","5":"has-post-thumbnail","7":"category-france","8":"tag-actualites","9":"tag-education","10":"tag-fr","11":"tag-france","12":"tag-news","13":"tag-republique-francaise","14":"tag-societe"},"share_on_mastodon":{"url":"https:\/\/pubeurope.com\/@fr\/115184114591322283","error":""},"_links":{"self":[{"href":"https:\/\/www.europesays.com\/fr\/wp-json\/wp\/v2\/posts\/382030","targetHints":{"allow":["GET"]}}],"collection":[{"href":"https:\/\/www.europesays.com\/fr\/wp-json\/wp\/v2\/posts"}],"about":[{"href":"https:\/\/www.europesays.com\/fr\/wp-json\/wp\/v2\/types\/post"}],"author":[{"embeddable":true,"href":"https:\/\/www.europesays.com\/fr\/wp-json\/wp\/v2\/users\/2"}],"replies":[{"embeddable":true,"href":"https:\/\/www.europesays.com\/fr\/wp-json\/wp\/v2\/comments?post=382030"}],"version-history":[{"count":0,"href":"https:\/\/www.europesays.com\/fr\/wp-json\/wp\/v2\/posts\/382030\/revisions"}],"wp:featuredmedia":[{"embeddable":true,"href":"https:\/\/www.europesays.com\/fr\/wp-json\/wp\/v2\/media\/382031"}],"wp:attachment":[{"href":"https:\/\/www.europesays.com\/fr\/wp-json\/wp\/v2\/media?parent=382030"}],"wp:term":[{"taxonomy":"category","embeddable":true,"href":"https:\/\/www.europesays.com\/fr\/wp-json\/wp\/v2\/categories?post=382030"},{"taxonomy":"post_tag","embeddable":true,"href":"https:\/\/www.europesays.com\/fr\/wp-json\/wp\/v2\/tags?post=382030"}],"curies":[{"name":"wp","href":"https:\/\/api.w.org\/{rel}","templated":true}]}}