{"id":382032,"date":"2025-09-11T05:54:15","date_gmt":"2025-09-11T05:54:15","guid":{"rendered":"https:\/\/www.europesays.com\/fr\/382032\/"},"modified":"2025-09-11T05:54:15","modified_gmt":"2025-09-11T05:54:15","slug":"la-fois-ou-hatton-a-un-peu-trop-fete-sa-qualification-en-ryder-cup","status":"publish","type":"post","link":"https:\/\/www.europesays.com\/fr\/382032\/","title":{"rendered":"La fois o\u00f9 Hatton a un peu trop f\u00eat\u00e9 sa qualification en Ryder Cup"},"content":{"rendered":"<p>\t\t\t\t\t\t<img width=\"770\" height=\"557\" src=\"https:\/\/www.europesays.com\/fr\/wp-content\/uploads\/2025\/07\/rahmhatton-770x557.jpg\" class=\"img-responsive wp-post-image\" alt=\"\" decoding=\"async\" fetchpriority=\"high\"  \/>\t\t\t\t\t<\/p>\n<p>\t\t\t\t\t\t Partager cet article <\/p>\n<p class=\"screen-reader-text juiz_sps_maybe_hidden_text\">Partager la publication \u00ab\u00a0La fois o\u00f9 Hatton a un peu trop f\u00eat\u00e9 sa qualification en Ryder Cup\u00a0\u00bb<\/p>\n<p><strong>Jamais avare de mots sur le parcours, et d\u2019anecdotes croustillantes en conf\u00e9rence de presse, l\u2019Anglais Tyrrel Hatton n\u2019a pas failli \u00e0 sa r\u00e9putation en amont du BMW PGA Championship \u00e0 Wentworth.<\/strong><\/p>\n<p>\t\t\t\t\t<a id=\"184466\" href=\"https:\/\/www.golfomahabeach.fr\/fr\/actualites\/articles\/pro-am-du-d-day\" target=\"_blank\" rel=\"sponsorised nofollow noopener\"><img decoding=\"async\" src=\"data:image\/svg+xml,%3Csvg%20xmlns=\" http:=\"\" class=\"img-responsive\" alt=\"\" data-lazy-src=\"https:\/\/www.europesays.com\/fr\/wp-content\/uploads\/2025\/09\/omahabeachgolfclub-e01-proam-dday-1170x275-1.jpeg\"\/><\/a><\/p>\n<p>C\u2019est l\u2019histoire d\u2019une soir\u00e9e tr\u00e8s arros\u00e9e, une de plus, dans la brillante carri\u00e8re du joueur anglais<strong> Tyrrel Hatton<\/strong>. Celle de la nuit o\u00f9 le 25e joueur mondial a obtenu sa place dans l\u2019\u00e9quipe europ\u00e9enne qui se rendra \u00e0 <strong>Bethpage Black<\/strong> dans quelques jours. Une nouvelle qui co\u00efncidait \u00e0 l\u2019\u00e9poque avec le titre individuel remport\u00e9 par <strong>Jon Rahm<\/strong> pour la deuxi\u00e8me ann\u00e9e de suite sur le <strong>LIV<\/strong>.<\/p>\n<p>Sortis manger un morceau ensemble, Hatton a d\u00e9clar\u00e9 avoir bu six verres de vin avec son d\u00eener, ainsi qu\u2019un double gin tonic. Puis il a vu Rahm surench\u00e9rir. Une \u00ab\u00a0vodka \u00e0 la fraise, \u00e0 la noisette et une margarita. Mon Dieu, c\u2019\u00e9tait violent, a d\u00e9clar\u00e9 Hatton. C\u2019\u00e9tait horrible. Mais bon, c\u2019\u00e9tait dr\u00f4le sur le moment. Pour \u00eatre honn\u00eate, je ne veux plus jamais me retrouver dans cet \u00e9tat.\u00ab\u00a0<\/p>\n<blockquote class=\"twitter-tweet\"><p>&#13;<\/p>\n<p dir=\"ltr\" lang=\"en\">When Tyrrell Hatton found out he was on the Ryder Cup team he and Jon Rahm had a \u201ctear up\u201d including Tyrrell falling out of bed and waking up in a pool of his own sick. <\/p>\n<p>This whole clip is worth a listen. Tyrrell Hatton is one of a kind \ud83d\ude02\ud83d\ude02\ud83d\ude02<a href=\"https:\/\/t.co\/BC3Tf7BbLN\" rel=\"nofollow\">pic.twitter.com\/BC3Tf7BbLN<\/a><\/p>\n<p>&#13;<br \/>\n&#13;<br \/>\n\u2014 Flushing It (@flushingitgolf) <a href=\"https:\/\/twitter.com\/flushingitgolf\/status\/1965791459485143197?ref_src=twsrc%5Etfw\" rel=\"nofollow noopener\" target=\"_blank\">September 10, 2025<\/a><\/p><\/blockquote>\n<p>Avant ensuite de d\u00e9tailler le fameux \u00e9tat\u2026 \u00ab\u00a0Je suis tomb\u00e9 sur le c\u00f4t\u00e9 du lit, la t\u00eate en bas, et je me suis r\u00e9veill\u00e9 en vomissant dans cette position. Je me suis rendormi dans cette position, et quand je me suis r\u00e9veill\u00e9, j\u2019avais vomi sur mes bras, des deux c\u00f4t\u00e9s, et sur ma chemise. Je suis sorti du lit et je me suis dirig\u00e9 vers la salle de bain, je me suis regard\u00e9 dans le miroir, et j\u2019avais du vomi sur mon visage et aussi dans mon lit.\u00a0\u00bb<\/p>\n<p>\u00ab\u00a0Je ne sais pas comment j\u2019ai r\u00e9ussi \u00e0 r\u00e9gler mon r\u00e9veil pour prendre un vol quelques heures plus tard. J\u2019ai fini par me d\u00e9shabiller dans le lit, en laissant un peu d\u2019argent et un mot disant que j\u2019\u00e9tais \u00ab vraiment d\u00e9sol\u00e9, que j\u2019aivais \u00e9t\u00e9 malade dans le lit pendant la nuit, et qu\u2019il fallait de jeter \u00e7a \u00e0 la poubelle.\u00a0\u00bb<\/p>\n<p>De quoi donner de mauvaises id\u00e9es aux troupes europ\u00e9ennes en cas de succ\u00e8s en terres am\u00e9ricaines dans quelques jours maintenant\u2026<\/p>\n<p>\u00a0<\/p>\n<p>\u00a0<\/p>\n<p>Photo : @GettyImages<\/p>\n<p>\t\t\t\t\t<a id=\"184740\" href=\"https:\/\/leclub-golf.com\/fr\/actualites\/en-septembre-achetez-votre-carte-classic-et-tentez-de-gagner-votre-abonnement-de-golf?utm_source=golf+planete&amp;utm_medium=referral&amp;utm_campaign=gagner+un+abonnement+golf&amp;utm_id=gagner+un+abonnement+golf_golf+planete_referral_banner\" target=\"_blank\" rel=\"sponsorised nofollow noopener\"><img decoding=\"async\" src=\"data:image\/svg+xml,%3Csvg%20xmlns=\" http:=\"\" class=\"img-responsive\" alt=\"\" data-lazy-src=\"https:\/\/www.europesays.com\/fr\/wp-content\/uploads\/2025\/09\/leclubgolf-e11-niveau-superieur-v2-1170x275-1.gif\"\/><\/a>\t\t\t\t<\/p>\n<p>\t\t\t<script async src=\"https:\/\/platform.twitter.com\/widgets.js\" charset=\"utf-8\"><\/script><\/p>\n","protected":false},"excerpt":{"rendered":"Partager cet article Partager la publication \u00ab\u00a0La fois o\u00f9 Hatton a un peu trop f\u00eat\u00e9 sa qualification en&hellip;\n","protected":false},"author":2,"featured_media":272700,"comment_status":"","ping_status":"","sticky":false,"template":"","format":"standard","meta":{"footnotes":""},"categories":[1418],"tags":[1011,27,1472,60],"class_list":{"0":"post-382032","1":"post","2":"type-post","3":"status-publish","4":"format-standard","5":"has-post-thumbnail","7":"category-golf","8":"tag-fr","9":"tag-france","10":"tag-golf","11":"tag-sports"},"share_on_mastodon":{"url":"https:\/\/pubeurope.com\/@fr\/115184118248620369","error":""},"_links":{"self":[{"href":"https:\/\/www.europesays.com\/fr\/wp-json\/wp\/v2\/posts\/382032","targetHints":{"allow":["GET"]}}],"collection":[{"href":"https:\/\/www.europesays.com\/fr\/wp-json\/wp\/v2\/posts"}],"about":[{"href":"https:\/\/www.europesays.com\/fr\/wp-json\/wp\/v2\/types\/post"}],"author":[{"embeddable":true,"href":"https:\/\/www.europesays.com\/fr\/wp-json\/wp\/v2\/users\/2"}],"replies":[{"embeddable":true,"href":"https:\/\/www.europesays.com\/fr\/wp-json\/wp\/v2\/comments?post=382032"}],"version-history":[{"count":0,"href":"https:\/\/www.europesays.com\/fr\/wp-json\/wp\/v2\/posts\/382032\/revisions"}],"wp:featuredmedia":[{"embeddable":true,"href":"https:\/\/www.europesays.com\/fr\/wp-json\/wp\/v2\/media\/272700"}],"wp:attachment":[{"href":"https:\/\/www.europesays.com\/fr\/wp-json\/wp\/v2\/media?parent=382032"}],"wp:term":[{"taxonomy":"category","embeddable":true,"href":"https:\/\/www.europesays.com\/fr\/wp-json\/wp\/v2\/categories?post=382032"},{"taxonomy":"post_tag","embeddable":true,"href":"https:\/\/www.europesays.com\/fr\/wp-json\/wp\/v2\/tags?post=382032"}],"curies":[{"name":"wp","href":"https:\/\/api.w.org\/{rel}","templated":true}]}}