{"id":382033,"date":"2025-09-11T05:56:11","date_gmt":"2025-09-11T05:56:11","guid":{"rendered":"https:\/\/www.europesays.com\/fr\/382033\/"},"modified":"2025-09-11T05:56:11","modified_gmt":"2025-09-11T05:56:11","slug":"will-skelton-libere-par-laustralie-et-deja-de-retour-a-la-rochelle-une-situation-qui-fait-des-jaloux-dans-le-top-14","status":"publish","type":"post","link":"https:\/\/www.europesays.com\/fr\/382033\/","title":{"rendered":"Will Skelton lib\u00e9r\u00e9 par l&rsquo;Australie et d\u00e9j\u00e0 de retour \u00e0 La\u00a0Rochelle, une situation qui fait des jaloux dans le Top 14"},"content":{"rendered":"<p>Les joueurs du Top 14 engag\u00e9 dans le\u00a0Rugby Championship 2025<\/p>\n<p><b>Argentine <\/b> : Julian Montoya (Pau), Ignacio Ruiz et Joaquin Oviedo (Perpignan), Igniacio Calles, Lucas Paulos et\u00a0Mateo Carreras (Bayonne), Tomas Rapetti et Juan Cruz Mallia (Toulouse), Joel Sclavi (La\u00a0Rochelle), Marcos Kremer et Bautista Delguy (Clermont), Geronimo Prisciantelli (Racing), Santiago Chocobares (Toulouse), Justo Piccardo (Montpellier).<br \/><b>Australie <\/b> : Will Skelton (La\u00a0Rochelle)<br \/><b>Afrique du Sud<\/b>\u00a0 : Jean-Luc du Preez (Bordeaux)<br \/>Les Arge Francisco Coria Marchetti (Brive), Mayco Vivas (Oyonnax)<\/p>\n","protected":false},"excerpt":{"rendered":"Les joueurs du Top 14 engag\u00e9 dans le\u00a0Rugby Championship 2025 Argentine : Julian Montoya (Pau), Ignacio Ruiz et&hellip;\n","protected":false},"author":2,"featured_media":382034,"comment_status":"","ping_status":"","sticky":false,"template":"","format":"standard","meta":{"footnotes":""},"categories":[1416],"tags":[1011,27,479,1468,60],"class_list":{"0":"post-382033","1":"post","2":"type-post","3":"status-publish","4":"format-standard","5":"has-post-thumbnail","7":"category-rugby","8":"tag-fr","9":"tag-france","10":"tag-rugby","11":"tag-rugby-football","12":"tag-sports"},"share_on_mastodon":{"url":"https:\/\/pubeurope.com\/@fr\/115184126107390527","error":""},"_links":{"self":[{"href":"https:\/\/www.europesays.com\/fr\/wp-json\/wp\/v2\/posts\/382033","targetHints":{"allow":["GET"]}}],"collection":[{"href":"https:\/\/www.europesays.com\/fr\/wp-json\/wp\/v2\/posts"}],"about":[{"href":"https:\/\/www.europesays.com\/fr\/wp-json\/wp\/v2\/types\/post"}],"author":[{"embeddable":true,"href":"https:\/\/www.europesays.com\/fr\/wp-json\/wp\/v2\/users\/2"}],"replies":[{"embeddable":true,"href":"https:\/\/www.europesays.com\/fr\/wp-json\/wp\/v2\/comments?post=382033"}],"version-history":[{"count":0,"href":"https:\/\/www.europesays.com\/fr\/wp-json\/wp\/v2\/posts\/382033\/revisions"}],"wp:featuredmedia":[{"embeddable":true,"href":"https:\/\/www.europesays.com\/fr\/wp-json\/wp\/v2\/media\/382034"}],"wp:attachment":[{"href":"https:\/\/www.europesays.com\/fr\/wp-json\/wp\/v2\/media?parent=382033"}],"wp:term":[{"taxonomy":"category","embeddable":true,"href":"https:\/\/www.europesays.com\/fr\/wp-json\/wp\/v2\/categories?post=382033"},{"taxonomy":"post_tag","embeddable":true,"href":"https:\/\/www.europesays.com\/fr\/wp-json\/wp\/v2\/tags?post=382033"}],"curies":[{"name":"wp","href":"https:\/\/api.w.org\/{rel}","templated":true}]}}