{"id":382037,"date":"2025-09-11T05:58:33","date_gmt":"2025-09-11T05:58:33","guid":{"rendered":"https:\/\/www.europesays.com\/fr\/382037\/"},"modified":"2025-09-11T05:58:33","modified_gmt":"2025-09-11T05:58:33","slug":"le-team-france-mis-a-jour-avec-58-joueurs-pour-preparer-la-2028","status":"publish","type":"post","link":"https:\/\/www.europesays.com\/fr\/382037\/","title":{"rendered":"Le Team France mis \u00e0 jour, avec 58 joueurs pour pr\u00e9parer LA 2028"},"content":{"rendered":"<p style=\"text-align:justify\"><strong>Comme c\u2019est le cas depuis 2017, la FFBB s\u2019appuie sur un groupe \u00e9largi de joueurs \u00ab\u00a0disponibles\u00a0\u00bb pour pr\u00e9parer ses comp\u00e9titions estivales, et elle a aujourd\u2019hui rendu public la composition de ce groupe en vue des prochaines \u00e9ch\u00e9ances. Y\u2019a du beau monde, et y\u2019a de la jeunesse.<\/strong><\/p>\n<p style=\"text-align:justify\">Dans deux mois et demi l\u2019\u00c9quipe de France sera en Lettonie pour l\u2019EuroBasket, avant de pr\u00e9parer d\u00e8s novembre la Coupe du Monde 2027 puis les Jeux Olympiques de Los Angeles 2028. Dans cette optique la FFBB a donc d\u00e9voil\u00e9 le groupe de 58 joueurs amen\u00e9s \u00e0 participer \u2013 ou non \u2013 \u00e0 ces campagnes. Pas d\u2019\u00e9norme r\u00e9volution, mais toujours un bon moyen de jauger la profondeur du vivier tricolore, avec par exemple, dans cette liste, les six joueurs fran\u00e7ais susceptibles d\u2019\u00eatre draft\u00e9s dans trois semaines (Traor\u00e9, Essengue, Diawara, Beringer, Renaud, Penda)<\/p>\n<p style=\"text-align:center\"><img loading=\"lazy\" decoding=\"async\" class=\"aligncenter size-large wp-image-615965\" src=\"https:\/\/www.europesays.com\/fr\/wp-content\/uploads\/2025\/09\/1-1024x641.jpeg\" alt=\"\" width=\"1000\" height=\"626\"  \/> <img loading=\"lazy\" decoding=\"async\" class=\"aligncenter size-large wp-image-615966\" src=\"https:\/\/www.europesays.com\/fr\/wp-content\/uploads\/2025\/09\/2-1024x624.jpeg\" alt=\"\" width=\"1000\" height=\"609\"  \/> <img loading=\"lazy\" decoding=\"async\" class=\"aligncenter size-large wp-image-615967\" src=\"https:\/\/www.europesays.com\/fr\/wp-content\/uploads\/2025\/09\/3-1024x632.jpeg\" alt=\"\" width=\"1000\" height=\"617\"  \/> <img loading=\"lazy\" decoding=\"async\" class=\"aligncenter wp-image-615968\" src=\"https:\/\/www.europesays.com\/fr\/wp-content\/uploads\/2025\/09\/4.jpeg\" alt=\"\" width=\"994\" height=\"750\"  \/><\/p>\n<p style=\"text-align:justify\">Voil\u00e0 les 58 guerriers parmi lesquels Freddy Fauthoux et son staff pourront piocher dans les trois prochaines ann\u00e9es, sous r\u00e9serve \u00e9videmment de l\u2019acceptation de quelques franchises NBA notamment, alors que les joueurs \u00e9voluant en EuroLeague devraient une fois de plus \u00eatre absents durant les fameuses \u00ab\u00a0fen\u00eatres\u00a0\u00bb de qualification en novembre et f\u00e9vrier prochains.<\/p>\n<blockquote>\n<p style=\"text-align:justify\">\u00ab\u00a0Le projet Team France Basket a fait ses preuves depuis maintenant huit ans et est l\u2019illustration de l\u2019important r\u00e9servoir du basket fran\u00e7ais. Avec mon staff technique nous avons longuement \u00e9chang\u00e9 pour mettre \u00e0 jour le Team France Basket et les nombreuses incertitudes autour des calendriers internationaux rendent n\u00e9cessaire de cr\u00e9er un groupe large et qui sera, j\u2019en suis certain, amen\u00e9 \u00e0 \u00e9voluer dans les semaines qui viennent. Le basket fran\u00e7ais a conscience qu\u2019il devra fr\u00e9quemment se passer de ses joueurs NBA et EuroLeague et les performances, l\u2019implication et le talent des \u00e9l\u00e9ments qui \u00e9voluent dans les autres ligues \u00e0 travers le monde sont indispensables \u00e0 la r\u00e9ussite des Bleus. Je souhaite que ce Team France Basket soit une source de motivation pour ceux qui en font aujourd\u2019hui partie comme pour ceux qui aspirent \u00e0 le rejoindre.\u00a0\u00bb \u2013 Freddy Fauthoux<\/p>\n<\/blockquote>\n<p>Source image et texte : FFBB<\/p>\n","protected":false},"excerpt":{"rendered":"Comme c\u2019est le cas depuis 2017, la FFBB s\u2019appuie sur un groupe \u00e9largi de joueurs \u00ab\u00a0disponibles\u00a0\u00bb pour pr\u00e9parer&hellip;\n","protected":false},"author":2,"featured_media":382038,"comment_status":"","ping_status":"","sticky":false,"template":"","format":"standard","meta":{"footnotes":""},"categories":[1414],"tags":[1465,1464,1011,27,60],"class_list":{"0":"post-382037","1":"post","2":"type-post","3":"status-publish","4":"format-standard","5":"has-post-thumbnail","7":"category-basket","8":"tag-basket","9":"tag-basketball","10":"tag-fr","11":"tag-france","12":"tag-sports"},"share_on_mastodon":{"url":"https:\/\/pubeurope.com\/@fr\/115184134746504221","error":""},"_links":{"self":[{"href":"https:\/\/www.europesays.com\/fr\/wp-json\/wp\/v2\/posts\/382037","targetHints":{"allow":["GET"]}}],"collection":[{"href":"https:\/\/www.europesays.com\/fr\/wp-json\/wp\/v2\/posts"}],"about":[{"href":"https:\/\/www.europesays.com\/fr\/wp-json\/wp\/v2\/types\/post"}],"author":[{"embeddable":true,"href":"https:\/\/www.europesays.com\/fr\/wp-json\/wp\/v2\/users\/2"}],"replies":[{"embeddable":true,"href":"https:\/\/www.europesays.com\/fr\/wp-json\/wp\/v2\/comments?post=382037"}],"version-history":[{"count":0,"href":"https:\/\/www.europesays.com\/fr\/wp-json\/wp\/v2\/posts\/382037\/revisions"}],"wp:featuredmedia":[{"embeddable":true,"href":"https:\/\/www.europesays.com\/fr\/wp-json\/wp\/v2\/media\/382038"}],"wp:attachment":[{"href":"https:\/\/www.europesays.com\/fr\/wp-json\/wp\/v2\/media?parent=382037"}],"wp:term":[{"taxonomy":"category","embeddable":true,"href":"https:\/\/www.europesays.com\/fr\/wp-json\/wp\/v2\/categories?post=382037"},{"taxonomy":"post_tag","embeddable":true,"href":"https:\/\/www.europesays.com\/fr\/wp-json\/wp\/v2\/tags?post=382037"}],"curies":[{"name":"wp","href":"https:\/\/api.w.org\/{rel}","templated":true}]}}