{"id":382039,"date":"2025-09-11T05:59:12","date_gmt":"2025-09-11T05:59:12","guid":{"rendered":"https:\/\/www.europesays.com\/fr\/382039\/"},"modified":"2025-09-11T05:59:12","modified_gmt":"2025-09-11T05:59:12","slug":"jorge-martin-proche-de-la-retraite-apres-des-terribles-epreuves-il-se-prononce-cash","status":"publish","type":"post","link":"https:\/\/www.europesays.com\/fr\/382039\/","title":{"rendered":"Jorge Mart\u00edn proche de la retraite apr\u00e8s des terribles \u00e9preuves ? Il se prononce cash"},"content":{"rendered":"<p>Jorge Mart\u00edn n&rsquo;a jamais pens\u00e9 prendre sa retraite et le fait clairement savoir. L&rsquo;actuel champion du monde en titre de MotoGP, qui va tr\u00e8s bient\u00f4t voir Marc M\u00e1rquez lui succ\u00e9der au palmar\u00e8s, a pris la parole pour \u00e9voquer les terribles \u00e9preuves subies ces derniers mois. Victime de plusieurs chutes et de lourdes blessures, l&rsquo;Espagnol d&rsquo;Aprilia a v\u00e9cu une saison tronqu\u00e9e, lui qui avait notamment chut\u00e9 gravement au Qatar en avril lors de son retour sur les circuits. Avec douze c\u00f4tes cass\u00e9es, Mart\u00edn avait \u00e9t\u00e9 absent de nombreux mois. De retour depuis quelques semaines, le pilote Aprilia a pris la parole aupr\u00e8s de Mundo Deportivo et il a \u00e9voqu\u00e9 la question de la retraite, r\u00e9pondant cash \u00e0 ce sujet.<\/p>\n<p>Mart\u00edn n&rsquo;a jamais pens\u00e9 \u00e0 la retraite<\/p>\n<p>Absent de la premi\u00e8re manche de la saison en Tha\u00eflande apr\u00e8s une chute lors des essais de pr\u00e9-saison, Jorge Mart\u00edn avait de nouveau gravement chut\u00e9 lors du quatri\u00e8me rendez-vous de la saison, au Qatar, le 13 avril. Il avait d\u00fb \u00eatre absent trois mois, lui qui a r\u00e9fl\u00e9chit \u00e0 son avenir, tout en assurant n&rsquo;avoir jamais pens\u00e9 \u00e0 la retraite.<\/p>\n<blockquote>\n<p>Tout allait bien jusqu\u2019\u00e0 la chute au Qatar, qui a \u00e9t\u00e9, je pense, un tournant, non seulement dans le projet, mais aussi dans ma vie. Je ne savais pas si j\u2019allais pouvoir concourir \u00e0 nouveau \u00e0 100 %, j\u2019avais beaucoup de doutes. Alors on se pose X questions, et parfois, dans la vie, il faut prendre des d\u00e9cisions, et j\u2019ai pris celles que je devais prendre. Quand j\u2019\u00e9tais \u00e0 l\u2019h\u00f4pital, en soins intensifs, avec quatre perfusions et douze c\u00f4tes cass\u00e9es, je me suis dit : \u2018Merde, je ne sais pas si je pourrai remonter sur une moto.\u2019 C\u2019est ce qui m\u2019a fait peur. Je n\u2019ai jamais pens\u00e9 \u00e0 prendre ma retraite. C\u2019\u00e9tait plut\u00f4t l\u2019incertitude de ne pas savoir si je pourrais remonter sur une moto \u00e0 cause de mes blessures. (&#8230;) Je veux trouver le sens de ma participation \u00e0 ces courses, et c\u2019est aussi une fa\u00e7on de me motiver et de continuer \u00e0 me battre, insiste le Madril\u00e8ne. Je pense que c\u2019est quelque chose que je poss\u00e8de en moi, le d\u00e9sir de me battre, de donner 100 % de moi-m\u00eame, de repousser mes limites. Je me bats pour beaucoup de choses, pas seulement pour le d\u00e9sir de gagner. C\u2019est davantage le processus qui m\u2019int\u00e9resse. Gagner est la cons\u00e9quence de bien faire les choses, mais cela viendra naturellement\u00a0\u00bb, a confi\u00e9 l&rsquo;Espagnol, plus motiv\u00e9 que jamais en vue de l&rsquo;avenir.<\/p>\n<\/blockquote>\n<p>    Partagez cette info avec vos amis et vos proches en cliquant ici  <\/p>\n<p> Podcasts \u00e0 la une MEN LIFE <\/p>\n<p>    Pour r\u00e9sumer<\/p>\n<p>Jorge Mart\u00edn n&rsquo;a jamais pens\u00e9 prendre sa retraite et le fait clairement savoir. L&rsquo;actuel champion du monde en titre de MotoGP, qui va tr\u00e8s bient\u00f4t voir Marc M\u00e1rquez lui succ\u00e9der au palmar\u00e8s, a pris la parole pour \u00e9voquer les terribles \u00e9preuves subies ces derniers mois.<\/p>\n<p>R\u00e9dacteur<\/p>\n<p><img decoding=\"async\" width=\"76\" height=\"76\" loading=\"lazy\" src=\"https:\/\/www.europesays.com\/fr\/wp-content\/uploads\/2025\/04\/logo-victor-willems.jpg\" alt=\"Victor Willems\"\/><\/p>\n","protected":false},"excerpt":{"rendered":"Jorge Mart\u00edn n&rsquo;a jamais pens\u00e9 prendre sa retraite et le fait clairement savoir. L&rsquo;actuel champion du monde en&hellip;\n","protected":false},"author":2,"featured_media":382040,"comment_status":"","ping_status":"","sticky":false,"template":"","format":"standard","meta":{"footnotes":""},"categories":[1413],"tags":[1011,27,1457,1456,60],"class_list":{"0":"post-382039","1":"post","2":"type-post","3":"status-publish","4":"format-standard","5":"has-post-thumbnail","7":"category-moto","8":"tag-fr","9":"tag-france","10":"tag-moto","11":"tag-motocycle","12":"tag-sports"},"share_on_mastodon":{"url":"https:\/\/pubeurope.com\/@fr\/115184138095677301","error":""},"_links":{"self":[{"href":"https:\/\/www.europesays.com\/fr\/wp-json\/wp\/v2\/posts\/382039","targetHints":{"allow":["GET"]}}],"collection":[{"href":"https:\/\/www.europesays.com\/fr\/wp-json\/wp\/v2\/posts"}],"about":[{"href":"https:\/\/www.europesays.com\/fr\/wp-json\/wp\/v2\/types\/post"}],"author":[{"embeddable":true,"href":"https:\/\/www.europesays.com\/fr\/wp-json\/wp\/v2\/users\/2"}],"replies":[{"embeddable":true,"href":"https:\/\/www.europesays.com\/fr\/wp-json\/wp\/v2\/comments?post=382039"}],"version-history":[{"count":0,"href":"https:\/\/www.europesays.com\/fr\/wp-json\/wp\/v2\/posts\/382039\/revisions"}],"wp:featuredmedia":[{"embeddable":true,"href":"https:\/\/www.europesays.com\/fr\/wp-json\/wp\/v2\/media\/382040"}],"wp:attachment":[{"href":"https:\/\/www.europesays.com\/fr\/wp-json\/wp\/v2\/media?parent=382039"}],"wp:term":[{"taxonomy":"category","embeddable":true,"href":"https:\/\/www.europesays.com\/fr\/wp-json\/wp\/v2\/categories?post=382039"},{"taxonomy":"post_tag","embeddable":true,"href":"https:\/\/www.europesays.com\/fr\/wp-json\/wp\/v2\/tags?post=382039"}],"curies":[{"name":"wp","href":"https:\/\/api.w.org\/{rel}","templated":true}]}}