{"id":382043,"date":"2025-09-11T06:01:14","date_gmt":"2025-09-11T06:01:14","guid":{"rendered":"https:\/\/www.europesays.com\/fr\/382043\/"},"modified":"2025-09-11T06:01:14","modified_gmt":"2025-09-11T06:01:14","slug":"quels-liens-entre-letat-israelien-et-la-formation-israel-premier-tech-visee-par-les-manifestants-propalestiniens-sur-la-vuelta","status":"publish","type":"post","link":"https:\/\/www.europesays.com\/fr\/382043\/","title":{"rendered":"quels liens entre l&rsquo;Etat isra\u00e9lien et la formation Isra\u00ebl Premier Tech, vis\u00e9e par les manifestants propalestiniens sur la Vuelta ?"},"content":{"rendered":"<p>Malgr\u00e9 elle, la Vuelta s&rsquo;est transform\u00e9e en th\u00e9\u00e2tre g\u00e9opolitique. Depuis le grand d\u00e9part du Tour d&rsquo;Espagne le 23 ao\u00fbt, les manifestations propalestiennes se multiplient sur les routes, et visent notamment la formation isra\u00e9lienne Isra\u00ebl-Premier Tech. Plusieurs \u00e9tapes ont ainsi \u00e9t\u00e9 perturb\u00e9es par des actions men\u00e9es lors de la course, blessant parfois des coureurs, comme cela fut encore le cas mardi, lorsque le coureur espagnol <a href=\"https:\/\/www.franceinfo.fr\/sports\/cyclisme\/vuelta\/apres-sa-chute-provoquee-par-un-manifestant-propalestinien-le-coureur-espagnol-javier-romo-abandonne-la-vuelta_7482544.html\" rel=\"nofollow noopener\" target=\"_blank\">Javier Romo a \u00e9t\u00e9 contraint \u00e0 l&rsquo;abandon<\/a>, apr\u00e8s sa chute provoqu\u00e9e par un manifestant propalestinien.<\/p>\n<p>Malgr\u00e9 ces manifestations r\u00e9p\u00e9t\u00e9es, dans un pays qui a reconnu l&rsquo;Etat de Palestine en 2024,<strong>\u00a0<\/strong>la formation Isra\u00ebl-Premier Tech a exclu de se retirer de la course. <a href=\"https:\/\/www.franceinfo.fr\/sports\/cyclisme\/vuelta\/vuelta-2025-le-premier-ministre-israelien-benjamin-netanyahu-felicite-l-equipe-israel-premier-tech-pour-tenir-bon-malgre-la-haine-et-l-intimidation_7475425.html\" rel=\"nofollow noopener\" target=\"_blank\">Une d\u00e9cision imm\u00e9diatement salu\u00e9e par le Premier ministre Benyamin N\u00e9tanyahou<\/a> sur le r\u00e9seau social X, qui a f\u00e9licit\u00e9 le patron de la formation Sylvan Adams \u00ab\u00a0de ne pas c\u00e9der \u00e0 la haine et \u00e0 l&rsquo;intimidation\u00a0\u00bb, avant de l&rsquo;encenser : \u00ab\u00a0Vous faites la fiert\u00e9 d&rsquo;Isra\u00ebl\u00a0\u00bb.<\/p>\n<blockquote class=\"twitter-tweet\">\n<p lang=\"en\" dir=\"ltr\">Prime Minister Benjamin Netanyahu:<\/p>\n<p>Great job to Sylvan and Israel&rsquo;s cycling team for not giving in to hate and intimidation. You make Israel proud! \ud83c\uddee\ud83c\uddf1<\/p>\n<p>\u2014 Prime Minister of Israel (@IsraeliPM) <a href=\"https:\/\/twitter.com\/IsraeliPM\/status\/1963986508475498836?ref_src=twsrc%5Etfw\" rel=\"nofollow noopener\" target=\"_blank\">September 5, 2025<\/a><\/p><\/blockquote>\n<p>Un \u00e9change qui interpelle sur les liens entretenus entre la formation cycliste et le pouvoir isra\u00e9lien. \u00ab\u00a0Officiellement, il n&rsquo;y a aucun lien entre Isra\u00ebl et l&rsquo;\u00e9quipe Isra\u00ebl-Premier Tech. C&rsquo;est du moins ce que l&rsquo;on nous dit\u00a0\u00bb, avance Simon Chadwick, sp\u00e9cialiste reconnu en g\u00e9opolitique du sport et du sport afro-eurasien, et enseignant \u00e0 la Emlyon Business School. Cr\u00e9\u00e9e en 2015, la formation Isra\u00ebl-Premier Tech a \u00e9t\u00e9 fond\u00e9e par Sylvan Adams, un milliardaire isra\u00e9lo-canadien, \u00ab\u00a0un proche du Premier ministre isra\u00e9lien Benyamin Netanyahou\u00a0\u00bb selon Jean-Baptiste Gu\u00e9gan, sp\u00e9cialiste en g\u00e9opolitique du sport. L&rsquo;homme de 66 ans se d\u00e9finit lui-m\u00eame comme un \u00ab\u00a0ambassadeur autoproclam\u00e9 d&rsquo;Isra\u00ebl\u00a0\u00bb, \u0153uvrant depuis une d\u00e9cennie \u00e0 redorer l\u2019image d\u2019Isra\u00ebl, \u00ab\u00a0un pays incompris \u00e0 cause d\u2019une couverture m\u00e9diatique n\u00e9gative\u00a0\u00bb, selon ses propos. Il a n\u00e9anmoins toujours rejet\u00e9 la dimension politique de ses activit\u00e9s, pr\u00e9f\u00e9rant d\u00e9crire \u00ab\u00a0tout \u00e7a comme de la diplomatie\u00a0\u00bb, disait-il \u00e0 l&rsquo;AFP en 2021.<\/p>\n<p>\u00ab\u00a0Au d\u00e9part, elle ne s&rsquo;appelait pas Isra\u00ebl-Premier Tech, mais Isra\u00ebl Startup Nation [et m\u00eame Cycling Academy, puis Israel Cycling Academy \u00e0 l&rsquo;origine], explique Jean-Baptiste Gu\u00e9gan. En revenant au pays, Sylvan Adams a d\u00e9cid\u00e9 de se lancer dans le v\u00e9lo.\u00a0\u00bb<\/p>\n<blockquote class=\"ftvi_content_quote\">\n<p class=\"ftvi_citation_quote\">\u00ab\u00a0Il a contribu\u00e9 \u00e0 financer l&rsquo;\u00e9quipe, un centre de formation et aussi un v\u00e9lodrome. En 2017, il a d&rsquo;ailleurs d\u00e9clar\u00e9 qu&rsquo;il \u00e9tait l\u00e0 pour &lsquo;promouvoir la marque Isra\u00ebl&rsquo;. On est vraiment dans du &lsquo;national branding&rsquo;, autrement dit comment valoriser un pays.\u00a0\u00bb<\/p>\n<p>Jean-Baptiste Gu\u00e9gan, sp\u00e9cialiste en g\u00e9opolitique du sport<\/p>\n<p class=\"ftvi_citation_source\">\u00e0 franceinfo: sport<\/p>\n<\/blockquote>\n<p>Un an apr\u00e8s, en 2018, les trois premi\u00e8res \u00e9tapes du Tour d&rsquo;Italie (Giro) passent en Isra\u00ebl, avec un Grand d\u00e9part depuis J\u00e9rusalem.\u00a0Dans le m\u00eame temps, Benyamin Netanyahou, Premier ministre depuis 2009, consolide son assise politique et d\u00e9cide de faire d&rsquo;Isra\u00ebl un territoire attractif, en misant notamment sur le tourisme. \u00ab\u00a0Il met en avant Tel-Aviv, et on va voir beaucoup de petites soci\u00e9t\u00e9s se d\u00e9velopper, dans le domaine de la technologie et de l&rsquo;intelligence, qui vont avoir un impact fort\u00a0\u00bb, souligne Jean-Baptiste Gu\u00e9gan. \u00ab\u00a0Avant l&rsquo;attaque du 7 octobre 2023, Isra\u00ebl essayait de se positionner comme une &lsquo;start-up nation&rsquo; dans le domaine des technologies sportives. Il existait donc un p\u00f4le de start-ups dans ce domaine \u00e0 Tel Aviv, qui a attir\u00e9 de nombreux financements de la part d&rsquo;investisseurs priv\u00e9s. L\u00e0 encore, certains pensent que le gouvernement isra\u00e9lien pourrait \u00eatre derri\u00e8re le financement de ces start-ups, d&rsquo;o\u00f9 le nom de &lsquo;start-up nation&rsquo; donn\u00e9 \u00e0 Isra\u00ebl\u00a0\u00bb, approfondit Simon Chadwick.<\/p>\n<p>Si le cyclisme n&rsquo;a pas l&rsquo;influence du football \u00e0 l&rsquo;\u00e9chelle mondiale, il n&rsquo;en reste pas moins qu&rsquo;il y a \u00ab\u00a0toujours eu des tentatives pour stimuler l&rsquo;activit\u00e9 \u00e9conomique, afin de cr\u00e9er un \u00e9cosyst\u00e8me innovant et des emplois, de g\u00e9n\u00e9rer des recettes fiscales et des revenus d&rsquo;exportation, gr\u00e2ce \u00e0 ce lien avec le cyclisme professionnel\u00a0\u00bb, appuie encore ce sp\u00e9cialiste en g\u00e9opolitique du sport.<\/p>\n<p>Depuis sa cr\u00e9ation, si le nom a \u00e9t\u00e9 modifi\u00e9 en 2022 pour devenir Isra\u00ebl-Premier Tech, l&rsquo;objectif reste inchang\u00e9. \u00ab\u00a0L&rsquo;id\u00e9e \u00e9tait d&rsquo;aller chercher des coureurs qui permettent \u00e0 la formation de performer [comme le recrutement en 2022 du quadruple vainqueur du Tour de France Christopher Froome], de d\u00e9velopper la fili\u00e8re jeune afin de faire sortir des champions locaux et r\u00e9gionaux et qu&rsquo;Isra\u00ebl soit toujours repr\u00e9sent\u00e9 dans le sport\u00a0\u00bb, affirme Jean-Baptiste Gu\u00e9gan.<\/p>\n<p>\u00ab\u00a0Cette \u00e9quipe a \u00e9t\u00e9 cr\u00e9\u00e9e pour promouvoir les cyclistes isra\u00e9liens, confirme Simon Chadwick. Sylvan Adams nie cat\u00e9goriquement travailler pour le compte du gouvernement, mais il souligne n\u00e9anmoins qu&rsquo;il tient \u00e0 mettre en avant non seulement les cyclistes isra\u00e9liens talentueux, mais aussi le meilleur d&rsquo;Isra\u00ebl en g\u00e9n\u00e9ral.\u00a0\u00bb Ancien coureur d\u2019Israel-Premier Tech entre 2021 et 2022, l\u2019Italien Alessandro de Marchi racontait, \u00e0 <a href=\"https:\/\/observer.co.uk\/news\/sport\/article\/israel-premiertech-cycling-alessandro-de-marchi\" target=\"_blank\" rel=\"noopener nofollow\">The Observer en juillet dernier<\/a>\u00a0: \u00ab\u00a0\u00c0 l&rsquo;\u00e9poque, je ne comprenais vraiment pas grand-chose \u00e0 Isra\u00ebl. Les responsables de l&rsquo;\u00e9quipe avaient envie de montrer la beaut\u00e9 du pays &#8211; c&rsquo;\u00e9tait clairement la politique de l&rsquo;\u00e9quipe -, mais il n&rsquo;y avait jamais de sentiments hostiles \u00e0 Gaza ou aux Palestiniens, ni de r\u00e9f\u00e9rence \u00e0 l&rsquo;occupation de la Cisjordanie. Il y avait une propagande plus l\u00e9g\u00e8re, disons, qui projetait l&rsquo;image d&rsquo;Isra\u00ebl.\u00a0\u00bb<\/p>\n<blockquote class=\"ftvi_content_quote\">\n<p class=\"ftvi_citation_quote\">\u00ab\u00a0Il semble consid\u00e9rer le cyclisme professionnel et l&rsquo;\u00e9quipe comme un atout de soft power pour Isra\u00ebl, afin de le repr\u00e9senter comme un pays attrayant et de lui donner une image positive aupr\u00e8s du public mondial.\u00a0\u00bb<\/p>\n<p>Simon Chadwick, sp\u00e9cialiste en g\u00e9opolitique du sport afro-eurasien<\/p>\n<p class=\"ftvi_citation_source\">\u00e0 franceinfo: sport<\/p>\n<\/blockquote>\n<p>Depuis plusieurs ann\u00e9es, \u00ab\u00a0le\u00a0fait d&rsquo;\u00eatre une \u00e9quipe de premier plan et couronn\u00e9e de succ\u00e8s dans un sport mondial conf\u00e8re des qualit\u00e9s positives et une l\u00e9gitimit\u00e9 non seulement \u00e0 l&rsquo;\u00e9quipe elle-m\u00eame, mais aussi \u00e0 la nation dont elle est originaire\u00a0\u00bb, rel\u00e8ve encore le chercheur.<\/p>\n<p>Mais avec la r\u00e9activation du conflit isra\u00e9lo-palestinien, la situation s&rsquo;est complexifi\u00e9e pour l&rsquo;\u00e9quipe cycliste, devenue une cible des manifestants propalestiniens. \u00ab\u00a0L&rsquo;\u00e9quipe repr\u00e9sente non plus l&rsquo;image positive d&rsquo;Isra\u00ebl, mais simplement Isra\u00ebl et sa politique aujourd&rsquo;hui men\u00e9e par Netanyahou. Et devient donc une cible, \u00e0 tel point que cela s&rsquo;est polaris\u00e9 autour de cette formation\u00a0\u00bb, note Jean-Baptiste Gu\u00e9gan.<\/p>\n<p>Malgr\u00e9 la multiplication des actions men\u00e9es sur la Vuelta, la formation Israel-Premier Tech a exclu de se retirer, tout en retirant le nom d&rsquo;Isra\u00ebl des maillots de l&rsquo;\u00e9quipe. \u00ab\u00a0C&rsquo;est une mani\u00e8re de dire qu&rsquo;ils ne sont pas l&rsquo;ex\u00e9cutif d&rsquo;Isra\u00ebl, sans c\u00e9der aux pressions, qui auraient pu cr\u00e9er un pr\u00e9c\u00e9dent\u00a0\u00bb, pointe le g\u00e9opoliticien du sport.<\/p>\n<p>Bien que la nature des relations ne soit pas av\u00e9r\u00e9e entre le gouvernement et la formation cycliste, le soutien de Benyamin N\u00e9tanyahou n&rsquo;est pas anodin, d&rsquo;autant plus dans un contexte g\u00e9opolitique aussi br\u00fblant. \u00ab\u00a0Cela r\u00e9it\u00e8re et renforce en quelque sorte cette id\u00e9e que, non seulement pour Isra\u00ebl, mais aussi pour de nombreux pays, le sport est un outil tr\u00e8s puissant de diplomatie, de projection du soft power, d&rsquo;image de marque nationale, de gestion de l&rsquo;image et de la r\u00e9putation, insiste Simon Chadwick. \u00c0 travers le cyclisme professionnel, Isra\u00ebl d\u00e9montre tr\u00e8s clairement que le pays s&rsquo;engage \u00e9galement dans cette voie.\u00a0\u00bb<\/p>\n<p>Quoi qu&rsquo;il en soit, ces \u00e9v\u00e9nements sur la Vuelta vont probablement interroger les futurs organisateurs de course quant \u00e0 la participation de cette \u00e9quipe, alors m\u00eame que le gouvernement espagnol avait demand\u00e9 son retrait. \u00ab\u00a0L&rsquo;autre question, expose Jean-Baptiste Gu\u00e9gan, est de s&rsquo;interroger sur ces \u00e9quipes sponsoris\u00e9es par des Etats [comme UAE Team Emirates XRG ou Bahrain Victorious], qui auparavant avaient une logique tr\u00e8s patriotique et qui aujourd&rsquo;hui ont des strat\u00e9gies d&rsquo;Etat, avec une volont\u00e9 de construire\u00a0et de ma\u00eetriser les repr\u00e9sentations du monde\u00a0\u00bb. Le g\u00e9opoliticien s&rsquo;interroge : \u00ab\u00a0dans le cyclisme et le sport dans son ensemble, doit-on\u00a0continuer \u00e0 accepter\u00a0que les \u00e9quipes et les sportifs soient litt\u00e9ralement les porte-paroles\u00a0de strat\u00e9gies politiques et g\u00e9opolitiques ?\u00a0\u00bb<\/p>\n<p><script async src=\"https:\/\/platform.twitter.com\/widgets.js\" charset=\"utf-8\"><\/script><\/p>\n","protected":false},"excerpt":{"rendered":"Malgr\u00e9 elle, la Vuelta s&rsquo;est transform\u00e9e en th\u00e9\u00e2tre g\u00e9opolitique. Depuis le grand d\u00e9part du Tour d&rsquo;Espagne le 23&hellip;\n","protected":false},"author":2,"featured_media":382044,"comment_status":"","ping_status":"","sticky":false,"template":"","format":"standard","meta":{"footnotes":""},"categories":[1411],"tags":[1154,207,1011,27,60],"class_list":{"0":"post-382043","1":"post","2":"type-post","3":"status-publish","4":"format-standard","5":"has-post-thumbnail","7":"category-cyclisme","8":"tag-cycling","9":"tag-cyclisme","10":"tag-fr","11":"tag-france","12":"tag-sports"},"share_on_mastodon":{"url":"https:\/\/pubeurope.com\/@fr\/115184145864038190","error":""},"_links":{"self":[{"href":"https:\/\/www.europesays.com\/fr\/wp-json\/wp\/v2\/posts\/382043","targetHints":{"allow":["GET"]}}],"collection":[{"href":"https:\/\/www.europesays.com\/fr\/wp-json\/wp\/v2\/posts"}],"about":[{"href":"https:\/\/www.europesays.com\/fr\/wp-json\/wp\/v2\/types\/post"}],"author":[{"embeddable":true,"href":"https:\/\/www.europesays.com\/fr\/wp-json\/wp\/v2\/users\/2"}],"replies":[{"embeddable":true,"href":"https:\/\/www.europesays.com\/fr\/wp-json\/wp\/v2\/comments?post=382043"}],"version-history":[{"count":0,"href":"https:\/\/www.europesays.com\/fr\/wp-json\/wp\/v2\/posts\/382043\/revisions"}],"wp:featuredmedia":[{"embeddable":true,"href":"https:\/\/www.europesays.com\/fr\/wp-json\/wp\/v2\/media\/382044"}],"wp:attachment":[{"href":"https:\/\/www.europesays.com\/fr\/wp-json\/wp\/v2\/media?parent=382043"}],"wp:term":[{"taxonomy":"category","embeddable":true,"href":"https:\/\/www.europesays.com\/fr\/wp-json\/wp\/v2\/categories?post=382043"},{"taxonomy":"post_tag","embeddable":true,"href":"https:\/\/www.europesays.com\/fr\/wp-json\/wp\/v2\/tags?post=382043"}],"curies":[{"name":"wp","href":"https:\/\/api.w.org\/{rel}","templated":true}]}}