{"id":382045,"date":"2025-09-11T06:02:12","date_gmt":"2025-09-11T06:02:12","guid":{"rendered":"https:\/\/www.europesays.com\/fr\/382045\/"},"modified":"2025-09-11T06:02:12","modified_gmt":"2025-09-11T06:02:12","slug":"ca-ma-fait-mal-je-netais-meme-pas-concerne-kylian-mbappe-revient-sur-laffaire-de-viol-en-suede","status":"publish","type":"post","link":"https:\/\/www.europesays.com\/fr\/382045\/","title":{"rendered":"\u00ab\u00a0\u00c7a m\u2019a fait mal, je n\u2019\u00e9tais m\u00eame pas concern\u00e9\u00a0\u00bb, Kylian Mbapp\u00e9 revient sur l\u2019affaire de viol en Su\u00e8de"},"content":{"rendered":"<p>Zapping Foot National Coupe de France : Calais, Quevilly, El-Biar, &#8230; les plus grands exploits de la comp\u00e9tition<\/p>\n<p>Une histoire qui est d\u00e9sormais bien derri\u00e8re lui. Pour le plus grand bonheur de la F\u00e9d\u00e9ration\u00a0 Fran\u00e7aise de Football (FFF). En octobre 2024, <a href=\"https:\/\/www.foot-national.com\/equipe-de-france\/equipe-de-france-je-suis-fataliste-sur-ce-quest-le-monde-du-foot-lance-kylian-mbappe-a-coeur-ouvert-924168\" rel=\"nofollow noopener\" target=\"_blank\">Kylian Mbapp\u00e9<\/a> avait pris la d\u00e9cision de ne pas rejoindre l\u2019\u00c9quipe de France pour la tr\u00eave internationale. Le joueur, qui peinait \u00e0 s\u2019acclimater \u00e0 son d\u00e9part du Paris-Saint-Germain pour le Real Madrid, avait d\u00e9cid\u00e9 de se rendre \u00e0 Stockholm afin de souffler avec ses proches. Dans la foul\u00e9e, son nom avait \u00e9t\u00e9 cit\u00e9 par la presse su\u00e9doise comme suspect d\u2019une enqu\u00eate pour viol et agression sexuelle ouverte par le parquet apr\u00e8s sa venue dans la capitale scandinave.\u00a0<\/p>\n<p><a href=\"https:\/\/www.foot-national.com\/equipe-de-france\/equipe-de-france-je-suis-fataliste-sur-ce-quest-le-monde-du-foot-lance-kylian-mbappe-a-coeur-ouvert-924168\" rel=\"nofollow noopener\" target=\"_blank\">\u00c9quipe de France : \u00ab\u00a0Je suis fataliste sur ce qu&rsquo;est le monde du foot\u00a0\u00bb lance Kylian Mbapp\u00e9, \u00e0 coeur ouvert<\/a><\/p>\n<p><a href=\"https:\/\/www.foot-national.com\/actus\/psg-kylian-mbappe-sort-du-silence-sur-son-litige-avec-paris-924176\" rel=\"nofollow noopener\" target=\"_blank\">PSG : Kylian Mbapp\u00e9 sort du silence sur son litige avec Paris<\/a><\/p>\n<p>Mbapp\u00e9 s\u2019exprime sur le sujet<\/p>\n<p>\u00ab\u00a0Je n\u2019\u00e9tais m\u00eame pas concern\u00e9. C\u2019\u00e9tait juste triste de voir tout le monde se jeter l\u00e0-dessus comme si c\u2019\u00e9tait un steak, sur un sujet aussi grave. \u00c7a arrive \u00e0 beaucoup trop de femmes, malheureusement, pour qu\u2019on se jette dessus pour des titres et des articles. Personne n\u2019a pris le temps de se demander ce qu\u2019il advenait de la potentielle victime\u00a0\u00bb a pest\u00e9 Kylian Mbapp\u00e9 lors d\u2019une interview accord\u00e9e mercredi \u00e0 nos confr\u00e8res de <a href=\"https:\/\/www.lequipe.fr\/Football\/Article\/Grand-recit-kylian-mbappe-si-je-n-avais-pas-cette-passion-le-monde-du-football-m-aurait-degoute-depuis-longtemps\/1591757\" rel=\"nofollow noopener\" target=\"_blank\">\u00ab L\u2019Equipe Magazine \u00bb<\/a>. Apr\u00e8s avoir mis fin au silence concernant son <a href=\"https:\/\/www.foot-national.com\/actus\/psg-kylian-mbappe-sort-du-silence-sur-son-litige-avec-paris-924176\" rel=\"nofollow noopener\" target=\"_blank\">litige judiciaire<\/a> avec le Paris-Saint-Germain, le capitaine des Bleus a \u00e9t\u00e9 interrog\u00e9 sur cette histoire qui a sali son nom.\u00a0<\/p>\n<p>\u00ab\u00a0Je savais que j\u2019allais me relever car je n\u2019\u00e9tais pas concern\u00e9, la police ne m\u2019a jamais appel\u00e9, mon nom n\u2019a jamais \u00e9t\u00e9 cit\u00e9. Je savais d\u00e8s le d\u00e9but que \u00e7a irait, mais c\u2019est compliqu\u00e9. Surtout pour tes proches, encore plus de sexe f\u00e9minin. Que tu le veuilles ou non, quand tu le racontes, tu sens que dans le regard d\u2019en face, la personne se dit : Et s\u2019il y avait 1 % de chance qu\u2019il ait fait quelque chose ? \u00c7a m\u2019a fait mal\u00a0\u00bb a-t-il conclu \u00e0 ce sujet. Faute de preuves, la justice su\u00e9doise avait cl\u00f4tur\u00e9 l\u2019enqu\u00eate en d\u00e9cembre 2024, sans avoir convoqu\u00e9 Kylian Mbapp\u00e9 donc.\u00a0<\/p>\n<p>Partagez cette info avec vos amis et vos proches en cliquant ici<br \/>Pour r\u00e9sumer<\/p>\n<p>Une histoire qui est d\u00e9sormais bien derri\u00e8re lui. Pour le plus grand bonheur de la F\u00e9d\u00e9ration\u00a0 Fran\u00e7aise de Football (FFF). En octobre 2024, Kylian Mbapp\u00e9 avait pris la d\u00e9cision de ne pas rejoindre l\u2019\u00c9quipe de France pour la tr\u00eave internationale.<\/p>\n<p> <img decoding=\"async\" width=\"76\" height=\"76\" loading=\"lazy\" src=\"https:\/\/static.wui.fr\/images_v3\/avatar-footnational.png\" alt=\"Youcef Ghalaza-Boudra\"\/><\/p>\n","protected":false},"excerpt":{"rendered":"Zapping Foot National Coupe de France : Calais, Quevilly, El-Biar, &#8230; les plus grands exploits de la comp\u00e9tition&hellip;\n","protected":false},"author":2,"featured_media":382046,"comment_status":"","ping_status":"","sticky":false,"template":"","format":"standard","meta":{"footnotes":""},"categories":[1410],"tags":[63,1011,27,60],"class_list":{"0":"post-382045","1":"post","2":"type-post","3":"status-publish","4":"format-standard","5":"has-post-thumbnail","7":"category-football","8":"tag-football","9":"tag-fr","10":"tag-france","11":"tag-sports"},"share_on_mastodon":{"url":"https:\/\/pubeurope.com\/@fr\/115184149778799102","error":""},"_links":{"self":[{"href":"https:\/\/www.europesays.com\/fr\/wp-json\/wp\/v2\/posts\/382045","targetHints":{"allow":["GET"]}}],"collection":[{"href":"https:\/\/www.europesays.com\/fr\/wp-json\/wp\/v2\/posts"}],"about":[{"href":"https:\/\/www.europesays.com\/fr\/wp-json\/wp\/v2\/types\/post"}],"author":[{"embeddable":true,"href":"https:\/\/www.europesays.com\/fr\/wp-json\/wp\/v2\/users\/2"}],"replies":[{"embeddable":true,"href":"https:\/\/www.europesays.com\/fr\/wp-json\/wp\/v2\/comments?post=382045"}],"version-history":[{"count":0,"href":"https:\/\/www.europesays.com\/fr\/wp-json\/wp\/v2\/posts\/382045\/revisions"}],"wp:featuredmedia":[{"embeddable":true,"href":"https:\/\/www.europesays.com\/fr\/wp-json\/wp\/v2\/media\/382046"}],"wp:attachment":[{"href":"https:\/\/www.europesays.com\/fr\/wp-json\/wp\/v2\/media?parent=382045"}],"wp:term":[{"taxonomy":"category","embeddable":true,"href":"https:\/\/www.europesays.com\/fr\/wp-json\/wp\/v2\/categories?post=382045"},{"taxonomy":"post_tag","embeddable":true,"href":"https:\/\/www.europesays.com\/fr\/wp-json\/wp\/v2\/tags?post=382045"}],"curies":[{"name":"wp","href":"https:\/\/api.w.org\/{rel}","templated":true}]}}