{"id":382047,"date":"2025-09-11T06:03:20","date_gmt":"2025-09-11T06:03:20","guid":{"rendered":"https:\/\/www.europesays.com\/fr\/382047\/"},"modified":"2025-09-11T06:03:20","modified_gmt":"2025-09-11T06:03:20","slug":"je-ne-peux-pas-nier-capucine-anav-balance-sur-son-idylle-avec-florent-manaudou","status":"publish","type":"post","link":"https:\/\/www.europesays.com\/fr\/382047\/","title":{"rendered":"\u00ab\u00a0Je ne peux pas nier\u2026\u00a0\u00bb : Capucine Anav balance sur son idylle avec Florent Manaudou"},"content":{"rendered":"<p>      R\u00e9sum\u00e9<\/p>\n<p>Capucine Anav revient sur son bref lien amoureux avec Florent Manaudou, \u00e9voquant une relation \u00e0 distance qui a dur\u00e9 quelques mois il y a plusieurs ann\u00e9es.<\/p>\n<p>        Sommaire<\/p>\n<p>Comme tout le monde, <a href=\"https:\/\/www.public.fr\/tag\/capucine-anav\" target=\"_blank\" rel=\"noopener\">Capucine Anav<\/a> a eu besoin de plusieurs ann\u00e9es avant de conna\u00eetre le bonheur et trouver son \u00e2me s\u0153ur. Aujourd\u2019hui, celle qui est <a href=\"https:\/\/www.public.fr\/capucine-anav-reprend-avec-cyril-hanouna-il-balance-sur-leur-baiser-secret\" target=\"_blank\" rel=\"noopener\">devenue chroniqueuse<\/a> de <a href=\"https:\/\/www.public.fr\/tag\/cyril-hanouna\" target=\"_blank\" rel=\"noopener\">Cyril Hanouna<\/a> \u00e0 la radio dans <strong>Tout beau, tout fun<\/strong>, coule des jours heureux dans les bras de Victor Dumas. De leur amour est n\u00e9e Lola, une adorable petite fille qui a vu le jour le 13 novembre 2022.<\/p>\n<p>Avant d\u2019avoir sa vie de maman, Capucine Anav se faisait conna\u00eetre en participant \u00e0 <strong>Secret Story<\/strong> en 2012. Sa participation au programme de TF1 lui ouvre les portes des <strong>Anges de la t\u00e9l\u00e9r\u00e9alit\u00e9<\/strong> sur NRJ12 et lui permet de prendre part \u00e0 la saison 5 devenue culte gr\u00e2ce au c\u00e9l\u00e8bre \u00ab\u00a0All\u00f4\u00a0\u00bb de <a href=\"https:\/\/www.public.fr\/tag\/nabilla-benattia\" target=\"_blank\" rel=\"noopener\">Nabilla Benattia<\/a>.\u00a0<\/p>\n<p>Apr\u00e8s sa participation \u00e0 l\u2019\u00e9mission de t\u00e9l\u00e9r\u00e9alit\u00e9, elle devient chroniqueuse de <a href=\"https:\/\/vsd.fr\/tag\/matthieu-delormeau\/\" target=\"_blank\" rel=\"noopener\">Matthieu Delormeau<\/a> dans <strong>Le Mag d\u2019NRJ12<\/strong> et grimpe rapidement les \u00e9chelons pour obtenir une place de choix sur une autre cha\u00eene quelques ann\u00e9es plus tard. En effet, en 2016, elle rejoint Cyril Hanouna et devient chroniqueuse sur <strong>TPMP<\/strong> puis <strong>Il en pense quoi Camille ?<\/strong> pr\u00e9sent\u00e9e par <a href=\"https:\/\/www.public.fr\/tag\/camille-combal\" target=\"_blank\" rel=\"noopener\">Camille Combal.<\/a><\/p>\n<p>Capucine Anav, de la t\u00e9l\u00e9vision au th\u00e9\u00e2tre<\/p>\n<p>Elle s\u2019\u00e9loigne finalement de la t\u00e9l\u00e9vision pour exceller sur les planches. En effet, ses fans ont pu d\u00e9couvrir ses talents de com\u00e9dienne dans <strong>La f\u00e8ve du samedi soir<\/strong> d&rsquo;Eric Delcourt aux c\u00f4t\u00e9s de Renaud Roussel et Patrick Veisselier. Mais aussi en 2019, dans la pi\u00e8ce d&rsquo;Alil Vardar,\u00a0<strong>Un weekend tranquille<\/strong>, avec Alexandra Vandernoot et J\u00e9r\u00f4me Len\u00f4tre.<\/p>\n<p>Aujourd\u2019hui, Capucine Anav a d\u00e9cid\u00e9 de rejoindre Cyril Hanouna pour une nouvelle collaboration avec l\u2019animateur, cette fois-ci \u00e0 la radio. Une collaboration qu\u2019elle a pu \u00e9voquer au micro de Jordan de Luxe dans l\u2019\u00e9mission de ce dernier, <strong>Le Jet de Luxe<\/strong>.<\/p>\n<p>Son \u00ab\u00a0histoire d&rsquo;amour\u00a0\u00bb avec Florent Manaudou<\/p>\n<p>Outre sa carri\u00e8re \u00e0 la t\u00e9l\u00e9vision et \u00e0 la radio, Capucine Anav a accept\u00e9 de se confier sur son pass\u00e9 amoureux et notamment \u00e9voquer son idylle avec <a href=\"https:\/\/www.public.fr\/tag\/florent-manaudou\" target=\"_blank\" rel=\"noopener\">Florent Manaudou<\/a>. Une histoire d\u2019amour que nous vous avions r\u00e9v\u00e9l\u00e9 en exclusivit\u00e9 il y a plusieurs ann\u00e9es.<\/p>\n<p>\u00ab\u00a0<strong>\u00c7a n&rsquo;a pas dur\u00e9 longtemps, quatre-cinq mois<\/strong>. Et c&rsquo;\u00e9tait il y a longtemps, il habitait \u00e0 Marseille et il venait souvent \u00e0 Paris pour des trucs. C&rsquo;\u00e9tait un peu des relations \u00e0 distance \u00e0 l\u2019\u00e9poque\u00a0\u00bb, a confirm\u00e9 dans un premier temps la maman de la petite Lola.<\/p>\n<p>Capucine Anav a finalement poursuivi et reconnu : \u00ab\u00a0On avait fait la couverture de Public, c&rsquo;est pour \u00e7a que je ne peux pas trop nier\u00a0\u00bb. Aujourd\u2019hui, selon nos confr\u00e8res de Voici, ce serait <strong>dans les bras de sa partenaire<\/strong> de <strong>Danse avec les stars<\/strong>, Elsa Bois, que le nageur coulerait des jours heureux. N\u00e9anmoins, aucun des deux n\u2019a confirm\u00e9 leur pr\u00e9sum\u00e9e histoire d\u2019amour.\u00a0<\/p>\n<\/p>\n<p>      Mentionn\u00e9s dans cet article<\/p>\n<p>      Sur le m\u00eame sujet<\/p>\n","protected":false},"excerpt":{"rendered":"R\u00e9sum\u00e9 Capucine Anav revient sur son bref lien amoureux avec Florent Manaudou, \u00e9voquant une relation \u00e0 distance qui&hellip;\n","protected":false},"author":2,"featured_media":382048,"comment_status":"","ping_status":"","sticky":false,"template":"","format":"standard","meta":{"footnotes":""},"categories":[1359],"tags":[51204,1083,58,59,925,1011,27,973,45215],"class_list":{"0":"post-382047","1":"post","2":"type-post","3":"status-publish","4":"format-standard","5":"has-post-thumbnail","7":"category-people","8":"tag-capucine-anav","9":"tag-cyril-hanouna","10":"tag-divertissement","11":"tag-entertainment","12":"tag-florent-manaudou","13":"tag-fr","14":"tag-france","15":"tag-people","16":"tag-tout-beau-tout-fun"},"share_on_mastodon":{"url":"https:\/\/pubeurope.com\/@fr\/115184154261607852","error":""},"_links":{"self":[{"href":"https:\/\/www.europesays.com\/fr\/wp-json\/wp\/v2\/posts\/382047","targetHints":{"allow":["GET"]}}],"collection":[{"href":"https:\/\/www.europesays.com\/fr\/wp-json\/wp\/v2\/posts"}],"about":[{"href":"https:\/\/www.europesays.com\/fr\/wp-json\/wp\/v2\/types\/post"}],"author":[{"embeddable":true,"href":"https:\/\/www.europesays.com\/fr\/wp-json\/wp\/v2\/users\/2"}],"replies":[{"embeddable":true,"href":"https:\/\/www.europesays.com\/fr\/wp-json\/wp\/v2\/comments?post=382047"}],"version-history":[{"count":0,"href":"https:\/\/www.europesays.com\/fr\/wp-json\/wp\/v2\/posts\/382047\/revisions"}],"wp:featuredmedia":[{"embeddable":true,"href":"https:\/\/www.europesays.com\/fr\/wp-json\/wp\/v2\/media\/382048"}],"wp:attachment":[{"href":"https:\/\/www.europesays.com\/fr\/wp-json\/wp\/v2\/media?parent=382047"}],"wp:term":[{"taxonomy":"category","embeddable":true,"href":"https:\/\/www.europesays.com\/fr\/wp-json\/wp\/v2\/categories?post=382047"},{"taxonomy":"post_tag","embeddable":true,"href":"https:\/\/www.europesays.com\/fr\/wp-json\/wp\/v2\/tags?post=382047"}],"curies":[{"name":"wp","href":"https:\/\/api.w.org\/{rel}","templated":true}]}}