{"id":382053,"date":"2025-09-11T06:06:11","date_gmt":"2025-09-11T06:06:11","guid":{"rendered":"https:\/\/www.europesays.com\/fr\/382053\/"},"modified":"2025-09-11T06:06:11","modified_gmt":"2025-09-11T06:06:11","slug":"jerome-et-lucile-organisent-leur-marche-en-decembre-a-jons","status":"publish","type":"post","link":"https:\/\/www.europesays.com\/fr\/382053\/","title":{"rendered":"J\u00e9r\u00f4me et Lucile organisent leur march\u00e9 en d\u00e9cembre \u00e0 Jons"},"content":{"rendered":"<p>Ils sont de retour, un an apr\u00e8s le succ\u00e8s de leur march\u00e9 de No\u00ebl. <a href=\"https:\/\/www.leprogres.fr\/economie\/2025\/05\/16\/l-amour-est-dans-le-pre-jerome-et-lucile-de-l-amour-vont-accueillir-leur-troisieme-enfant\" target=\"_blank\" rel=\"noopener\">Lucile et J\u00e9r\u00f4me<\/a>, couple embl\u00e9matique de la saison 15 de L\u2019Amour est dans le pr\u00e9 , vont de nouveau rassembler leurs amis agriculteurs et anciens candidats les samedi\u00a013 et dimanche 14\u00a0d\u00e9cembre dans leur ferme de Jons, \u00e0 l\u2019est de Lyon.<\/p>\n<p>Plus de 3\u00a0000 personnes s\u2019\u00e9taient press\u00e9es en 2024 pour rencontrer le duo, ainsi qu\u2019une vingtaine d\u2019agriculteurs pass\u00e9s par l\u2019\u00e9mission, dont Rom\u00e9o, \u00e9galement install\u00e9 dans le Rh\u00f4ne. \u00ab\u00a0C\u2019\u00e9tait vraiment satur\u00e9\u00a0\u00bb, sourit aujourd\u2019hui Lucile.<\/p>\n<p>  \u00a0\u00ab Encore plus de candidats de L\u2019Amour est dans le pr\u00e9\u00a0\u00bb<\/p>\n<p>M\u00eame si le march\u00e9 conservera \u00ab\u00a0globalement le m\u00eame principe\u00a0\u00bb, cette fois, il y aura \u00ab\u00a0encore plus de candidats d\u2019ADP\u00a0\u00bb, assure-t-elle. \u00ab\u00a0On va essayer d\u2019agencer diff\u00e9remment, il y aura plus d\u2019exposants, on essaie de faire encore mieux que l\u2019ann\u00e9e derni\u00e8re, c\u2019\u00e9tait notre premi\u00e8re.\u00a0\u00bb<\/p>\n<p>Le <a href=\"https:\/\/www.leprogres.fr\/economie\/2024\/12\/14\/l-amour-est-dans-le-pre-a-deux-pas-de-lyon-les-visiteurs-se-ruent-au-marche-de-noel-des-anciens-candidats\" target=\"_blank\" rel=\"noopener\">march\u00e9 mettra de nouveau en avant<\/a> \u00ab\u00a0les produits de leurs terroirs et le savoir-faire d\u2019agriculteurs\u00a0\u00bb, \u00e0 travers \u00ab\u00a0une s\u00e9lection de produits frais et artisanaux provenant directement des fermes locales\u00a0\u00bb. J\u00e9r\u00f4me et Lucile veulent faire du moment \u00ab\u00a0un espace de rencontre entre les agriculteurs et les consommateurs, afin de valoriser les circuits courts et de renforcer le lien entre les producteurs et le grand public\u00a0\u00bb.<\/p>\n<p>Des animations sont d\u00e9j\u00e0 pr\u00e9vues pendant ce week-end, incluant des d\u00e9gustations gratuites. Les d\u00e9tails sont encore attendus, \u00ab\u00a0tout n\u2019est pas ficel\u00e9\u00a0\u00bb, pr\u00e9cise Lucile\u00a0; rendez-vous en d\u00e9cembre. Tr\u00e8s suivi sur les r\u00e9seaux (plus de 319\u00a0000 abonn\u00e9s\u00a0<a href=\"https:\/\/www.instagram.com\/jeromeetlucile\/?hl=fr\" target=\"_blank\" rel=\"noopener\">sur Instagram<\/a>\u00a0), <a href=\"https:\/\/www.leprogres.fr\/economie\/2024\/12\/02\/l-amour-est-dans-le-pre-sans-les-reseaux-sociaux-la-ferme-n-existerait-deja-plus\" target=\"_blank\" rel=\"noopener\">le couple<\/a> va par ailleurs accueillir fin novembre son troisi\u00e8me enfant, comme ils l\u2019ont annonc\u00e9 en mai.<\/p>\n<p><script async src=\"\/\/www.instagram.com\/embed.js\"><\/script><\/p>\n","protected":false},"excerpt":{"rendered":"Ils sont de retour, un an apr\u00e8s le succ\u00e8s de leur march\u00e9 de No\u00ebl. Lucile et J\u00e9r\u00f4me, couple&hellip;\n","protected":false},"author":2,"featured_media":382054,"comment_status":"","ping_status":"","sticky":false,"template":"","format":"standard","meta":{"footnotes":""},"categories":[1356],"tags":[58,3152,59,107,1011,27,51513,973,2429,23534,104,252,2205,1364],"class_list":{"0":"post-382053","1":"post","2":"type-post","3":"status-publish","4":"format-standard","5":"has-post-thumbnail","7":"category-television","8":"tag-divertissement","9":"tag-edition-est-lyonnais","10":"tag-entertainment","11":"tag-fil-info","12":"tag-fr","13":"tag-france","14":"tag-jons","15":"tag-people","16":"tag-rhone","17":"tag-saint-laurent-de-mure-bassin","18":"tag-societe","19":"tag-television","20":"tag-television-medias","21":"tag-tv"},"share_on_mastodon":{"url":"https:\/\/pubeurope.com\/@fr\/115184165895859888","error":""},"_links":{"self":[{"href":"https:\/\/www.europesays.com\/fr\/wp-json\/wp\/v2\/posts\/382053","targetHints":{"allow":["GET"]}}],"collection":[{"href":"https:\/\/www.europesays.com\/fr\/wp-json\/wp\/v2\/posts"}],"about":[{"href":"https:\/\/www.europesays.com\/fr\/wp-json\/wp\/v2\/types\/post"}],"author":[{"embeddable":true,"href":"https:\/\/www.europesays.com\/fr\/wp-json\/wp\/v2\/users\/2"}],"replies":[{"embeddable":true,"href":"https:\/\/www.europesays.com\/fr\/wp-json\/wp\/v2\/comments?post=382053"}],"version-history":[{"count":0,"href":"https:\/\/www.europesays.com\/fr\/wp-json\/wp\/v2\/posts\/382053\/revisions"}],"wp:featuredmedia":[{"embeddable":true,"href":"https:\/\/www.europesays.com\/fr\/wp-json\/wp\/v2\/media\/382054"}],"wp:attachment":[{"href":"https:\/\/www.europesays.com\/fr\/wp-json\/wp\/v2\/media?parent=382053"}],"wp:term":[{"taxonomy":"category","embeddable":true,"href":"https:\/\/www.europesays.com\/fr\/wp-json\/wp\/v2\/categories?post=382053"},{"taxonomy":"post_tag","embeddable":true,"href":"https:\/\/www.europesays.com\/fr\/wp-json\/wp\/v2\/tags?post=382053"}],"curies":[{"name":"wp","href":"https:\/\/api.w.org\/{rel}","templated":true}]}}