{"id":382056,"date":"2025-09-11T06:08:16","date_gmt":"2025-09-11T06:08:16","guid":{"rendered":"https:\/\/www.europesays.com\/fr\/382056\/"},"modified":"2025-09-11T06:08:16","modified_gmt":"2025-09-11T06:08:16","slug":"une-petite-raison-dy-croire-avec-le-choix-du-realisateur","status":"publish","type":"post","link":"https:\/\/www.europesays.com\/fr\/382056\/","title":{"rendered":"une petite raison d&rsquo;y croire avec le choix du r\u00e9alisateur ?"},"content":{"rendered":"<p><strong>Un nouveau film <a href=\"https:\/\/www.ecranlarge.com\/films\/839177-amityville-la-maison-du-diable\" data-type=\"films\" data-id=\"654605\" rel=\"nofollow noopener\" target=\"_blank\">Amityville<\/a> (non, pas celui d\u00e9j\u00e0 annonc\u00e9, encore un autre) est dans les tuyaux, entre les mains d\u2019un r\u00e9alisateur qui s\u2019y conna\u00eet.\u00a0<\/strong><\/p>\n<p>Peu de crimes auront donn\u00e9 lieu \u00e0 <strong>autant de fantasmes, de livres et de films que les meurtres d\u2019Amityville<\/strong>. Dans la nuit du 13 novembre 1974, Ronald DeFeo, qui vit dans une maison \u00e0 Amityville dans l\u2019Etat de New York avec ses parents et ses quatre jeunes fr\u00e8res et s\u0153urs, assassine toute sa famille \u00e0 coups de fusil.<\/p>\n<p>                    <img decoding=\"async\" alt=\"\" class=\"wp-image-518375\" style=\"object-fit:cover;width:25px;height:25px\" src=\"https:\/\/www.ecranlarge.com\/content\/uploads\/2023\/09\/arrow-right-circle.svg\"\/><\/p>\n<p>L\u2019homme d\u00e9clarera avoir commis les meurtres <strong>sous l\u2019emprise du diable<\/strong>, et il n\u2019en faudra pas davantage pour que la machine m\u00e9diatique s\u2019emballe et que la l\u00e9gende de cette soi-disant possession soit entretenue depuis au travers d\u2019innombrables adaptations et publications. A commencer par la saga <strong>Amityville<\/strong> d\u00e9but\u00e9e en 1979 par le film r\u00e9alis\u00e9 par <a href=\"https:\/\/www.ecranlarge.com\/personnalite\/661310-stuart-rosenberg\" data-type=\"people\" data-id=\"312625\" rel=\"nofollow noopener\" target=\"_blank\">Stuart Rosenberg<\/a>, <strong>Amityville : La Maison du Diable<\/strong>.<\/p>\n<p>Lui succ\u00e9deront plus d\u2019une dizaine de suites et de reboots, sans parler de la dizaine de DTV sortie en parall\u00e8le. Aujourd\u2019hui, la l\u00e9gende s\u2019appr\u00eate \u00e0 rena\u00eetre de ses cendres, puisqu\u2019<strong>un nouveau film Amityville est en pr\u00e9paration chez Amazon<\/strong>. Et avec un r\u00e9alisateur familier de cet univers aux commandes.<\/p>\n<p><a href=\"https:\/\/www.ecranlarge.com\/content\/uploads\/2017\/09\/amityville-la-maison-du-diable-photo-margot-kidder-999883.jpg\" rel=\"nofollow noopener\" target=\"_blank\"><img loading=\"lazy\" decoding=\"async\" alt=\"Amityville, la maison du diable : Photo Margot Kidder\" class=\"wp-image-29938\" src=\"https:\/\/www.europesays.com\/fr\/wp-content\/uploads\/2025\/09\/amityville-la-maison-du-diable-photo-margot-kidder-999883-630x354.jpg\" width=\"630\" height=\"354\"  \/><\/a>James Brolin et Margot Kidder dans Amityville : La Maison du diableAmityville vs Conjuring<\/p>\n<p>La derni\u00e8re fois que la saga <strong>Amityville<\/strong> a tent\u00e9 de relancer la machine, c\u2019\u00e9tait en 2005 avec le remake du film original cette fois-ci r\u00e9alis\u00e9 par Andrew Douglas et d\u00e9j\u00e0 produit par la MGM. Ryan Reynolds y incarnait George Lutz, p\u00e8re de la famille ayant emm\u00e9nag\u00e9 dans la maison du drame apr\u00e8s les meurtres et ayant subi, selon les dires de ses membres, <strong>tout un tas d\u2019\u00e9v\u00e9nements paranormaux<\/strong>.<\/p>\n<p>L\u2019affaire \u00e9tait aussi bri\u00e8vement \u00e9voqu\u00e9e en introduction de <strong>Conjuring 2<\/strong>, sorti en 2016, dans une s\u00e9quence qui rappelait que les Warren avaient \u00e9videmment aussi pris leur part dans cette histoire. Selon Deadline, Amazon, qui poss\u00e8de d\u00e9sormais la MGM, compte relancer la marque avec un tout nouveau film <strong>Amityville<\/strong>. A l\u2019\u00e9criture, on retrouve Ian B. Goldberg et Richard Naing, d\u00e9j\u00e0 co-auteurs du sc\u00e9nario de <strong>Conjuring 4<\/strong> et de <strong>La Nonne 2<\/strong>.<\/p>\n<p><a href=\"https:\/\/www.ecranlarge.com\/content\/uploads\/2025\/09\/image-31.png\" rel=\"nofollow noopener\" target=\"_blank\"><\/p>\n<p><img loading=\"lazy\" decoding=\"async\" alt=\"Amityville Ryan Reynolds\" src=\"https:\/\/www.europesays.com\/fr\/wp-content\/uploads\/2025\/09\/image-31-1260x709.png\" width=\"1260\" height=\"709\"  \/><\/p>\n<p><\/a>Ryan Reynolds dans le remake de 2005<\/p>\n<p>Et \u00e0 la r\u00e9alisation ? Quelqu\u2019un de tout aussi proche du Conjuringverse, puisque c\u2019est <a href=\"https:\/\/www.ecranlarge.com\/personnalite\/953696-david-f-sandberg\" data-type=\"people\" data-id=\"472099\" rel=\"nofollow noopener\" target=\"_blank\">David F. Sandberg<\/a> qui mettra le film en sc\u00e8ne. D\u2019abord remarqu\u00e9 sur internet avec son court-m\u00e9trage horrifique <strong>Lights Out<\/strong>, Sandberg s\u2019est fait conna\u00eetre avec la version long-m\u00e9trage, <strong>Dans le noir<\/strong>, sortie en 2016. Il a ensuite r\u00e9alis\u00e9 <strong>Annabelle 2<\/strong> (le plus r\u00e9ussi de la trilogie), les deux <strong>Shazam!<\/strong>, et <strong>Until Dawn<\/strong>.<\/p>\n<p>                    <img decoding=\"async\" alt=\"\" class=\"wp-image-518375\" style=\"object-fit:cover;width:25px;height:25px\" src=\"https:\/\/www.ecranlarge.com\/content\/uploads\/2023\/09\/arrow-right-circle.svg\"\/><\/p>\n<p>M\u00eame si c\u2019est Amazon et non pas la Warner qui chapeaute le projet, difficile de ne pas voir<strong> l\u2019influence du succ\u00e8s de la franchise Conjuring<\/strong> \u00e0 l\u2019origine de cette initiative.<\/p>\n<p>Pour rappel, la bo\u00eete de Jeff Bezos n\u2019est pas la seule \u00e0 avoir flair\u00e9 le bon coup, puisqu\u2019<strong>un autre film en lien avec Amityville a \u00e9t\u00e9 annonc\u00e9 en juillet 2025 <\/strong>du c\u00f4t\u00e9 des producteurs d\u2019<strong>Evanouis<\/strong> et <strong>Heart Eyes<\/strong>, BoulderLight Pictures et Divide\/Conquer. Comme le rappelle Deadline, ce projet-l\u00e0 devrait, en revanche, faire un pas de c\u00f4t\u00e9 vis-\u00e0-vis de l\u2019histoire connue pour explorer d\u2019autres pistes. Overdose en vue ? Affaire \u00e0 suivre.<\/p>\n","protected":false},"excerpt":{"rendered":"Un nouveau film Amityville (non, pas celui d\u00e9j\u00e0 annonc\u00e9, encore un autre) est dans les tuyaux, entre les&hellip;\n","protected":false},"author":2,"featured_media":382057,"comment_status":"","ping_status":"","sticky":false,"template":"","format":"standard","meta":{"footnotes":""},"categories":[1354],"tags":[58,59,1346,1011,27,1360],"class_list":{"0":"post-382056","1":"post","2":"type-post","3":"status-publish","4":"format-standard","5":"has-post-thumbnail","7":"category-films","8":"tag-divertissement","9":"tag-entertainment","10":"tag-films","11":"tag-fr","12":"tag-france","13":"tag-movies"},"share_on_mastodon":{"url":"https:\/\/pubeurope.com\/@fr\/115184173654485712","error":""},"_links":{"self":[{"href":"https:\/\/www.europesays.com\/fr\/wp-json\/wp\/v2\/posts\/382056","targetHints":{"allow":["GET"]}}],"collection":[{"href":"https:\/\/www.europesays.com\/fr\/wp-json\/wp\/v2\/posts"}],"about":[{"href":"https:\/\/www.europesays.com\/fr\/wp-json\/wp\/v2\/types\/post"}],"author":[{"embeddable":true,"href":"https:\/\/www.europesays.com\/fr\/wp-json\/wp\/v2\/users\/2"}],"replies":[{"embeddable":true,"href":"https:\/\/www.europesays.com\/fr\/wp-json\/wp\/v2\/comments?post=382056"}],"version-history":[{"count":0,"href":"https:\/\/www.europesays.com\/fr\/wp-json\/wp\/v2\/posts\/382056\/revisions"}],"wp:featuredmedia":[{"embeddable":true,"href":"https:\/\/www.europesays.com\/fr\/wp-json\/wp\/v2\/media\/382057"}],"wp:attachment":[{"href":"https:\/\/www.europesays.com\/fr\/wp-json\/wp\/v2\/media?parent=382056"}],"wp:term":[{"taxonomy":"category","embeddable":true,"href":"https:\/\/www.europesays.com\/fr\/wp-json\/wp\/v2\/categories?post=382056"},{"taxonomy":"post_tag","embeddable":true,"href":"https:\/\/www.europesays.com\/fr\/wp-json\/wp\/v2\/tags?post=382056"}],"curies":[{"name":"wp","href":"https:\/\/api.w.org\/{rel}","templated":true}]}}