{"id":382058,"date":"2025-09-11T06:09:09","date_gmt":"2025-09-11T06:09:09","guid":{"rendered":"https:\/\/www.europesays.com\/fr\/382058\/"},"modified":"2025-09-11T06:09:09","modified_gmt":"2025-09-11T06:09:09","slug":"la-campagne-de-vaccination-contre-la-grippe-et-le-covid-commencera-le-14-octobre-prochain","status":"publish","type":"post","link":"https:\/\/www.europesays.com\/fr\/382058\/","title":{"rendered":"La campagne de vaccination contre la grippe et le Covid commencera le 14 octobre prochain"},"content":{"rendered":"<p>                             Par Sol\u00e8ne Vary<\/p>\n<p>                Le 10 septembre 2025 \u00e0 19h33<\/p>\n<p>    Contre le Covid, c\u2019est le vaccin Pfizer\/BioNTech qui sera utilis\u00e9.<br \/>\n                Hannah Beier \/ REUTERS<\/p>\n<p>Les deux vaccins peuvent \u00eatre inject\u00e9s au m\u00eame moment, mais ne sont pas combin\u00e9s dans une m\u00eame dose.<\/p>\n<p class=\"fig-paragraph\">L\u2019arriv\u00e9e de l\u2019automne et la chute des temp\u00e9ratures signent le retour in\u00e9vitable des virus.\u00a0<a href=\"http:\/\/sante.lefigaro.fr\/social\/sante-publique\/covid-et-grippe-tout-savoir-sur-la-campagne-de-vaccination-qui-demarre-ce-15-octobre-20241002\" data-fig-type=\"Article\" data-gtm-custom-categorie=\"navigation\" data-gtm-custom-action=\"crossclick\" data-gtm-custom-label=\"Contextuel\" data-gtm-event=\"customEventSPE\" data-fig-domain=\"SANTE\" target=\"_blank\" rel=\"noopener\">Une campagne conjointe de vaccination<\/a>\u00a0contre la grippe et le\u00a0<a href=\"http:\/\/sante.lefigaro.fr\/social\/sante-publique\/une-nouvelle-campagne-de-vaccination-anti-covid-a-destination-des-plus-fragiles-20250327\" data-fig-type=\"NewsFlash\" data-gtm-custom-categorie=\"navigation\" data-gtm-custom-action=\"crossclick\" data-gtm-custom-label=\"Contextuel\" data-gtm-event=\"customEventSPE\" data-fig-domain=\"SANTE\" target=\"_blank\" rel=\"noopener\">Covid-19<\/a>\u00a0d\u00e9butera donc d\u00e8s le 14 octobre prochain, indique au Figaro la direction g\u00e9n\u00e9rale de la Sant\u00e9. \u00abSi Sant\u00e9 publique France venait \u00e0 d\u00e9tecter \u00e0 la fin du mois de septembre une transmission importante du SARS-CoV-2, la campagne de vaccination pourrait \u00eatre amen\u00e9e \u00e0 d\u00e9marrer plus t\u00f4t, d\u00e9but octobre\u00bb, ajoute le minist\u00e8re.<\/p>\n<p class=\"fig-paragraph\">La campagne de vaccination contre le Covid 19, organis\u00e9e pour la quatri\u00e8me ann\u00e9e cons\u00e9cutive, s\u2019adresse essentiellement aux personnes de plus de 65 ans, \u00e0 celles atteintes de comorbidit\u00e9s ou immunod\u00e9prim\u00e9es, mais aussi aux femmes enceintes. La dose annuelle n\u2019est d\u00e9sormais recommand\u00e9e qu\u2019\u00e0 ces profils particuliers, et plus \u00e0 l\u2019ensemble de la population.<\/p>\n<p>                                    <a class=\"fig-a11y-skip a11y-hidden\" href=\"#fig-a11y-skip-main-inarticle\"><br \/>\n        Passer la publicit\u00e9<br \/>\n    <\/a><\/p>\n<p class=\"fig-paragraph\">C\u2019est le vaccin du laboratoire Pfizer\/BioNTech qui sera utilis\u00e9 pour la campagne de l\u2019automne 2025, avec une formule adapt\u00e9e au variant JN.1, circulant majoritairement en France. Si les doses de vaccin contre le Covid et la grippe peuvent \u00eatre inject\u00e9es au m\u00eame moment, il ne s\u2019agit pas d\u2019un vaccin combin\u00e9 prot\u00e9geant contre les deux maladies.<\/p>\n<p>Pic de Covid en juillet<\/p>\n<p class=\"fig-paragraph\">En 2024, les taux de contaminations au Covid-19 ont connu un pic en juillet et \u00e0 la fin du mois de septembre, mais ont diminu\u00e9 lors de la saison hivernale. Plus r\u00e9cemment, le 3 septembre dernier, le site de Sant\u00e9 Publique France indiquait dans son bulletin que \u00ables effectifs de passages aux urgences\u00bb en raison d\u2019une infection au Covid-19 \u00e9taient \u00aben l\u00e9g\u00e8re augmentation\u00bb en \u00cele-de-France, tout comme dans les Hauts-de-France.<\/p>\n<p class=\"fig-paragraph\">Lors de la saison 2024-2025, la grippe a pes\u00e9 beaucoup plus lourdement sur le syst\u00e8me de sant\u00e9\u00a0: environ 29.000 hospitalisations apr\u00e8s passage aux urgences pour syndrome grippal ont \u00e9t\u00e9 recens\u00e9es. Ce virus qui s\u00e9vit habituellement entre d\u00e9cembre et mars cause en moyenne 9000 d\u00e9c\u00e8s par an. Au mois de f\u00e9vrier, le minist\u00e8re jugeait\u00a0<a href=\"http:\/\/www.lefigaro.fr\/flash-actu\/le-ministre-de-la-sante-regrette-que-seulement-20-des-soignants-de-l-hopital-soient-vaccines-contre-la-grippe-20250801\" data-fig-type=\"NewsFlash\" data-gtm-custom-categorie=\"navigation\" data-gtm-custom-action=\"crossclick\" data-gtm-custom-label=\"Contextuel\" data-gtm-event=\"customEventSPE\" data-fig-domain=\"LEFIGARO\" target=\"_blank\" rel=\"noopener\">la couverture vaccinale insuffisante<\/a>\u00a0avec seulement 54% des plus de 65 ans prot\u00e9g\u00e9s.<\/p>\n","protected":false},"excerpt":{"rendered":"Par Sol\u00e8ne Vary Le 10 septembre 2025 \u00e0 19h33 Contre le Covid, c\u2019est le vaccin Pfizer\/BioNTech qui sera&hellip;\n","protected":false},"author":2,"featured_media":382059,"comment_status":"","ping_status":"","sticky":false,"template":"","format":"standard","meta":{"footnotes":""},"categories":[10],"tags":[237,101,232,231,4357,234,228,1011,27,29786,72,239,230,238,226,224,225,233,229,236,235,71,227],"class_list":{"0":"post-382058","1":"post","2":"type-post","3":"status-publish","4":"format-standard","5":"has-post-thumbnail","7":"category-sante","8":"tag-actualite-sur-les-maladies","9":"tag-cancer","10":"tag-cardiologie","11":"tag-cerveau","12":"tag-covid-19","13":"tag-diabete","14":"tag-diagnostic","15":"tag-fr","16":"tag-france","17":"tag-grippe","18":"tag-health","19":"tag-info-sur-les-maladies","20":"tag-infographie","21":"tag-information-sur-les-maladies","22":"tag-maladie","23":"tag-medecine","24":"tag-medicament","25":"tag-obesite","26":"tag-pathologie","27":"tag-pediatrie","28":"tag-psychiatrie","29":"tag-sante","30":"tag-traitement"},"share_on_mastodon":{"url":"https:\/\/pubeurope.com\/@fr\/115184177196897147","error":""},"_links":{"self":[{"href":"https:\/\/www.europesays.com\/fr\/wp-json\/wp\/v2\/posts\/382058","targetHints":{"allow":["GET"]}}],"collection":[{"href":"https:\/\/www.europesays.com\/fr\/wp-json\/wp\/v2\/posts"}],"about":[{"href":"https:\/\/www.europesays.com\/fr\/wp-json\/wp\/v2\/types\/post"}],"author":[{"embeddable":true,"href":"https:\/\/www.europesays.com\/fr\/wp-json\/wp\/v2\/users\/2"}],"replies":[{"embeddable":true,"href":"https:\/\/www.europesays.com\/fr\/wp-json\/wp\/v2\/comments?post=382058"}],"version-history":[{"count":0,"href":"https:\/\/www.europesays.com\/fr\/wp-json\/wp\/v2\/posts\/382058\/revisions"}],"wp:featuredmedia":[{"embeddable":true,"href":"https:\/\/www.europesays.com\/fr\/wp-json\/wp\/v2\/media\/382059"}],"wp:attachment":[{"href":"https:\/\/www.europesays.com\/fr\/wp-json\/wp\/v2\/media?parent=382058"}],"wp:term":[{"taxonomy":"category","embeddable":true,"href":"https:\/\/www.europesays.com\/fr\/wp-json\/wp\/v2\/categories?post=382058"},{"taxonomy":"post_tag","embeddable":true,"href":"https:\/\/www.europesays.com\/fr\/wp-json\/wp\/v2\/tags?post=382058"}],"curies":[{"name":"wp","href":"https:\/\/api.w.org\/{rel}","templated":true}]}}