{"id":382060,"date":"2025-09-11T06:10:11","date_gmt":"2025-09-11T06:10:11","guid":{"rendered":"https:\/\/www.europesays.com\/fr\/382060\/"},"modified":"2025-09-11T06:10:11","modified_gmt":"2025-09-11T06:10:11","slug":"steve-mandanda-devoile-son-pire-souvenir-a-lom","status":"publish","type":"post","link":"https:\/\/www.europesays.com\/fr\/382060\/","title":{"rendered":"Steve Mandanda d\u00e9voile son pire souvenir \u00e0 l\u2019OM"},"content":{"rendered":"<p>\u00c2g\u00e9 de 40 ans et libre depuis la fin de son contrat avec Rennes, <a href=\"https:\/\/www.footmercato.net\/a6082196326827703698-steve-mandanda-prend-sa-retraite\" rel=\"nofollow noopener\" target=\"_blank\">Steve Mandanda a annonc\u00e9 ce mercredi sa retraite professionnelle<\/a>, mettant fin \u00e0 une tr\u00e8s longue carri\u00e8re pass\u00e9e majoritairement du c\u00f4t\u00e9 de l\u2019Olympique de Marseille, o\u00f9 il est devenu un gardien et capitaine embl\u00e9matique. Dans une longue interview accord\u00e9e \u00e0 <a href=\"https:\/\/www.lequipe.fr\/Football\/Article\/-je-ne-pouvais-pas-vivre-une-meilleure-fin-steve-mandanda-fait-le-bilan-de-sa-carriere-apres-avoir-pris-sa-retraite-a-40-ans\/1592019\" rel=\"nofollow noopener\" target=\"_blank\">L\u2019\u00c9quipe<\/a>, Mandanda a \u00e9voqu\u00e9, entre autres, son pire souvenir dans le club phoc\u00e9en.<\/p>\n<p>            La suite apr\u00e8s cette publicit\u00e9<\/p>\n<p>\u00abL\u2019invasion de la Commanderie en janvier 2021. On \u00e9tait arriv\u00e9 \u00e0 une v\u00e9ritable cassure avec les supporters, il y avait eu d\u2019autres \u00e9pisodes mais \u00e7a se cantonnait au V\u00e9lodrome, sur des banderoles. L\u00e0, on s\u2019\u00e9tait retrouv\u00e9 avec Pablo (Longoria), le coach (Andr\u00e9) Villas-Boas, Alvaro et moi, devant le b\u00e2timent sportif devant des dizaines et des dizaines de supporters furieux. Il y avait plein de joueurs enferm\u00e9s dans les chambres mais, ma place, c\u2019\u00e9tait l\u00e0 face \u00e0 eux. Ils n\u2019\u00e9taient pas contents, il y avait la mauvaise s\u00e9rie en Ligue des champions, le Covid, et leur col\u00e8re visait surtout les dirigeants. Mais je suis capitaine, je suis devant, c\u2019est mon r\u00f4le, encore plus dans les moments difficiles.\u00bb<\/p>\n<p>\n    Pub. le 11\/09\/2025 07:37<br \/>\n            &#8211; MAJ le 11\/09\/2025 07:38\n    <\/p>\n","protected":false},"excerpt":{"rendered":"\u00c2g\u00e9 de 40 ans et libre depuis la fin de son contrat avec Rennes, Steve Mandanda a annonc\u00e9&hellip;\n","protected":false},"author":2,"featured_media":382061,"comment_status":"","ping_status":"","sticky":false,"template":"","format":"standard","meta":{"footnotes":""},"categories":[9],"tags":[1011,27,60],"class_list":{"0":"post-382060","1":"post","2":"type-post","3":"status-publish","4":"format-standard","5":"has-post-thumbnail","7":"category-sports","8":"tag-fr","9":"tag-france","10":"tag-sports"},"share_on_mastodon":{"url":"https:\/\/pubeurope.com\/@fr\/115184181231234341","error":""},"_links":{"self":[{"href":"https:\/\/www.europesays.com\/fr\/wp-json\/wp\/v2\/posts\/382060","targetHints":{"allow":["GET"]}}],"collection":[{"href":"https:\/\/www.europesays.com\/fr\/wp-json\/wp\/v2\/posts"}],"about":[{"href":"https:\/\/www.europesays.com\/fr\/wp-json\/wp\/v2\/types\/post"}],"author":[{"embeddable":true,"href":"https:\/\/www.europesays.com\/fr\/wp-json\/wp\/v2\/users\/2"}],"replies":[{"embeddable":true,"href":"https:\/\/www.europesays.com\/fr\/wp-json\/wp\/v2\/comments?post=382060"}],"version-history":[{"count":0,"href":"https:\/\/www.europesays.com\/fr\/wp-json\/wp\/v2\/posts\/382060\/revisions"}],"wp:featuredmedia":[{"embeddable":true,"href":"https:\/\/www.europesays.com\/fr\/wp-json\/wp\/v2\/media\/382061"}],"wp:attachment":[{"href":"https:\/\/www.europesays.com\/fr\/wp-json\/wp\/v2\/media?parent=382060"}],"wp:term":[{"taxonomy":"category","embeddable":true,"href":"https:\/\/www.europesays.com\/fr\/wp-json\/wp\/v2\/categories?post=382060"},{"taxonomy":"post_tag","embeddable":true,"href":"https:\/\/www.europesays.com\/fr\/wp-json\/wp\/v2\/tags?post=382060"}],"curies":[{"name":"wp","href":"https:\/\/api.w.org\/{rel}","templated":true}]}}