{"id":382062,"date":"2025-09-11T06:11:12","date_gmt":"2025-09-11T06:11:12","guid":{"rendered":"https:\/\/www.europesays.com\/fr\/382062\/"},"modified":"2025-09-11T06:11:12","modified_gmt":"2025-09-11T06:11:12","slug":"violences-menaces-julien-cohen-d-affaire-conclue-dans-la-tourmente-face-a-ses-anciens-employes-et-son-epouse","status":"publish","type":"post","link":"https:\/\/www.europesays.com\/fr\/382062\/","title":{"rendered":"Violences, menaces\u2026 Julien Cohen d\u2019\u00ab\u00a0Affaire conclue\u00a0\u00bb dans la tourmente face \u00e0 ses anciens employ\u00e9s et son \u00e9pouse"},"content":{"rendered":"<p class=\"paragraph text_align_left lp-f-body-02\">Avec son parc, sa piscine et ses g\u00e9raniums, l\u2019h\u00f4tel du Relais fleuri se veut une halte de charme aux portes du <a href=\"https:\/\/www.leparisien.fr\/sciences\/cest-un-lieu-magique-ca-vous-envoute-le-morvan-devient-le-septieme-ciel-etoile-de-france-10-08-2025-6YJV4WMHHRGSFHKLNBKDL5L2GQ.php\" target=\"_blank\" rel=\"noreferrer nofollow noopener\">Morvan<\/a>, et de la cit\u00e9 m\u00e9di\u00e9vale d\u2019Avallon (<a href=\"https:\/\/www.leparisien.fr\/nievre-58\/\" target=\"_blank\" rel=\"noreferrer nofollow noopener\">Ni\u00e8vre<\/a>). Mais l\u2019entr\u00e9e est condamn\u00e9e depuis la mi-ao\u00fbt par un \u00e9pais cadenas. Les clients ont d\u00e9sert\u00e9. Les six employ\u00e9s restant se barricadent.<\/p>\n<p class=\"paragraph text_align_left lp-f-body-02\">Leurs adversaires sont leurs anciens coll\u00e8gues, et leur ancien patron : <a href=\"https:\/\/www.leparisien.fr\/culture-loisirs\/tv\/apres-son-depart-daffaire-conclue-la-nouvelle-vie-de-julien-cohen-17-01-2022-ZBHYDANAVRGJZK2L3U2GJ2MPIA.php\" target=\"_blank\" rel=\"noreferrer nofollow noopener\">Julien Cohen<\/a>, connu comme le brocanteur aux lunettes bleues de l\u2019\u00e9mission \u00ab Affaire conclue \u00bb, sur France 2. \u00ab J\u2019ai tr\u00e8s peur qu\u2019il vienne, j\u2019ai peur de ses r\u00e9actions \u00bb, confie une salari\u00e9e.<\/p>\n","protected":false},"excerpt":{"rendered":"Avec son parc, sa piscine et ses g\u00e9raniums, l\u2019h\u00f4tel du Relais fleuri se veut une halte de charme&hellip;\n","protected":false},"author":2,"featured_media":382063,"comment_status":"","ping_status":"","sticky":false,"template":"","format":"standard","meta":{"footnotes":""},"categories":[8],"tags":[459,58,59,118,1011,27],"class_list":{"0":"post-382062","1":"post","2":"type-post","3":"status-publish","4":"format-standard","5":"has-post-thumbnail","7":"category-divertissement","8":"tag-departements-horsidfo","9":"tag-divertissement","10":"tag-entertainment","11":"tag-faits-divers","12":"tag-fr","13":"tag-france"},"share_on_mastodon":{"url":"https:\/\/pubeurope.com\/@fr\/115184185180349860","error":""},"_links":{"self":[{"href":"https:\/\/www.europesays.com\/fr\/wp-json\/wp\/v2\/posts\/382062","targetHints":{"allow":["GET"]}}],"collection":[{"href":"https:\/\/www.europesays.com\/fr\/wp-json\/wp\/v2\/posts"}],"about":[{"href":"https:\/\/www.europesays.com\/fr\/wp-json\/wp\/v2\/types\/post"}],"author":[{"embeddable":true,"href":"https:\/\/www.europesays.com\/fr\/wp-json\/wp\/v2\/users\/2"}],"replies":[{"embeddable":true,"href":"https:\/\/www.europesays.com\/fr\/wp-json\/wp\/v2\/comments?post=382062"}],"version-history":[{"count":0,"href":"https:\/\/www.europesays.com\/fr\/wp-json\/wp\/v2\/posts\/382062\/revisions"}],"wp:featuredmedia":[{"embeddable":true,"href":"https:\/\/www.europesays.com\/fr\/wp-json\/wp\/v2\/media\/382063"}],"wp:attachment":[{"href":"https:\/\/www.europesays.com\/fr\/wp-json\/wp\/v2\/media?parent=382062"}],"wp:term":[{"taxonomy":"category","embeddable":true,"href":"https:\/\/www.europesays.com\/fr\/wp-json\/wp\/v2\/categories?post=382062"},{"taxonomy":"post_tag","embeddable":true,"href":"https:\/\/www.europesays.com\/fr\/wp-json\/wp\/v2\/tags?post=382062"}],"curies":[{"name":"wp","href":"https:\/\/api.w.org\/{rel}","templated":true}]}}