{"id":382066,"date":"2025-09-11T06:13:13","date_gmt":"2025-09-11T06:13:13","guid":{"rendered":"https:\/\/www.europesays.com\/fr\/382066\/"},"modified":"2025-09-11T06:13:13","modified_gmt":"2025-09-11T06:13:13","slug":"le-patron-de-cnews-serge-nedjar-prend-la-tete-de-prisma-media-liberation","status":"publish","type":"post","link":"https:\/\/www.europesays.com\/fr\/382066\/","title":{"rendered":"Le patron de CNews Serge Nedjar prend la t\u00eate de Prisma M\u00e9dia \u2013 Lib\u00e9ration"},"content":{"rendered":"<p class=\"sc-cPiKLX AiZTS text-element\">Le patron de CNews, Serge Nedjar, proche de Vincent Bollor\u00e9, a \u00e9t\u00e9 nomm\u00e9 mercredi directeur des r\u00e9dactions du groupe de magazines Prisma Media, \u00e9galement dans le giron du milliardaire conservateur, selon un message aux salari\u00e9s consult\u00e9 par l\u2019AFP, ce qui suscite des craintes en interne. \u00abSerge Nedjar est nomm\u00e9 directeur des r\u00e9dactions Femme, TV, Ludique, D\u00e9couverte et Economique\u00bb, \u00e9crit Arnaud Lagard\u00e8re, nouveau pr\u00e9sident de Prisma Media (Voici, Capital, Femme actuelle, T\u00e9l\u00e9-Loisirs&#8230;), dans ce message d\u00e9voil\u00e9 par le magazine Challenges. <\/p>\n<p class=\"sc-cPiKLX AiZTS text-element\"><a href=\"https:\/\/www.liberation.fr\/futurs\/2016\/12\/20\/i-tele-bollore-nomme-un-nouveau-comite-d-ethique-tres-inoffensif_1536452\/\" target=\"_blank\" rel=\"noreferrer noopener\" title=\"https:\/\/www.liberation.fr\/futurs\/2016\/12\/20\/i-tele-bollore-nomme-un-nouveau-comite-d-ethique-tres-inoffensif_1536452\/\">Nedjar<\/a> conserve ses fonctions \u00e0 CNews. A Prisma Media, il est sous l\u2019autorit\u00e9 du nouveau vice-pr\u00e9sident G\u00e9rald-Brice Viret, \u00e9galement directeur g\u00e9n\u00e9ral de Canal+ France, auquel appartient CNews. \u00abIl arrive ce que nous avons craint depuis longtemps: c\u2019est vraiment le d\u00e9but de l\u2019offensive r\u00e9actionnaire de Bollor\u00e9 sur Prisma Media\u00bb, a d\u00e9clar\u00e9 \u00e0 l\u2019AFP Emmanuel Vire, d\u00e9l\u00e9gu\u00e9 syndical SNJ-CGT du groupe. <\/p>\n<p class=\"sc-cPiKLX AiZTS text-element\">Ces nominations suivent le d\u00e9part fin ao\u00fbt de la pr\u00e9sidente de Prisma Media, Claire L\u00e9ost, partie pour CMA Media (la radio RMC et la cha\u00eene BFMTV). Elle a \u00e9t\u00e9 remplac\u00e9e par Arnaud Lagard\u00e8re, \u00e9galement vice-pr\u00e9sident du conseil d\u2019administration de Louis Hachette Group, auquel appartient Prisma.<\/p>\n<p class=\"sc-cPiKLX AiZTS text-element\">Vivendi, groupe contr\u00f4l\u00e9 par Bollor\u00e9 \u00e0 partir de 2014, a rachet\u00e9 <a href=\"https:\/\/www.liberation.fr\/france\/2020\/12\/14\/vivendi-en-passe-de-croquer-prisma-media_1808599\/\" target=\"_blank\" rel=\"noreferrer noopener\" title=\"https:\/\/www.liberation.fr\/france\/2020\/12\/14\/vivendi-en-passe-de-croquer-prisma-media_1808599\/\">Prisma Media en 2021<\/a>, et \u00e9tait d\u00e9j\u00e0 propri\u00e9taire de Canal+. En d\u00e9cembre dernier, ce g\u00e9ant s\u2019est scind\u00e9 en quatre entit\u00e9s distinctes: Canal+, Havas (communication), Louis Hachette Group (\u00e9dition et m\u00e9dias, dont <a href=\"https:\/\/www.liberation.fr\/idees-et-debats\/tribunes\/europe-1-et-bollore-repensons-la-propriete-des-medias-20210223_QKLCTFMKUNCUDKXPU2A3YZITR4\/\" target=\"_blank\" rel=\"noreferrer noopener\" title=\"https:\/\/www.liberation.fr\/idees-et-debats\/tribunes\/europe-1-et-bollore-repensons-la-propriete-des-medias-20210223_QKLCTFMKUNCUDKXPU2A3YZITR4\/\">Europe 1<\/a> et <a href=\"https:\/\/www.liberation.fr\/economie\/medias\/crise-au-jdd-vincent-bollore-use-de-son-extreme-droit-20230630_ZDXVBGTGR5AHNOJ2HBJXISFC4E\/\" target=\"_blank\" rel=\"noreferrer noopener\" title=\"https:\/\/www.liberation.fr\/economie\/medias\/crise-au-jdd-vincent-bollore-use-de-son-extreme-droit-20230630_ZDXVBGTGR5AHNOJ2HBJXISFC4E\/\">le JDD<\/a> via le groupe Lagard\u00e8re) et ce qu\u2019il reste de la holding Vivendi. <\/p>\n<p class=\"sc-cPiKLX AiZTS text-element\">Par ailleurs, <a href=\"https:\/\/www.liberation.fr\/economie\/medias\/ce-serait-une-catastrophe-au-parisien-les-rumeurs-de-rachat-par-bollore-petrifient-la-redaction-20250909_TG2LI7CQY5GRPP64M2UA7TYZ6M\/\" target=\"_blank\" rel=\"noreferrer noopener\" title=\"https:\/\/www.liberation.fr\/economie\/medias\/ce-serait-une-catastrophe-au-parisien-les-rumeurs-de-rachat-par-bollore-petrifient-la-redaction-20250909_TG2LI7CQY5GRPP64M2UA7TYZ6M\/\">journalistes et syndicats du Parisien\/Aujourd\u2019hui en France<\/a> se sont alarm\u00e9s mardi de l\u2019hypoth\u00e8se d\u2019une vente du quotidien \u00abau groupe Bollor\u00e9\u00bb par le g\u00e9ant du luxe LVMH, apr\u00e8s des rumeurs r\u00e9currentes. <\/p>\n","protected":false},"excerpt":{"rendered":"Le patron de CNews, Serge Nedjar, proche de Vincent Bollor\u00e9, a \u00e9t\u00e9 nomm\u00e9 mercredi directeur des r\u00e9dactions du&hellip;\n","protected":false},"author":2,"featured_media":382067,"comment_status":"","ping_status":"","sticky":false,"template":"","format":"standard","meta":{"footnotes":""},"categories":[6],"tags":[35,9722,33,34,1011,27,43528,1022],"class_list":{"0":"post-382066","1":"post","2":"type-post","3":"status-publish","4":"format-standard","5":"has-post-thumbnail","7":"category-economie","8":"tag-business","9":"tag-cnews","10":"tag-economie","11":"tag-economy","12":"tag-fr","13":"tag-france","14":"tag-jdd","15":"tag-vincent-bollore"},"share_on_mastodon":{"url":"https:\/\/pubeurope.com\/@fr\/115184192964993483","error":""},"_links":{"self":[{"href":"https:\/\/www.europesays.com\/fr\/wp-json\/wp\/v2\/posts\/382066","targetHints":{"allow":["GET"]}}],"collection":[{"href":"https:\/\/www.europesays.com\/fr\/wp-json\/wp\/v2\/posts"}],"about":[{"href":"https:\/\/www.europesays.com\/fr\/wp-json\/wp\/v2\/types\/post"}],"author":[{"embeddable":true,"href":"https:\/\/www.europesays.com\/fr\/wp-json\/wp\/v2\/users\/2"}],"replies":[{"embeddable":true,"href":"https:\/\/www.europesays.com\/fr\/wp-json\/wp\/v2\/comments?post=382066"}],"version-history":[{"count":0,"href":"https:\/\/www.europesays.com\/fr\/wp-json\/wp\/v2\/posts\/382066\/revisions"}],"wp:featuredmedia":[{"embeddable":true,"href":"https:\/\/www.europesays.com\/fr\/wp-json\/wp\/v2\/media\/382067"}],"wp:attachment":[{"href":"https:\/\/www.europesays.com\/fr\/wp-json\/wp\/v2\/media?parent=382066"}],"wp:term":[{"taxonomy":"category","embeddable":true,"href":"https:\/\/www.europesays.com\/fr\/wp-json\/wp\/v2\/categories?post=382066"},{"taxonomy":"post_tag","embeddable":true,"href":"https:\/\/www.europesays.com\/fr\/wp-json\/wp\/v2\/tags?post=382066"}],"curies":[{"name":"wp","href":"https:\/\/api.w.org\/{rel}","templated":true}]}}