{"id":382068,"date":"2025-09-11T06:14:12","date_gmt":"2025-09-11T06:14:12","guid":{"rendered":"https:\/\/www.europesays.com\/fr\/382068\/"},"modified":"2025-09-11T06:14:12","modified_gmt":"2025-09-11T06:14:12","slug":"la-pologne-met-en-garde-contre-un-conflit-ouvert-avec-la-russie","status":"publish","type":"post","link":"https:\/\/www.europesays.com\/fr\/382068\/","title":{"rendered":"La Pologne met en garde contre un \u00ab\u00a0conflit ouvert\u00a0\u00bb avec la Russie\u2026"},"content":{"rendered":"<p>Zelensky veut une r\u00e9ponse plus ferme de ses alli\u00e9s<\/p>\n<p>Evoquant un \u00ab\u00a0ciblage d\u00e9lib\u00e9r\u00e9\u00a0\u00bb, le pr\u00e9sident ukrainien Volodymyr Zelensky a affirm\u00e9 mercredi qu\u2019au moins huit drones russes avaient \u00e9t\u00e9 \u00ab\u00a0dirig\u00e9s vers la Pologne\u00a0\u00bb. Simultan\u00e9ment, la Russie a envoy\u00e9 458 drones et missiles contre l\u2019Ukraine, selon l\u2019arm\u00e9e ukrainienne.<\/p>\n<p>\u00ab\u00a0L\u2019Ukraine propose depuis longtemps \u00e0 ses partenaires la cr\u00e9ation d\u2019un syst\u00e8me commun de d\u00e9fense antia\u00e9rienne afin de garantir la destruction\u00a0\u00bb de ces engins, a expliqu\u00e9 Volodymyr Zelensky. Dans la soir\u00e9e, il a regrett\u00e9 le \u00ab\u00a0manque d\u2019action\u00a0\u00bb et de \u00ab\u00a0r\u00e9ponse ferme\u00a0\u00bb des dirigeants occidentaux, au-del\u00e0 des \u00ab\u00a0d\u00e9clarations\u00a0\u00bb.<\/p>\n<p>Merz et Macron mettent en garde Moscou<\/p>\n<p>L\u2019intrusion des drones russes en Pologne met en col\u00e8re une partie des dirigeants de l\u2019Union europ\u00e9enne. Le chancelier allemand Friedrich Merz a d\u00e9nonc\u00e9 une \u00ab\u00a0action agressive\u00a0\u00bb de la Russie, et Emmanuel Macron a mis en garde Moscou contre une \u00ab\u00a0fuite en avant\u00a0\u00bb.<\/p>\n<p>La Russie d\u00e9ment avoir voulu \u00ab\u00a0attaquer des cibles\u00a0\u00bb en Pologne<\/p>\n<p>La Russie a oppos\u00e9 un d\u00e9menti laconique aux accusations sur ses drones, son minist\u00e8re de la D\u00e9fense indiquant n\u2019avoir pas eu de projets \u00ab\u00a0d\u2019attaquer des cibles\u00a0\u00bb sur le sol polonais. L\u2019ambassade russe \u00e0 Varsovie a relev\u00e9 que la Pologne n\u2019avait pas apport\u00e9 de \u00ab\u00a0preuves\u00a0\u00bb de ses affirmations.<\/p>\n<p>La diplomatie russe a en d\u00e9finitive accus\u00e9 la Pologne de vouloir \u00ab\u00a0aggraver\u00a0\u00bb la situation par des accusations infond\u00e9es.<\/p>\n<p>Pour Varsovie, l\u2019intrusion des drones russes \u00ab\u00a0n\u2019\u00e9tait pas un fait accidentel\u00a0\u00bb<\/p>\n<p>Au total 14 drones ont \u00e9t\u00e9 retrouv\u00e9s en Pologne, selon la porte-parole du minist\u00e8re de l\u2019Int\u00e9rieur Karolina Galecka. Le minist\u00e8re avait auparavant \u00e9galement fait \u00e9tat de la d\u00e9couverte de d\u00e9bris d\u2019un projectile non identifi\u00e9, et indiqu\u00e9 qu\u2019une maison et une voiture avaient \u00e9t\u00e9 endommag\u00e9es dans l\u2019est de la Pologne.<\/p>\n<p>\u00ab\u00a0Nous n\u2019avons aucun doute que ce n\u2019\u00e9tait pas un fait accidentel\u00a0\u00bb, a soulign\u00e9 le ministre polonais des Affaires \u00e9trang\u00e8res Radoslaw Sikorski, qui a d\u00e9nonc\u00e9 \u00ab\u00a0un cas d\u2019attaque sans pr\u00e9c\u00e9dent, non seulement sur le territoire de la Pologne mais aussi sur celui de l\u2019Otan et de l\u2019Union europ\u00e9enne\u00a0\u00bb.<\/p>\n<p>La Pologne met en garde contre un \u00ab\u00a0conflit ouvert\u00a0\u00bb avec la Russie<\/p>\n<p>La Pologne, soutenue par ses alli\u00e9s, a mis en garde mercredi contre un \u00ab\u00a0conflit ouvert\u00a0\u00bb avec la Russie apr\u00e8s l\u2019intrusion d\u2019une vingtaine de drones attribu\u00e9s \u00e0 l\u2019arm\u00e9e russe sur le territoire de ce pays de l\u2019UE frontalier de l\u2019Ukraine, qui a n\u00e9cessit\u00e9 l\u2019intervention d\u2019avions de l\u2019Otan.<\/p>\n<p>Selon le Premier ministre polonais, Donald Tusk, ce sont 19 appareils au moins qui ont p\u00e9n\u00e9tr\u00e9 le territoire du pays dans la nuit. Ni les drones, dont au moins trois ont \u00e9t\u00e9 abattus, ni leur destruction n\u2019ont fait de victimes, a d\u00e9clar\u00e9 Donald Tusk devant le Parlement polonais, mais cette \u00ab\u00a0action russe\u00a0\u00bb est de nature \u00e0 \u00ab\u00a0nous rapprocher plus que cela n\u2019a jamais \u00e9t\u00e9 d\u2019un conflit ouvert depuis la Seconde Guerre mondiale\u00a0\u00bb, a-t-il d\u00e9clar\u00e9.<\/p>\n<p>Bienvenue dans ce nouveau Live<\/p>\n<p>Bonjour \u00e0 toutes et \u00e0 tous. Comme chaque jour, la r\u00e9daction de 20 Minutes est mobilis\u00e9e pour vous donner l\u2019ensemble des informations sur le conflit entre Kiev et Moscou.<\/p>\n<p>La tension est depuis mercredi \u00e0 son comble entre l\u2019Otan et la Russie. L\u2019intrusion de drones russes dans l\u2019espace a\u00e9rien polonais a vivement fait r\u00e9agir les alli\u00e9s de l\u2019Ukraine. Et plusieurs dirigeants, dont le secr\u00e9taire g\u00e9n\u00e9ral des Nations unies Antonio Guterres, craignent d\u00e9sormais une extension du conflit ukrainien.<\/p>\n","protected":false},"excerpt":{"rendered":"Zelensky veut une r\u00e9ponse plus ferme de ses alli\u00e9s Evoquant un \u00ab\u00a0ciblage d\u00e9lib\u00e9r\u00e9\u00a0\u00bb, le pr\u00e9sident ukrainien Volodymyr Zelensky&hellip;\n","protected":false},"author":2,"featured_media":382069,"comment_status":"","ping_status":"","sticky":false,"template":"","format":"standard","meta":{"footnotes":""},"categories":[5],"tags":[47,11,73,1011,27,131,14,74,12,136,2437,132,555,133,135,134,28],"class_list":{"0":"post-382068","1":"post","2":"type-post","3":"status-publish","4":"format-standard","5":"has-post-thumbnail","7":"category-international","8":"tag-actualite","9":"tag-actualites","10":"tag-etats-unis","11":"tag-fr","12":"tag-france","13":"tag-guerre-en-ukraine","14":"tag-international","15":"tag-monde","16":"tag-news","17":"tag-otan","18":"tag-pologne","19":"tag-russie","20":"tag-union-europeenne-ue","21":"tag-video","22":"tag-vladimir-poutine","23":"tag-volodymyr-zelensky","24":"tag-world"},"share_on_mastodon":{"url":"https:\/\/pubeurope.com\/@fr\/115184196849749668","error":""},"_links":{"self":[{"href":"https:\/\/www.europesays.com\/fr\/wp-json\/wp\/v2\/posts\/382068","targetHints":{"allow":["GET"]}}],"collection":[{"href":"https:\/\/www.europesays.com\/fr\/wp-json\/wp\/v2\/posts"}],"about":[{"href":"https:\/\/www.europesays.com\/fr\/wp-json\/wp\/v2\/types\/post"}],"author":[{"embeddable":true,"href":"https:\/\/www.europesays.com\/fr\/wp-json\/wp\/v2\/users\/2"}],"replies":[{"embeddable":true,"href":"https:\/\/www.europesays.com\/fr\/wp-json\/wp\/v2\/comments?post=382068"}],"version-history":[{"count":0,"href":"https:\/\/www.europesays.com\/fr\/wp-json\/wp\/v2\/posts\/382068\/revisions"}],"wp:featuredmedia":[{"embeddable":true,"href":"https:\/\/www.europesays.com\/fr\/wp-json\/wp\/v2\/media\/382069"}],"wp:attachment":[{"href":"https:\/\/www.europesays.com\/fr\/wp-json\/wp\/v2\/media?parent=382068"}],"wp:term":[{"taxonomy":"category","embeddable":true,"href":"https:\/\/www.europesays.com\/fr\/wp-json\/wp\/v2\/categories?post=382068"},{"taxonomy":"post_tag","embeddable":true,"href":"https:\/\/www.europesays.com\/fr\/wp-json\/wp\/v2\/tags?post=382068"}],"curies":[{"name":"wp","href":"https:\/\/api.w.org\/{rel}","templated":true}]}}