{"id":382072,"date":"2025-09-11T06:17:11","date_gmt":"2025-09-11T06:17:11","guid":{"rendered":"https:\/\/www.europesays.com\/fr\/382072\/"},"modified":"2025-09-11T06:17:11","modified_gmt":"2025-09-11T06:17:11","slug":"roche-la-moliere-apres-le-festival-de-street-art-un-projet-ambitieux-pour-promouvoir-lart-de-rue","status":"publish","type":"post","link":"https:\/\/www.europesays.com\/fr\/382072\/","title":{"rendered":"Roche-la-Moli\u00e8re. Apr\u00e8s le festival de street art, un projet ambitieux pour promouvoir l\u2019art de rue"},"content":{"rendered":"<p>En 2001, les rappeurs marseillais de la Fonky Family chantaient leur gloire \u00e0 l\u2019Art de rue. \u00c0 Roche-la-Moli\u00e8re, le street art re\u00e7oit les louanges depuis 2014 et la cr\u00e9ation un an plus tard du Safir, dont la huiti\u00e8me \u00e9dition en dix ans se d\u00e9roule ce week-end. Pour la derni\u00e8re fois.<\/p>\n<p>Apr\u00e8s 37 fresques r\u00e9alis\u00e9es sur le domaine public et une d\u00e9cennie \u00e0 lancer, confirmer puis\u00a0relancer le festival apr\u00e8s le Covid, les pr\u00e9curseurs de la promotion du mouvement artistique ces derni\u00e8res ann\u00e9es dans les environs arrivent en fin de cycle. \u00ab\u00a0Nous sommes \u00e0 un tournant. Soit on arr\u00eate, soit on continue \u00e0 d\u00e9velopper l\u2019art urbain en g\u00e9n\u00e9ral\u00a0\u00bb, explique le maire Eric Berlivet, \u00e0 l\u2019origine du Safir avec l\u2019artiste Fernando Davila,&#8230;<\/p>\n","protected":false},"excerpt":{"rendered":"En 2001, les rappeurs marseillais de la Fonky Family chantaient leur gloire \u00e0 l\u2019Art de rue. \u00c0 Roche-la-Moli\u00e8re,&hellip;\n","protected":false},"author":2,"featured_media":382073,"comment_status":"","ping_status":"","sticky":false,"template":"","format":"standard","meta":{"footnotes":""},"categories":[9653],"tags":[1111,11,2430,1687,7539,1777,674,2271,1011,27,12,25,12490,12491,4001],"class_list":{"0":"post-382072","1":"post","2":"type-post","3":"status-publish","4":"format-standard","5":"has-post-thumbnail","7":"category-saint-etienne","8":"tag-actu","9":"tag-actualites","10":"tag-auvergne-rhone-alpes","11":"tag-culture-loisirs","12":"tag-edition-loire-sud","13":"tag-eu","14":"tag-europe","15":"tag-exposition-arts-plastiques","16":"tag-fr","17":"tag-france","18":"tag-news","19":"tag-republique-francaise","20":"tag-roche-la-moliere","21":"tag-roche-la-moliere-bassin","22":"tag-saint-etienne"},"share_on_mastodon":{"url":"https:\/\/pubeurope.com\/@fr\/115184208617649015","error":""},"_links":{"self":[{"href":"https:\/\/www.europesays.com\/fr\/wp-json\/wp\/v2\/posts\/382072","targetHints":{"allow":["GET"]}}],"collection":[{"href":"https:\/\/www.europesays.com\/fr\/wp-json\/wp\/v2\/posts"}],"about":[{"href":"https:\/\/www.europesays.com\/fr\/wp-json\/wp\/v2\/types\/post"}],"author":[{"embeddable":true,"href":"https:\/\/www.europesays.com\/fr\/wp-json\/wp\/v2\/users\/2"}],"replies":[{"embeddable":true,"href":"https:\/\/www.europesays.com\/fr\/wp-json\/wp\/v2\/comments?post=382072"}],"version-history":[{"count":0,"href":"https:\/\/www.europesays.com\/fr\/wp-json\/wp\/v2\/posts\/382072\/revisions"}],"wp:featuredmedia":[{"embeddable":true,"href":"https:\/\/www.europesays.com\/fr\/wp-json\/wp\/v2\/media\/382073"}],"wp:attachment":[{"href":"https:\/\/www.europesays.com\/fr\/wp-json\/wp\/v2\/media?parent=382072"}],"wp:term":[{"taxonomy":"category","embeddable":true,"href":"https:\/\/www.europesays.com\/fr\/wp-json\/wp\/v2\/categories?post=382072"},{"taxonomy":"post_tag","embeddable":true,"href":"https:\/\/www.europesays.com\/fr\/wp-json\/wp\/v2\/tags?post=382072"}],"curies":[{"name":"wp","href":"https:\/\/api.w.org\/{rel}","templated":true}]}}