{"id":382078,"date":"2025-09-11T06:21:13","date_gmt":"2025-09-11T06:21:13","guid":{"rendered":"https:\/\/www.europesays.com\/fr\/382078\/"},"modified":"2025-09-11T06:21:13","modified_gmt":"2025-09-11T06:21:13","slug":"a-carqueiranne-une-nouvelle-signaletique-aux-points-dentree-des-massifs","status":"publish","type":"post","link":"https:\/\/www.europesays.com\/fr\/382078\/","title":{"rendered":"A Carqueiranne, une nouvelle signal\u00e9tique aux points d\u2019entr\u00e9e des massifs"},"content":{"rendered":"<p>Des b\u00e9n\u00e9voles du Comit\u00e9 communal des feux de for\u00eats (CCFF) se sont retrouv\u00e9s au col du Serre en pr\u00e9sence du maire, Arnaud Latil, et du directeur des services techniques, Yvonnick Boetti, afin d\u2019inaugurer le nouveau panneau d\u2019acc\u00e8s au massif forestier. Une signal\u00e9tique plus compl\u00e8te et plus p\u00e9dagogique indique le niveau de risque incendie et les conditions d\u2019acc\u00e8s au massif. Et surtout une signal\u00e9tique bilingue, fran\u00e7ais anglais, afin de s\u2019assurer que les touristes aient, eux aussi, pleine conscience des consignes et des risques.<\/p>\n<p>Les panneaux ont \u00e9t\u00e9 con\u00e7us la houlette du CCFF et de son amicale, s\u2019inspirant d\u2019autres communes, notamment Solli\u00e8s. Aujourd\u2019hui, ce sont Hy\u00e8res et Ollioules qui s\u2019int\u00e9ressent au mod\u00e8le carqueirannais. Les retours \u00e9tant concluants apr\u00e8s plusieurs semaines de tests sur quatre acc\u00e8s majeurs, la nouvelle signal\u00e9tique va \u00eatre g\u00e9n\u00e9ralis\u00e9e \u00e0 l\u2019ensemble des quatorze acc\u00e8s aux massifs forestiers que compte la commune.<\/p>\n<p>Fran\u00e7ois-Marie Perrin, pr\u00e9sident de l\u2019Amicale du comit\u00e9 communal des feux de for\u00eats, a remerci\u00e9 le Rotary pour sa participation au financement de l\u2019op\u00e9ration. M\u00eame si aucun d\u00e9part de feu n\u2019a \u00e9t\u00e9 enregistr\u00e9 de juin \u00e0 ao\u00fbt, il est encore trop t\u00f4t pour tirer un bilan d\u00e9finitif de la saison estivale. Le risque incendie subsiste en septembre. La vigilance reste de mise et le CCFF mobilis\u00e9.<\/p>\n<p>Il convient de lire les consignes avant tout acc\u00e8s aux massifs. Les niveaux de risques sont \u00e9galement disponibles sur www.risque-prevention-incendies.fr.<\/p>\n<p>Arnaud Latil a vivement remerci\u00e9 la quarantaine de b\u00e9n\u00e9voles pour leur engagement au service de la s\u00e9curit\u00e9 des Carqueirannais. \u00ab\u00a0Surveiller. Alerter. Informer. Guider. Accompagner\u00a0\u00bb: telles sont les missions des hommes et femmes en orange dont l\u2019action ne se limite pas au risque incendie. Face \u00e0 un \u00e9v\u00e9nement climatique, une crise ou un \u00e9v\u00e8nement majeur, ils interviennent en tant que R\u00e9serve communale de s\u00e9curit\u00e9 civile (RCSC), un dispositif permettant au maire de mobiliser des moyens humains compl\u00e9mentaires aux services municipaux. La commune adh\u00e8re \u00e9galement \u00e0 t\u00e9l\u00e9-alerte, le syst\u00e8me d\u2019information et d\u2019alerte de la m\u00e9tropole: \u00ab\u00a0En cas de survenance d\u2019un \u00e9v\u00e8nement exceptionnel, il permet d\u2019en informer imm\u00e9diatement les personnes concern\u00e9es et de leur indiquer la conduite \u00e0 tenir\u00a0\u00bb, explique TPM. Afin de recevoir une information fiable et en temps r\u00e9el lors d\u2019une situation d\u2019urgence, les habitants sont invit\u00e9s \u00e0 s\u2019inscrire au dispositif \u00ab\u00a0en moins de deux minutes\u00a0\u00bb.<\/p>\n<p>Inscription t\u00e9l\u00e9-alerte: www.carqueiranne.fr. Amicale du comit\u00e9 communal des feux de for\u00eats de Carqueiranne: 06.33.52.81.93.<\/p>\n","protected":false},"excerpt":{"rendered":"Des b\u00e9n\u00e9voles du Comit\u00e9 communal des feux de for\u00eats (CCFF) se sont retrouv\u00e9s au col du Serre en&hellip;\n","protected":false},"author":2,"featured_media":382079,"comment_status":"","ping_status":"","sticky":false,"template":"","format":"standard","meta":{"footnotes":""},"categories":[9619],"tags":[1111,11,436,1777,674,1011,27,12,882,25,2310,3366],"class_list":{"0":"post-382078","1":"post","2":"type-post","3":"status-publish","4":"format-standard","5":"has-post-thumbnail","7":"category-toulon","8":"tag-actu","9":"tag-actualites","10":"tag-environnement","11":"tag-eu","12":"tag-europe","13":"tag-fr","14":"tag-france","15":"tag-news","16":"tag-provence-alpes-cote-dazur","17":"tag-republique-francaise","18":"tag-toulon","19":"tag-vie-locale"},"share_on_mastodon":{"url":"https:\/\/pubeurope.com\/@fr\/115184224544385036","error":""},"_links":{"self":[{"href":"https:\/\/www.europesays.com\/fr\/wp-json\/wp\/v2\/posts\/382078","targetHints":{"allow":["GET"]}}],"collection":[{"href":"https:\/\/www.europesays.com\/fr\/wp-json\/wp\/v2\/posts"}],"about":[{"href":"https:\/\/www.europesays.com\/fr\/wp-json\/wp\/v2\/types\/post"}],"author":[{"embeddable":true,"href":"https:\/\/www.europesays.com\/fr\/wp-json\/wp\/v2\/users\/2"}],"replies":[{"embeddable":true,"href":"https:\/\/www.europesays.com\/fr\/wp-json\/wp\/v2\/comments?post=382078"}],"version-history":[{"count":0,"href":"https:\/\/www.europesays.com\/fr\/wp-json\/wp\/v2\/posts\/382078\/revisions"}],"wp:featuredmedia":[{"embeddable":true,"href":"https:\/\/www.europesays.com\/fr\/wp-json\/wp\/v2\/media\/382079"}],"wp:attachment":[{"href":"https:\/\/www.europesays.com\/fr\/wp-json\/wp\/v2\/media?parent=382078"}],"wp:term":[{"taxonomy":"category","embeddable":true,"href":"https:\/\/www.europesays.com\/fr\/wp-json\/wp\/v2\/categories?post=382078"},{"taxonomy":"post_tag","embeddable":true,"href":"https:\/\/www.europesays.com\/fr\/wp-json\/wp\/v2\/tags?post=382078"}],"curies":[{"name":"wp","href":"https:\/\/api.w.org\/{rel}","templated":true}]}}