{"id":382098,"date":"2025-09-11T06:31:13","date_gmt":"2025-09-11T06:31:13","guid":{"rendered":"https:\/\/www.europesays.com\/fr\/382098\/"},"modified":"2025-09-11T06:31:13","modified_gmt":"2025-09-11T06:31:13","slug":"strasbourg-au-parc-de-la-citadelle-deux-concerts-de-la-bande-son-ces-13-et-14-septembre","status":"publish","type":"post","link":"https:\/\/www.europesays.com\/fr\/382098\/","title":{"rendered":"Strasbourg. Au parc de la Citadelle, deux concerts de La Bande Son ces 13 et 14 septembre"},"content":{"rendered":"<p>Le collectif La Bande Son propose deux spectacles musicaux, au parc de la Citadelle, au festival de la Ceinture verte. Il y aura donc deux fois plus de plaisir pour le public samedi\u00a013 et dimanche 14\u00a0septembre, \u00ab\u00a0avec des chansons de diff\u00e9rentes g\u00e9n\u00e9rations et de diff\u00e9rents genres musicaux\u00a0\u00bb, pr\u00e9cise Michel Reverdy, musicien de La Bande Son. <\/p>\n<p>Samedi, <a href=\"https:\/\/www.dna.fr\/culture-loisirs\/2024\/09\/19\/le-petit-prince-lu-chante-et-dessine\" target=\"_blank\" rel=\"noopener\">le spectacle \u201cLe Petit Prince\u201d invite au r\u00eave en m\u00ealant chant, narration et dessin<\/a> pour une exp\u00e9rience unique et magique. Des passages du livre de Saint-Exup\u00e9ry seront lus par trois jeunes enfants, entrecoup\u00e9s de chansons interpr\u00e9t\u00e9es par La Bande Son en r\u00e9sonance avec le th\u00e8me\u2026 Le tout accompagn\u00e9 de dessins r\u00e9alis\u00e9s en live par le dessinateur Laurent Salles \u2013moment captivant\u2013 et projet\u00e9s sur un mur led.<\/p>\n<p>  Le th\u00e8me de la nature et de l\u2019environnement<\/p>\n<p>Dimanche, cinq chanteurs et quatre musiciens vous offriront un concert \u2013\u201cMessage in a bottle\u201d\u2013 sur le th\u00e8me de la nature et de la pr\u00e9servation de l\u2019environnement, th\u00e8me cher \u00e0 leur c\u0153ur. \u00ab\u00a0Notre objectif en tant qu\u2019artistes est de sensibiliser le public \u00e0 notre niveau et de \u201clancer une bouteille \u00e0 la mer\u201d\u00a0(le titre du concert, NDLR) qui ne sera peut-\u00eatre jamais retrouv\u00e9e, mais nous aurons fait notre travail de pr\u00e9vention\u00a0!\u00a0\u00bb, sourit Michel Reverdy. De Earth Song de Michael Jackson \u00e0 Tout va bien \u00a0 d\u2019<a href=\"https:\/\/www.dna.fr\/p\/orelsan\" target=\"_blank\" rel=\"noopener\">Orelsan<\/a>, en passant par \u00a0 Respire \u00a0 de Mickey 3D et Beds are burning de Midnight Oil, \u00ab\u00a0le but est d\u2019\u00e9voquer l\u2019\u00e9cologie avec diff\u00e9rents registres, qui plus est dans un parc et en cl\u00f4ture des journ\u00e9es du village des associations, ce qui fait doublement sens\u00a0\u00bb, ajoute L\u00e9o Singler, chanteur \u00e0 La Bande Son et membre du groupe de rock ABYS. <\/p>\n<p>  Un festival avec de nombreuses animations<\/p>\n<p>Le festival de la Ceinture verte est un temps festif de d\u00e9couvertes rythm\u00e9 <a href=\"https:\/\/www.calameo.com\/read\/001821919dc7a23753e8a\" target=\"_blank\" rel=\"noopener\">de nombreuses animations<\/a> \u00a0: balades, visites, ateliers, conf\u00e9rences, animations artistiques et musicales, jeu d\u2019aventure avec \u00e9nigme, trail urbain\u2026<\/p>\n<p>Ce parcours artistique se d\u00e9roule du samedi\u00a013 au dimanche 21\u00a0septembre avec le concours de nombreuses associations et artistes.<\/p>\n<p>N\u2019h\u00e9sitez pas \u00e0 les contacter pour participer au festival 2026, qui a pour projet un parcours artistique sur l\u2019eau\u2026 De quoi voguer entre nature et flots.<\/p>\n<p class=\"note\">\u201cLe Petit Prince\u201d samedi 13\u00a0septembre \u00e0 19\u00a0h\u00a030 et \u201cMessage in a bottle\u201d dimanche 14\u00a0septembre \u00e0 17\u00a0h\u00a030 au parc de la Citadelle, au niveau du terrain de basket rue d\u2019Ankara.<\/p>\n","protected":false},"excerpt":{"rendered":"Le collectif La Bande Son propose deux spectacles musicaux, au parc de la Citadelle, au festival de la&hellip;\n","protected":false},"author":2,"featured_media":382099,"comment_status":"","ping_status":"","sticky":false,"template":"","format":"standard","meta":{"footnotes":""},"categories":[2820],"tags":[1111,11,1687,2880,1777,674,107,1011,27,775,12,25,3140,640,2879],"class_list":{"0":"post-382098","1":"post","2":"type-post","3":"status-publish","4":"format-standard","5":"has-post-thumbnail","7":"category-strasbourg","8":"tag-actu","9":"tag-actualites","10":"tag-culture-loisirs","11":"tag-edition-strasbourg","12":"tag-eu","13":"tag-europe","14":"tag-fil-info","15":"tag-fr","16":"tag-france","17":"tag-grand-est","18":"tag-news","19":"tag-republique-francaise","20":"tag-spectacle","21":"tag-strasbourg","22":"tag-strasbourg-ville"},"share_on_mastodon":{"url":"https:\/\/pubeurope.com\/@fr\/115184263726750756","error":""},"_links":{"self":[{"href":"https:\/\/www.europesays.com\/fr\/wp-json\/wp\/v2\/posts\/382098","targetHints":{"allow":["GET"]}}],"collection":[{"href":"https:\/\/www.europesays.com\/fr\/wp-json\/wp\/v2\/posts"}],"about":[{"href":"https:\/\/www.europesays.com\/fr\/wp-json\/wp\/v2\/types\/post"}],"author":[{"embeddable":true,"href":"https:\/\/www.europesays.com\/fr\/wp-json\/wp\/v2\/users\/2"}],"replies":[{"embeddable":true,"href":"https:\/\/www.europesays.com\/fr\/wp-json\/wp\/v2\/comments?post=382098"}],"version-history":[{"count":0,"href":"https:\/\/www.europesays.com\/fr\/wp-json\/wp\/v2\/posts\/382098\/revisions"}],"wp:featuredmedia":[{"embeddable":true,"href":"https:\/\/www.europesays.com\/fr\/wp-json\/wp\/v2\/media\/382099"}],"wp:attachment":[{"href":"https:\/\/www.europesays.com\/fr\/wp-json\/wp\/v2\/media?parent=382098"}],"wp:term":[{"taxonomy":"category","embeddable":true,"href":"https:\/\/www.europesays.com\/fr\/wp-json\/wp\/v2\/categories?post=382098"},{"taxonomy":"post_tag","embeddable":true,"href":"https:\/\/www.europesays.com\/fr\/wp-json\/wp\/v2\/tags?post=382098"}],"curies":[{"name":"wp","href":"https:\/\/api.w.org\/{rel}","templated":true}]}}