{"id":382104,"date":"2025-09-11T06:34:29","date_gmt":"2025-09-11T06:34:29","guid":{"rendered":"https:\/\/www.europesays.com\/fr\/382104\/"},"modified":"2025-09-11T06:34:29","modified_gmt":"2025-09-11T06:34:29","slug":"la-strategie-de-nice-cote-dazur-pour-le-tourisme","status":"publish","type":"post","link":"https:\/\/www.europesays.com\/fr\/382104\/","title":{"rendered":"La strat\u00e9gie de Nice C\u00f4te d&rsquo;Azur pour le tourisme"},"content":{"rendered":"<p><img loading=\"lazy\" decoding=\"async\" alt=\"\u00a9 D.R - Jean-S\u00e9bastien Martinez, directeur g\u00e9n\u00e9ral de l\u2019Office de tourisme m\u00e9tropolitain Nice C\u00f4te d'Azur.\" data-zoom-src=\"https:\/\/www.europesays.com\/fr\/wp-content\/uploads\/2025\/09\/initial-js-martinez-otm-nca-1.jpg\" data-zoomable=\"\" height=\"702\" src=\"https:\/\/www.europesays.com\/fr\/wp-content\/uploads\/2025\/09\/initial-js-martinez-otm-nca-1.jpg\" width=\"1248\"\/>  <\/p>\n<p class=\"article-desc\">\u00a9 D.R &#8211; Jean-S\u00e9bastien Martinez, directeur g\u00e9n\u00e9ral de l\u2019Office de tourisme m\u00e9tropolitain Nice C\u00f4te d&rsquo;Azur. <\/p>\n<p class=\"interview\"><strong>TPBM : Le site Ville de R\u00eave a attribu\u00e9 un \u00ab touriscore \u00bb de E (la moins bonne note) \u00e0 la ville de Nice en juin dernier. Qu\u2019est-ce que cela vous inspire ?<\/strong> <\/p>\n<p><a href=\"https:\/\/www.linkedin.com\/in\/jean-s%C3%A9bastien-martinez-3b8b4459\/?originalSubdomain=fr\" target=\"_blank\" rel=\"noopener\">Jean-S\u00e9bastien Martinez<\/a> : Je ne suis pas d\u2019accord, bien au contraire. Nous agissons pour ne pas \u00eatre concern\u00e9s par le <strong>surtourisme<\/strong>. Nous ne sommes pas Venise, ou la c\u00f4te espagnole, la cohabitation entre les touristes et les r\u00e9sidents se passe plut\u00f4t bien.\u00a0 <\/p>\n<p class=\"interview\"><strong>Que repr\u00e9sente, \u00e9conomiquement, le tourisme pour la m\u00e9tropole Nice C\u00f4te d\u2019Azur ?<\/strong> <\/p>\n<p>La <strong>m\u00e9tropole Nice C\u00f4te d\u2019Azur<\/strong> regroupe 51 communes, 8 ports et 5 stations de montagne. Le tourisme repr\u00e9sente <strong>la premi\u00e8re activit\u00e9 \u00e9conomique<\/strong> avec 2 \u00e0 3 Md\u20ac engendr\u00e9s sur la M\u00e9tropole. Et 27 000 emplois directs et indirects sont concern\u00e9s. <\/p>\n<p class=\"interview\"><strong>Lors de la c\u00e9r\u00e9monie de cl\u00f4ture de l\u2019Unoc (Conf\u00e9rence des Nations Unies sur l&rsquo;oc\u00e9an), en juin dernier, Christian Estrosi, maire de Nice et pr\u00e9sident de la M\u00e9tropole Nice C\u00f4te d\u2019Azur, a annonc\u00e9 des mesures pour \u00e9viter le surtourisme.\u00a0Qu\u2019en pensez-vous ?<\/strong> <\/p>\n<p>Nous sommes dans la droite ligne de ce discours. Nous souhaitons, \u00e0 titre d\u2019exemple, <strong>moins de bateaux de croisi\u00e8res<\/strong> afin de privil\u00e9gier ceux dont les passagers effectuent de r\u00e9elles d\u00e9penses sur le territoire. Nous allons ainsi chercher une client\u00e8le avec un certain pouvoir d\u2019achat et standing.<\/p>\n<p> <img decoding=\"async\" alt=\"\" class=\"img-align-center\" data-zoomable=\"\" loading=\"lazy\" src=\"https:\/\/www.europesays.com\/fr\/wp-content\/uploads\/2025\/09\/vieuxnice-villedenice-davidnouy.jpg\"\/> \u00a9 Ville de Nice \/ David Nouy &#8211; Quels \u00e9quilibres entre \u00e9conomie du tourisme et qualit\u00e9 de vie \u00e0 Nice ? <\/p>\n<p>Notre strat\u00e9gie pour monter en grade est claire et porte \u00e9galement sur les h\u00f4tels, avec d\u00e9j\u00e0 50\u00a0% des \u00e9tablissements class\u00e9s 4 ou 5 \u00e9toiles. La m\u00e9tropole se positionne ainsi <strong>contre les plateformes de type Airbnb<\/strong>, Abritel, etc. Et nous mettons en avant l&rsquo;offre h\u00f4teli\u00e8re existante. Du reste, l\u2019occupation h\u00f4teli\u00e8re sur l\u2019ann\u00e9e s\u2019\u00e9l\u00e8ve \u00e0 74\u00a0%. Avec un taux plus \u00e9lev\u00e9 en septembre qu\u2019en ao\u00fbt.<\/p>\n<blockquote>\n<p>Nous voulons \u00e9galement envoyer vers l\u2019autoroute les bus qui ne font que traverser la ville de Nice, situ\u00e9e entre mer et montagne. Et nous n\u2019h\u00e9sitons pas \u00e0 mettre en place des navettes r\u00e9guli\u00e8res de Nice \u00e0 Monaco, en passant par Eze pour <strong>limiter le flux de voitures<\/strong>. <\/p>\n<\/blockquote>\n<p>Enfin, nous allons prochainement proposer un moteur de recherche capable, en fonction de l\u2019affluence, de vous d\u00e9conseiller tel ou tel lieu touristique. Et de vous orienter vers un lieu plus accessible. L\u2019id\u00e9e, c\u2019est que tout le monde ne soit pas au m\u00eame moment au m\u00eame endroit. L\u2019offre du territoire est vaste, il est important de bien r\u00e9guler les flux. <\/p>\n<p class=\"interview\"><strong>Vous souhaitez donc concentrer vos efforts sur une partie des touristes, ceux qui ont un certain pouvoir d\u2019achat ?<\/strong><\/p>\n<p>Notre strat\u00e9gie est de proposer une exp\u00e9rience plus authentique. Nous ne voulons pas \u00eatre un mus\u00e9e \u00e0 ciel ouvert avec des r\u00e9sidents qui fuient les lieux. Donc oui <strong>nous recherchons une client\u00e8le avec un pouvoir d\u2019achat certain<\/strong>. <\/p>\n<p class=\"interview\"><strong>Vous voulez \u00e9galement \u00eatre une destination durable ?<\/strong> <\/p>\n<p>C\u2019est un sujet qui nous tient \u00e0 c\u0153ur. Nous participons \u00e0 la formation et \u00e0 l\u2019accompagnement des h\u00e9bergements qui souhaitent obtenir le label <strong>Cl\u00e9 Verte<\/strong>. Nous agissons pour renforcer la d\u00e9congestion du territoire. Cela passe \u00e9galement par une sensibilisation \u00e0 l\u2019eau et \u00e0 sa n\u00e9cessaire pr\u00e9servation. Enfin nous favorisons les visites du moyen et haut pays. Le jeu d\u2019exploration \u00ab <a href=\"https:\/\/www.explorenicecotedazur.com\/jeu-exploration-my-adventure\/\" rel=\"noopener\" target=\"_blank\">My adventure<\/a> \u00bb propose ainsi 31 aventures r\u00e9parties sur notre territoire, du littoral \u00e0 la haute montagne. <\/p>\n<p class=\"interview\"><strong>Vous donnez \u00e9galement une place importante au tourisme d&rsquo;affaires\u00a0?<\/strong> <\/p>\n<p>Clairement nous souhaitons d\u00e9velopper nos offres de congr\u00e8s, en t\u00e9moigne Oc\u00e9aNice, le <strong>nouveau centre des congr\u00e8s du Port de Nice<\/strong>. L&rsquo;id\u00e9e est de soutenir l\u2019activit\u00e9 \u00e9conomique avec des manifestations tout au long de l\u2019ann\u00e9e et notamment entre octobre et mars. Une fois que cette client\u00e8le professionnelle est arriv\u00e9e sur notre territoire nous faisons tout pour lui faciliter les d\u00e9placements et faire en sorte qu\u2019elle reste le plus de jours sur le territoire.<\/p>\n","protected":false},"excerpt":{"rendered":"\u00a9 D.R &#8211; Jean-S\u00e9bastien Martinez, directeur g\u00e9n\u00e9ral de l\u2019Office de tourisme m\u00e9tropolitain Nice C\u00f4te d&rsquo;Azur. TPBM : Le&hellip;\n","protected":false},"author":2,"featured_media":382105,"comment_status":"","ping_status":"","sticky":false,"template":"","format":"standard","meta":{"footnotes":""},"categories":[2819],"tags":[1111,11,51515,51514,1777,674,1011,27,12,2401,882,25,36841],"class_list":{"0":"post-382104","1":"post","2":"type-post","3":"status-publish","4":"format-standard","5":"has-post-thumbnail","7":"category-nice","8":"tag-actu","9":"tag-actualites","10":"tag-congru00e9s","11":"tag-croisiu00e8res","12":"tag-eu","13":"tag-europe","14":"tag-fr","15":"tag-france","16":"tag-news","17":"tag-nice","18":"tag-provence-alpes-cote-dazur","19":"tag-republique-francaise","20":"tag-tourisme-durable"},"share_on_mastodon":{"url":"https:\/\/pubeurope.com\/@fr\/115184275811010737","error":""},"_links":{"self":[{"href":"https:\/\/www.europesays.com\/fr\/wp-json\/wp\/v2\/posts\/382104","targetHints":{"allow":["GET"]}}],"collection":[{"href":"https:\/\/www.europesays.com\/fr\/wp-json\/wp\/v2\/posts"}],"about":[{"href":"https:\/\/www.europesays.com\/fr\/wp-json\/wp\/v2\/types\/post"}],"author":[{"embeddable":true,"href":"https:\/\/www.europesays.com\/fr\/wp-json\/wp\/v2\/users\/2"}],"replies":[{"embeddable":true,"href":"https:\/\/www.europesays.com\/fr\/wp-json\/wp\/v2\/comments?post=382104"}],"version-history":[{"count":0,"href":"https:\/\/www.europesays.com\/fr\/wp-json\/wp\/v2\/posts\/382104\/revisions"}],"wp:featuredmedia":[{"embeddable":true,"href":"https:\/\/www.europesays.com\/fr\/wp-json\/wp\/v2\/media\/382105"}],"wp:attachment":[{"href":"https:\/\/www.europesays.com\/fr\/wp-json\/wp\/v2\/media?parent=382104"}],"wp:term":[{"taxonomy":"category","embeddable":true,"href":"https:\/\/www.europesays.com\/fr\/wp-json\/wp\/v2\/categories?post=382104"},{"taxonomy":"post_tag","embeddable":true,"href":"https:\/\/www.europesays.com\/fr\/wp-json\/wp\/v2\/tags?post=382104"}],"curies":[{"name":"wp","href":"https:\/\/api.w.org\/{rel}","templated":true}]}}