{"id":382120,"date":"2025-09-11T06:44:12","date_gmt":"2025-09-11T06:44:12","guid":{"rendered":"https:\/\/www.europesays.com\/fr\/382120\/"},"modified":"2025-09-11T06:44:12","modified_gmt":"2025-09-11T06:44:12","slug":"grace-a-une-saynete-de-sensibilisation-lecoliere-avait-denonce-une-agression-incestueuse","status":"publish","type":"post","link":"https:\/\/www.europesays.com\/fr\/382120\/","title":{"rendered":"gr\u00e2ce \u00e0 une sayn\u00e8te de sensibilisation, l&rsquo;\u00e9coli\u00e8re avait d\u00e9nonc\u00e9 une agression incestueuse"},"content":{"rendered":"<p>Printemps 2023, dans une \u00e9cole <a href=\"https:\/\/www.laprovence.com\/bouches-du-rhone\/marseille-13055\" target=\"_blank\" rel=\"noopener\">marseillaise<\/a>. Une compagnie de th\u00e9\u00e2tre a \u00e9t\u00e9 invit\u00e9e \u00e0 se produire devant les \u00e9l\u00e8ves pour leur d\u00e9livrer, \u00e0 travers des sayn\u00e8tes p\u00e9dagogiques, des messages de pr\u00e9vention. Dans l&rsquo;une des pi\u00e8ces, il est question d&rsquo;<a href=\"https:\/\/www.laprovence.com\/article\/faits-divers-justice\/152886799004114\/inceste-le-senat-renforce-un-dispositif-de-protection-de-lenfant\" target=\"_blank\" rel=\"noopener\">inceste<\/a>. Amina*, 11 ans, se tourne vers l&rsquo;une de ses copines de classe et lui glisse : \u00ab\u00a0Moi, ma tante ne m&rsquo;a pas crue.\u00a0\u00bb Sa ma\u00eetresse, glac\u00e9e, a assist\u00e9 \u00e0 l&rsquo;\u00e9change. Elle prend la petite \u00e0 part, lui fait raconter la sc\u00e8ne \u00e0 laquelle faisait r\u00e9f\u00e9rence l&rsquo;\u00e9coli\u00e8re. Et effectue, d\u00e8s le lendemain, un signalement \u00ab\u00a0\u00e9l\u00e8ve en danger\u00a0\u00bb.<\/p>\n<p>Car Amina, une petite <a href=\"https:\/\/www.laprovence.com\/article\/region\/9560980125141\/la-diaspora-comorienne-a-marseille-dans-le-sang-l-archipel-celebre-50-ans-d-independance\" target=\"_blank\" rel=\"noopener\">Comorienne arriv\u00e9e en France<\/a> en 2018 et confi\u00e9e \u00e0 l&rsquo;une de ses tantes, a r\u00e9v\u00e9l\u00e9 \u00e0 son institutrice une sc\u00e8ne d&rsquo;<a href=\"https:\/\/www.laprovence.com\/article\/faits-divers-justice\/37933690127964\/info-la-provence-une-mineure-agressee-sexuellement-alors-qu-elle-se-baignait-aux-catalans-a-marseille\" target=\"_blank\" rel=\"noopener\">agression sexuelle<\/a> que lui aurait impos\u00e9e son oncle dans sa chambre. Devant les enqu\u00eateurs, les psys, elle r\u00e9p\u00e8te la m\u00eame description\u00a0: la main de l&rsquo;adulte sur sa culotte au niveau de son sexe, puis dans le sous-v\u00eatement, une furtive caresse. Puis, quelques minutes plus tard, \u00ab\u00a0tonton\u00a0\u00bb qui revient, baisse son pantalon et pose bri\u00e8vement la main de la petite fille sur son propre sexe. \u00ab\u00a0Ne le dis \u00e0 personne\u00a0\u00bb, lui aurait-il gliss\u00e9 en l&#8217;embrassant sur la bouche avant de quitter la pi\u00e8ce.<\/p>\n<p>Le pr\u00e9venu c<\/p>\n","protected":false},"excerpt":{"rendered":"Printemps 2023, dans une \u00e9cole marseillaise. Une compagnie de th\u00e9\u00e2tre a \u00e9t\u00e9 invit\u00e9e \u00e0 se produire devant les&hellip;\n","protected":false},"author":2,"featured_media":382121,"comment_status":"","ping_status":"","sticky":false,"template":"","format":"standard","meta":{"footnotes":""},"categories":[2814],"tags":[17,1111,11,8851,1102,1777,674,274,1011,27,4567,51527,884,12,882,25,51526,13512,96],"class_list":{"0":"post-382120","1":"post","2":"type-post","3":"status-publish","4":"format-standard","5":"has-post-thumbnail","7":"category-marseille","8":"tag-17","9":"tag-actu","10":"tag-actualites","11":"tag-avait","12":"tag-breakingnews","13":"tag-eu","14":"tag-europe","15":"tag-faits-divers-justice","16":"tag-fr","17":"tag-france","18":"tag-grace","19":"tag-lecoliere","20":"tag-marseille","21":"tag-news","22":"tag-provence-alpes-cote-dazur","23":"tag-republique-francaise","24":"tag-saynete","25":"tag-sensibilisation","26":"tag-une"},"share_on_mastodon":{"url":"https:\/\/pubeurope.com\/@fr\/115184314818956055","error":""},"_links":{"self":[{"href":"https:\/\/www.europesays.com\/fr\/wp-json\/wp\/v2\/posts\/382120","targetHints":{"allow":["GET"]}}],"collection":[{"href":"https:\/\/www.europesays.com\/fr\/wp-json\/wp\/v2\/posts"}],"about":[{"href":"https:\/\/www.europesays.com\/fr\/wp-json\/wp\/v2\/types\/post"}],"author":[{"embeddable":true,"href":"https:\/\/www.europesays.com\/fr\/wp-json\/wp\/v2\/users\/2"}],"replies":[{"embeddable":true,"href":"https:\/\/www.europesays.com\/fr\/wp-json\/wp\/v2\/comments?post=382120"}],"version-history":[{"count":0,"href":"https:\/\/www.europesays.com\/fr\/wp-json\/wp\/v2\/posts\/382120\/revisions"}],"wp:featuredmedia":[{"embeddable":true,"href":"https:\/\/www.europesays.com\/fr\/wp-json\/wp\/v2\/media\/382121"}],"wp:attachment":[{"href":"https:\/\/www.europesays.com\/fr\/wp-json\/wp\/v2\/media?parent=382120"}],"wp:term":[{"taxonomy":"category","embeddable":true,"href":"https:\/\/www.europesays.com\/fr\/wp-json\/wp\/v2\/categories?post=382120"},{"taxonomy":"post_tag","embeddable":true,"href":"https:\/\/www.europesays.com\/fr\/wp-json\/wp\/v2\/tags?post=382120"}],"curies":[{"name":"wp","href":"https:\/\/api.w.org\/{rel}","templated":true}]}}