{"id":382126,"date":"2025-09-11T06:47:18","date_gmt":"2025-09-11T06:47:18","guid":{"rendered":"https:\/\/www.europesays.com\/fr\/382126\/"},"modified":"2025-09-11T06:47:18","modified_gmt":"2025-09-11T06:47:18","slug":"la-metropole-de-lyon-vous-offre-un-arbre","status":"publish","type":"post","link":"https:\/\/www.europesays.com\/fr\/382126\/","title":{"rendered":"La M\u00e9tropole de Lyon vous offre&#8230; un arbre !"},"content":{"rendered":"<p>Elle va distribuer gratuitement 2.000 arbres \u00e0 ses habitants. Les r\u00e9servations commencent ce jeudi 11 septembre.<\/p>\n<p>Vous habitez en maison, vous avez un petit bout de terrain et vous r\u00eavez de ramasser des pommes, des poires ou des prunes dans votre jardin ?  <\/p>\n<p>La <b>M\u00e9tropole de Lyon<\/b> vous offre&#8230; un arbre !\u00a0<\/p>\n<p>Dans le cadre du <b>Plan nature<\/b>, elle va distribuer gratuitement <b>2.000 arbres<\/b> \u00e0 ses habitants.  &#13;<\/p>\n<p>Des arbres fruitiers ou forestiers<\/p>\n<p>Il s&rsquo;agit <b>d&rsquo;arbres fruitiers ou forestiers<\/b>, provenant de p\u00e9pini\u00e9ristes locaux, qu&rsquo;il faut r\u00e9server en ligne et venir r\u00e9cup\u00e9rer le <b>22 novembre<\/b> au parc de <b>Parilly<\/b> ou au domaine <b>Lacroix-Laval.  &#13;<\/b><br \/><b><br \/><\/b><br \/>Voici les conditions \u00e0 remplir pour \u00eatre \u00e9ligible :\u00a0<br \/>&#8211; habiter l&rsquo;une des 58 communes de la M\u00e9tropole de Lyon ;<br \/>\n<br \/>&#8211; \u00eatre propri\u00e9taire ou locataire d&rsquo;une maison individuelle avec jardin ;<br \/>\n<br \/>&#8211; avoir un acc\u00e8s \u00e0 la pleine terre<\/p>\n<p>Les <b>r\u00e9servations<\/b> ouvrent \u00e0 9h ce jeudi matin, <a class=\"url\" href=\"https:\/\/www.grandlyon.com\/mes-services-au-quotidien\/se-loger-ameliorer-ou-louer-son-logement\/obtenir-un-arbre\" target=\"_blank\" rel=\"nofollow noopener\">sur le site de la M\u00e9tropole de Lyon.<\/a><\/p>\n<p><img loading=\"lazy\" decoding=\"async\" src=\"https:\/\/www.europesays.com\/fr\/wp-content\/uploads\/2025\/09\/1757573238_910_img\" width=\"350\" height=\"200\" border=\"0\" title=\"Radio SCOOP Explore, le podcast de la r\u00c3\u00a9daction.\"\/><\/p>\n<p>\u25baSoci\u00e9t\u00e9<\/p>\n<p style=\"font-size: 22px;\"><b>[Podcast] Radio SCOOP Explore, \u00e9pisode 2 : Saint-Romain-en-Gal, le paradis des arch\u00e9ologues<\/b><\/p>\n<p>Nouveaut\u00e9 de la rentr\u00e9e : chaque semaine, la r\u00e9daction&#8230;<\/p>\n<p><\/p>\n","protected":false},"excerpt":{"rendered":"Elle va distribuer gratuitement 2.000 arbres \u00e0 ses habitants. Les r\u00e9servations commencent ce jeudi 11 septembre. Vous habitez&hellip;\n","protected":false},"author":2,"featured_media":382127,"comment_status":"","ping_status":"","sticky":false,"template":"","format":"standard","meta":{"footnotes":""},"categories":[1889],"tags":[1111,11,8489,2430,1777,674,1011,27,326,49581,2428,10958,12,29239,51528,25],"class_list":{"0":"post-382126","1":"post","2":"type-post","3":"status-publish","4":"format-standard","5":"has-post-thumbnail","7":"category-lyon","8":"tag-actu","9":"tag-actualites","10":"tag-arbre","11":"tag-auvergne-rhone-alpes","12":"tag-eu","13":"tag-europe","14":"tag-fr","15":"tag-france","16":"tag-gratuit","17":"tag-lacroix-laval","18":"tag-lyon","19":"tag-mtropole","20":"tag-news","21":"tag-parilly","22":"tag-plan-nature","23":"tag-republique-francaise"},"share_on_mastodon":{"url":"https:\/\/pubeurope.com\/@fr\/115184326731114676","error":""},"_links":{"self":[{"href":"https:\/\/www.europesays.com\/fr\/wp-json\/wp\/v2\/posts\/382126","targetHints":{"allow":["GET"]}}],"collection":[{"href":"https:\/\/www.europesays.com\/fr\/wp-json\/wp\/v2\/posts"}],"about":[{"href":"https:\/\/www.europesays.com\/fr\/wp-json\/wp\/v2\/types\/post"}],"author":[{"embeddable":true,"href":"https:\/\/www.europesays.com\/fr\/wp-json\/wp\/v2\/users\/2"}],"replies":[{"embeddable":true,"href":"https:\/\/www.europesays.com\/fr\/wp-json\/wp\/v2\/comments?post=382126"}],"version-history":[{"count":0,"href":"https:\/\/www.europesays.com\/fr\/wp-json\/wp\/v2\/posts\/382126\/revisions"}],"wp:featuredmedia":[{"embeddable":true,"href":"https:\/\/www.europesays.com\/fr\/wp-json\/wp\/v2\/media\/382127"}],"wp:attachment":[{"href":"https:\/\/www.europesays.com\/fr\/wp-json\/wp\/v2\/media?parent=382126"}],"wp:term":[{"taxonomy":"category","embeddable":true,"href":"https:\/\/www.europesays.com\/fr\/wp-json\/wp\/v2\/categories?post=382126"},{"taxonomy":"post_tag","embeddable":true,"href":"https:\/\/www.europesays.com\/fr\/wp-json\/wp\/v2\/tags?post=382126"}],"curies":[{"name":"wp","href":"https:\/\/api.w.org\/{rel}","templated":true}]}}