{"id":382128,"date":"2025-09-11T06:48:12","date_gmt":"2025-09-11T06:48:12","guid":{"rendered":"https:\/\/www.europesays.com\/fr\/382128\/"},"modified":"2025-09-11T06:48:12","modified_gmt":"2025-09-11T06:48:12","slug":"tetes-de-porc-devant-des-mosquees-dile-de-france-la-piste-de-la-destabilisation-etrangere-confirmee","status":"publish","type":"post","link":"https:\/\/www.europesays.com\/fr\/382128\/","title":{"rendered":"T\u00eates de porc devant des mosqu\u00e9es d&rsquo;Ile-de-France\u00a0: la piste de la d\u00e9stabilisation \u00e9trang\u00e8re confirm\u00e9e"},"content":{"rendered":"\n<p>Une \u201cvolont\u00e9 manifeste de provoquer le trouble\u201d : le parquet de Paris a indiqu\u00e9 mercredi que les t\u00eates de cochon d\u00e9couvertes devant des mosqu\u00e9es ont \u00e9t\u00e9 d\u00e9pos\u00e9es par des \u00e9trangers ayant aussit\u00f4t quitt\u00e9 le territoire, une possible ing\u00e9rence rappelant des pr\u00e9c\u00e9dents dans la capitale.<\/p>\n<p>Neuf t\u00eates de porc, animal consid\u00e9r\u00e9 comme impur par l\u2019islam, ont \u00e9t\u00e9 mardi matin devant des mosqu\u00e9es d\u00e9couvertes de la capitale et de la r\u00e9gion parisienne, suscitant des r\u00e9actions indign\u00e9es et des interrogations concernant l\u2019orchestration de ces d\u00e9p\u00f4ts simultan\u00e9s.<\/p>\n<p>Les enqu\u00eates de la brigade criminelle et de la police judiciaire ont rapidement permis d\u2019\u00e9tablir qu\u2019elles ont \u00e9t\u00e9 d\u00e9pos\u00e9es \u201cpar des personnes de nationalit\u00e9 \u00e9trang\u00e8re qui ont imm\u00e9diatement quitt\u00e9 le territoire\u201d, a indiqu\u00e9 le parquet, d\u00e9non\u00e7ant \u201cune volont\u00e9 manifeste de provoquer le trouble au sein de la nation\u201d.<\/p>\n<p>Achat par deux hommes dont la voiture est immatricul\u00e9e en Serbie<\/p>\n<p>Selon le parquet, sollicit\u00e9 par l\u2019AFP apr\u00e8s une information de BFMTV, \u201cun agriculteur normand s\u2019est manifest\u00e9 aupr\u00e8s des enqu\u00eateurs pour acheter signaleur que deux personnes \u00e9taient venues lui une dizaine de t\u00eates de cochon\u201d, avec un v\u00e9hicule \u201cdont la plaque d\u2019immatriculation serait serbe\u201d.<\/p>\n<p>\u201cLigne de t\u00e9l\u00e9phone croate\u201d<\/p>\n<p>\u201cLes recherches en mati\u00e8re de vid\u00e9oprotection ont \u00e9tabli que c\u2019est avec ce m\u00eame v\u00e9hicule que ces personnes sont arriv\u00e9es \u00e0 Paris, pr\u00e8s (du quartier) Oberkampf, dans la nuit de lundi 8 \u00e0 mardi 9 septembre\u201d, a expliqu\u00e9 le minist\u00e8re public.<\/p>\n<p>Il a pr\u00e9cis\u00e9 que les images avaient \u201c\u00e9galement montr\u00e9 deux hommes d\u00e9posant les t\u00eates devant un certain nombre de mosqu\u00e9es\u201d.<\/p>\n<p>Ces individus \u201csont susceptibles d\u2019avoir utilis\u00e9 une ligne de t\u00e9l\u00e9phone croate, dont le suivi atteste d\u2019un franchissement de la fronti\u00e8re franco-belge d\u00e8s le mardi matin, apr\u00e8s la commission des faits\u201d, a encore indiqu\u00e9 le parquet.<\/p>\n<p>Le pr\u00e9fet de police, Laurent Nu\u00f1ez, avait, peu apr\u00e8s la d\u00e9couverte de ces t\u00eates de porc, \u00e9voqu\u00e9 de possibles \u201cactions d\u2019ing\u00e9rence \u00e9trang\u00e8re\u201d.<\/p>\n<p>Pr\u00e9c\u00e9dentes op\u00e9rations de d\u00e9stabilisation : mains rouges sur le M\u00e9morial de la Shoah, \u00e9toiles de David<\/p>\n<p>Il faisait r\u00e9f\u00e9rence \u00e0 des affaires pr\u00e9c\u00e9dentes attribu\u00e9es \u00e0 de possibles ing\u00e9rences \u00e9trang\u00e8res, dont les tags d\u2019\u00e9toiles de David dans Paris \u00e0 l\u2019automne 2023 (dossier dans lequel deux Moldaves ont \u00e9t\u00e9 interpell\u00e9s) ou les Mains Rouges tagu\u00e9es sur le M\u00e9morial de la Shoah en mai 2024.<\/p>\n<p>Quatre Bulgares seront jug\u00e9s \u00e0 l\u2019automne \u00e0 Paris dans l\u2019affaire des Mains Rouges, une affaire \u201csusceptible de correspondre \u00e0 une action de d\u00e9stabilisation de la France orchestr\u00e9e par les services de renseignement russes\u201d, a indiqu\u00e9 le parquet fin juillet.<\/p>\n<p>Dans l\u2019affaire des t\u00eates de cochon, le parquet a pr\u00e9cis\u00e9 que les enqu\u00eates se poursuivaient sous deux qualifications.<\/p>\n<p>D\u2019un part : violences volontaires sans incapacit\u00e9 \u00e0 raison de l\u2019appartenance ou de la non-appartenance, vraie ou suppos\u00e9e, de la victime \u00e0 une religion d\u00e9termin\u00e9e commise dans le but de servir les int\u00e9r\u00eats d\u2019une puissance \u00e9trang\u00e8re ou d\u2019une entreprise ou d\u2019une organisation \u00e9trang\u00e8re ou sous contr\u00f4le \u00e9tranger. Un d\u00e9lit qui fait encourager six ans d\u2019emprisonnement.<\/p>\n<p>D\u2019autre part : provocation publique \u00e0 la haine ou \u00e0 la violence en raison de la religion, un d\u00e9lit faisant encourager, lui, un an de prison.<\/p>\n<p>Rappel des faits<\/p>\n<p>Les t\u00eates de porc ont notamment \u00e9t\u00e9 d\u00e9couvertes \u00e0 Paris, devant des mosqu\u00e9es des 15e, 18e et 20e arrondissement, ainsi que devant l\u2019entr\u00e9e de la mosqu\u00e9e Islah \u00e0 Montreuil (Seine-Saint-Denis), et \u00e0 Montrouge, Malakoff (Hauts-de-Seine) et Gentilly (Val-de-Marne).<\/p>\n<p>Plusieurs des t\u00eates de cochon \u201csupportaient une inscription MACRON \u00e9crite \u00e0 l\u2019encre bleue\u201d, selon le parquet.<\/p>\n<p>Cette d\u00e9couverte avait entra\u00een\u00e9 une vague de condamnations, \u00e0 gauche comme \u00e0 droite de l\u2019\u00e9chiquier politique.<\/p>\n<p>Le recteur de la Grande mosqu\u00e9e de Paris Chems-eddine Hafiz avait d\u2019\u00e9nonc\u00e9 \u201cune nouvelle et triste \u00e9tape dans la mont\u00e9e de la haine antimusulmane\u201d, appelant \u201c\u00e0 une prise de conscience et \u00e0 une solidarit\u00e9 nationale\u201d.<\/p>\n<p>Les actes antimusulmans enregistr\u00e9s en France sur la p\u00e9riode janvier-mai 2025 ont augment\u00e9 de 75% par rapport \u00e0 2024, avec un triplement des atteintes aux personnes, selon les chiffres du minist\u00e8re de l\u2019Int\u00e9rieur de juillet.<\/p>\n<p>La France compte entre cinq et six millions de musulmans pratiquants et non-pratiquants, ce qui fait de l\u2019islam la deuxi\u00e8me religion du pays et de la communaut\u00e9 musulmane fran\u00e7aise la premi\u00e8re en Europe.<\/p>\n","protected":false},"excerpt":{"rendered":"Une \u201cvolont\u00e9 manifeste de provoquer le trouble\u201d : le parquet de Paris a indiqu\u00e9 mercredi que les t\u00eates&hellip;\n","protected":false},"author":2,"featured_media":382129,"comment_status":"","ping_status":"","sticky":false,"template":"","format":"standard","meta":{"footnotes":""},"categories":[1592],"tags":[1111,11,51529,7935,1777,674,1011,27,7937,3314,662,5454,21672,17056,1014,5672,30580,14577,19920,12,626,10857,1072,11855,316,4020,25,18341,1945,10819],"class_list":{"0":"post-382128","1":"post","2":"type-post","3":"status-publish","4":"format-standard","5":"has-post-thumbnail","7":"category-ile-de-france","8":"tag-actu","9":"tag-actualites","10":"tag-brigade-criminelle","11":"tag-est-parisien","12":"tag-eu","13":"tag-europe","14":"tag-fr","15":"tag-france","16":"tag-gentilly","17":"tag-hauts-de-seine","18":"tag-ile-de-france","19":"tag-laurent-nunez","20":"tag-malakoff","21":"tag-memorial-de-la-shoah","22":"tag-ministere-de-linterieur","23":"tag-montreuil","24":"tag-montrouge","25":"tag-mosquee","26":"tag-musulmans","27":"tag-news","28":"tag-paris","29":"tag-parquet-de-paris","30":"tag-police","31":"tag-police-judiciaire","32":"tag-politique","33":"tag-religion","34":"tag-republique-francaise","35":"tag-saint-denis","36":"tag-seine-saint-denis","37":"tag-videoprotection"},"share_on_mastodon":{"url":"https:\/\/pubeurope.com\/@fr\/115184330576732275","error":""},"_links":{"self":[{"href":"https:\/\/www.europesays.com\/fr\/wp-json\/wp\/v2\/posts\/382128","targetHints":{"allow":["GET"]}}],"collection":[{"href":"https:\/\/www.europesays.com\/fr\/wp-json\/wp\/v2\/posts"}],"about":[{"href":"https:\/\/www.europesays.com\/fr\/wp-json\/wp\/v2\/types\/post"}],"author":[{"embeddable":true,"href":"https:\/\/www.europesays.com\/fr\/wp-json\/wp\/v2\/users\/2"}],"replies":[{"embeddable":true,"href":"https:\/\/www.europesays.com\/fr\/wp-json\/wp\/v2\/comments?post=382128"}],"version-history":[{"count":0,"href":"https:\/\/www.europesays.com\/fr\/wp-json\/wp\/v2\/posts\/382128\/revisions"}],"wp:featuredmedia":[{"embeddable":true,"href":"https:\/\/www.europesays.com\/fr\/wp-json\/wp\/v2\/media\/382129"}],"wp:attachment":[{"href":"https:\/\/www.europesays.com\/fr\/wp-json\/wp\/v2\/media?parent=382128"}],"wp:term":[{"taxonomy":"category","embeddable":true,"href":"https:\/\/www.europesays.com\/fr\/wp-json\/wp\/v2\/categories?post=382128"},{"taxonomy":"post_tag","embeddable":true,"href":"https:\/\/www.europesays.com\/fr\/wp-json\/wp\/v2\/tags?post=382128"}],"curies":[{"name":"wp","href":"https:\/\/api.w.org\/{rel}","templated":true}]}}