{"id":382144,"date":"2025-09-11T06:56:11","date_gmt":"2025-09-11T06:56:11","guid":{"rendered":"https:\/\/www.europesays.com\/fr\/382144\/"},"modified":"2025-09-11T06:56:11","modified_gmt":"2025-09-11T06:56:11","slug":"aux-etats-unis-lum6p-inscrit-lafrique-dans-leconomie-mondiale-du-savoir","status":"publish","type":"post","link":"https:\/\/www.europesays.com\/fr\/382144\/","title":{"rendered":"Aux Etats-Unis, l\u2019UM6P inscrit l\u2019Afrique dans l\u2019\u00e9conomie mondiale du savoir"},"content":{"rendered":"<p>L&rsquo;Universit\u00e9 Mohammed VI Polytechnique (UM6P) d\u00e9tient d\u00e9sormais un global hub aux Etats-Unis, inaugur\u00e9 le 8 septembre en pr\u00e9sence de l&rsquo;Ambassadeur du Maroc Youssef Amrani et le Repr\u00e9sentant du Royaume aupr\u00e8s des Nations Unies, Omar Filali. Avec deux bureaux \u00e0 New York et Cambridge, ce global hub est\u00a0une plateforme d&rsquo;\u00e9change et de collaboration entre les chercheurs, les entrepreneurs et les investisseurs des deux continents. \u00ab Notre pr\u00e9sence [dans ces deux villes] vise \u00e0 cr\u00e9er un corridor de savoirs, de technologies et d&rsquo;innovations entre l&rsquo;Afrique et l&rsquo;Am\u00e9rique du Nord \u00bb, explique, dans un entretien avec La Tribune Afrique, Mehdi El Khatib, directeur g\u00e9n\u00e9ral de UM6P Global Hub aux Etats-Unis.<\/p>\n<p>Par Global Hub, l&rsquo;organisation entend surtout \u00ab un espace de convergence \u00bb qui associe recherche, formation ex\u00e9cutive et entrepreneuriat. Il cible prioritairement les professionnels, les chercheurs et les start-up africains int\u00e9ress\u00e9es \u00e0 se d\u00e9velopper sur le march\u00e9 am\u00e9ricain, leur permettant alors de non seulement de \u00ab b\u00e9n\u00e9ficier\u00a0\u00bb, mais aussi \u00ab contribuer \u00e0 l&rsquo;\u00e9conomie mondiale du savoir\u00bb. Ici, les principaux sujets sont notamment, l&rsquo;agriculture durable, les \u00e9nergies renouvelables et l&rsquo;intelligence artificielle (IA), un domaine dans lequel cette universit\u00e9 est pionni\u00e8re au Maroc.<\/p>\n","protected":false},"excerpt":{"rendered":"L&rsquo;Universit\u00e9 Mohammed VI Polytechnique (UM6P) d\u00e9tient d\u00e9sormais un global hub aux Etats-Unis, inaugur\u00e9 le 8 septembre en pr\u00e9sence&hellip;\n","protected":false},"author":2,"featured_media":382145,"comment_status":"","ping_status":"","sticky":false,"template":"","format":"standard","meta":{"footnotes":""},"categories":[1589],"tags":[17,11,1007,1446,21061,73,1866,47702,21062,30481,51531,12,1864,1865,1863,308],"class_list":{"0":"post-382144","1":"post","2":"type-post","3":"status-publish","4":"format-standard","5":"has-post-thumbnail","7":"category-etats-unis","8":"tag-17","9":"tag-actualites","10":"tag-aux","11":"tag-dans","12":"tag-decideurs-la-tribune-afrique","13":"tag-etats-unis","14":"tag-etats-unis-damerique","15":"tag-inscrit","16":"tag-lafrique","17":"tag-leconomie","18":"tag-lum6p","19":"tag-news","20":"tag-united-states","21":"tag-united-states-of-america","22":"tag-us","23":"tag-usa"},"share_on_mastodon":{"url":"https:\/\/pubeurope.com\/@fr\/115184362118453070","error":""},"_links":{"self":[{"href":"https:\/\/www.europesays.com\/fr\/wp-json\/wp\/v2\/posts\/382144","targetHints":{"allow":["GET"]}}],"collection":[{"href":"https:\/\/www.europesays.com\/fr\/wp-json\/wp\/v2\/posts"}],"about":[{"href":"https:\/\/www.europesays.com\/fr\/wp-json\/wp\/v2\/types\/post"}],"author":[{"embeddable":true,"href":"https:\/\/www.europesays.com\/fr\/wp-json\/wp\/v2\/users\/2"}],"replies":[{"embeddable":true,"href":"https:\/\/www.europesays.com\/fr\/wp-json\/wp\/v2\/comments?post=382144"}],"version-history":[{"count":0,"href":"https:\/\/www.europesays.com\/fr\/wp-json\/wp\/v2\/posts\/382144\/revisions"}],"wp:featuredmedia":[{"embeddable":true,"href":"https:\/\/www.europesays.com\/fr\/wp-json\/wp\/v2\/media\/382145"}],"wp:attachment":[{"href":"https:\/\/www.europesays.com\/fr\/wp-json\/wp\/v2\/media?parent=382144"}],"wp:term":[{"taxonomy":"category","embeddable":true,"href":"https:\/\/www.europesays.com\/fr\/wp-json\/wp\/v2\/categories?post=382144"},{"taxonomy":"post_tag","embeddable":true,"href":"https:\/\/www.europesays.com\/fr\/wp-json\/wp\/v2\/tags?post=382144"}],"curies":[{"name":"wp","href":"https:\/\/api.w.org\/{rel}","templated":true}]}}