{"id":382146,"date":"2025-09-11T06:57:14","date_gmt":"2025-09-11T06:57:14","guid":{"rendered":"https:\/\/www.europesays.com\/fr\/382146\/"},"modified":"2025-09-11T06:57:14","modified_gmt":"2025-09-11T06:57:14","slug":"royaume-uni-un-pere-meurt-alors-quil-participait-a-lenterrement-de-son-fils-linfo-re","status":"publish","type":"post","link":"https:\/\/www.europesays.com\/fr\/382146\/","title":{"rendered":"Royaume-Uni : Un p\u00e8re meurt alors qu\u2019il participait \u00e0 l\u2019enterrement de son fils &#8211; LINFO.re"},"content":{"rendered":"<p>Le 21 ao\u00fbt dernier, Norman White, p\u00e8re de famille de 61 ans, est d\u00e9c\u00e9d\u00e9 alors qu\u2019il participait \u00e0 l\u2019enterrement de son fils \u00e0 Teesside, pr\u00e8s de Middlesbrough, au nord du Rayaume-Uni.<\/p>\n<p>Le 21 ao\u00fbt dernier, un p\u00e8re de famille est d\u00e9c\u00e9d\u00e9 alors qu\u2019il \u00e9tait pr\u00e9sent \u00e0 l\u2019enterrement de son fils \u00e0 Teesside, pr\u00e8s de Middlesbrough, au nord du Rayaume-Uni. Norman White, ag\u00e9 de 61 ans, aurait \u00e9t\u00e9 victime d\u2019un arr\u00eat cardiaque, selon le m\u00e9dia Teesside Live. Il a \u00e9t\u00e9 transport\u00e9 en urgence \u00e0 l\u2019h\u00f4pital et est d\u00e9c\u00e9d\u00e9\u00a0vraisemblablement des suites d\u2019un infarctus. Passionn\u00e9 de boxe et entra\u00eeneur amateur, il ne pr\u00e9sentait pourtant aucun ant\u00e9c\u00e9dent cardiaque connu.\u00a0Ses proches en sont donc persuad\u00e9s, il est mort de chagrin.<\/p>\n","protected":false},"excerpt":{"rendered":"Le 21 ao\u00fbt dernier, Norman White, p\u00e8re de famille de 61 ans, est d\u00e9c\u00e9d\u00e9 alors qu\u2019il participait \u00e0&hellip;\n","protected":false},"author":2,"featured_media":382147,"comment_status":"","ping_status":"","sticky":false,"template":"","format":"standard","meta":{"footnotes":""},"categories":[1588],"tags":[47,11,1777,674,6335,1922,74,12,7224,473,1853,1851,1850,1852],"class_list":{"0":"post-382146","1":"post","2":"type-post","3":"status-publish","4":"format-standard","5":"has-post-thumbnail","7":"category-royaume-uni","8":"tag-actualite","9":"tag-actualites","10":"tag-eu","11":"tag-europe","12":"tag-home-page","13":"tag-info","14":"tag-monde","15":"tag-news","16":"tag-newsletter-soir","17":"tag-royaume-uni","18":"tag-royaume-uni-de-grande-bretagne-et-dirlande-du-nord","19":"tag-uk","20":"tag-united-kingdom","21":"tag-united-kingdom-of-great-britain-and-northern-ireland"},"share_on_mastodon":{"url":"https:\/\/pubeurope.com\/@fr\/115184366057339329","error":""},"_links":{"self":[{"href":"https:\/\/www.europesays.com\/fr\/wp-json\/wp\/v2\/posts\/382146","targetHints":{"allow":["GET"]}}],"collection":[{"href":"https:\/\/www.europesays.com\/fr\/wp-json\/wp\/v2\/posts"}],"about":[{"href":"https:\/\/www.europesays.com\/fr\/wp-json\/wp\/v2\/types\/post"}],"author":[{"embeddable":true,"href":"https:\/\/www.europesays.com\/fr\/wp-json\/wp\/v2\/users\/2"}],"replies":[{"embeddable":true,"href":"https:\/\/www.europesays.com\/fr\/wp-json\/wp\/v2\/comments?post=382146"}],"version-history":[{"count":0,"href":"https:\/\/www.europesays.com\/fr\/wp-json\/wp\/v2\/posts\/382146\/revisions"}],"wp:featuredmedia":[{"embeddable":true,"href":"https:\/\/www.europesays.com\/fr\/wp-json\/wp\/v2\/media\/382147"}],"wp:attachment":[{"href":"https:\/\/www.europesays.com\/fr\/wp-json\/wp\/v2\/media?parent=382146"}],"wp:term":[{"taxonomy":"category","embeddable":true,"href":"https:\/\/www.europesays.com\/fr\/wp-json\/wp\/v2\/categories?post=382146"},{"taxonomy":"post_tag","embeddable":true,"href":"https:\/\/www.europesays.com\/fr\/wp-json\/wp\/v2\/tags?post=382146"}],"curies":[{"name":"wp","href":"https:\/\/api.w.org\/{rel}","templated":true}]}}