{"id":382148,"date":"2025-09-11T06:58:19","date_gmt":"2025-09-11T06:58:19","guid":{"rendered":"https:\/\/www.europesays.com\/fr\/382148\/"},"modified":"2025-09-11T06:58:19","modified_gmt":"2025-09-11T06:58:19","slug":"la-majorite-des-allemands-soutient-des-sanctions-de-lue-contre-israel-pour-sa-guerre-a-gaza","status":"publish","type":"post","link":"https:\/\/www.europesays.com\/fr\/382148\/","title":{"rendered":"La majorit\u00e9 des Allemands soutient des sanctions de l\u2019UE contre Isra\u00ebl pour sa guerre \u00e0 Gaza"},"content":{"rendered":"<p>AA \/ Berlin \/ Oliver Towfigh Nia<\/p>\n<p>Contrairement \u00e0 leur gouvernement, une nette majorit\u00e9 d\u2019\u00e9lecteurs allemands soutiendrait des sanctions de l\u2019UE contre Isra\u00ebl en raison de la guerre \u00e0 Gaza, selon un sondage publi\u00e9 par l\u2019hebdomadaire Der Spiegel.<\/p>\n<p>Environ 63 % des personnes interrog\u00e9es se sont dites favorables \u00e0 une telle mesure propos\u00e9e par la Commission europ\u00e9enne, tandis que seulement 29 % y \u00e9taient oppos\u00e9es.<\/p>\n<p>Le soutien le plus fort provient des \u00e9lecteurs du parti \u00e9cologiste d\u2019opposition, les Verts : 94 % se disent favorables aux sanctions, contre seulement 5 % qui s\u2019y opposent.<\/p>\n<p>Du c\u00f4t\u00e9 du parti chr\u00e9tien-d\u00e9mocrate (CDU), actuellement au pouvoir, 68 % des \u00e9lecteurs soutiennent des sanctions contre Isra\u00ebl, tandis que 30 % s\u2019y opposent.<\/p>\n<p>Un r\u00e9sultat similaire appara\u00eet chez les \u00e9lecteurs du Parti social-d\u00e9mocrate (SPD), \u00e9galement membre de la coalition au pouvoir, o\u00f9 68 % sont favorables et 25 % oppos\u00e9s.<\/p>\n<p>Parmi les \u00e9lecteurs du parti d\u2019opposition La Gauche, 67 % soutiennent \u00e9galement l\u2019imposition de sanctions \u00e0 Isra\u00ebl, contre 28 % qui s\u2019y opposent.<\/p>\n<p>Seuls les \u00e9lecteurs du parti d\u2019extr\u00eame droite Alternative pour l\u2019Allemagne (AfD) apparaissent divis\u00e9s : 49 % soutiennent des sanctions, tandis que 51 % les rejettent.<\/p>\n<p>R\u00e9cemment, le gouvernement allemand a rejet\u00e9 une proposition de la Commission europ\u00e9enne visant \u00e0 suspendre partiellement la participation d\u2019Isra\u00ebl au programme de financement de la recherche Horizon Europe.<\/p>\n<p>Le ministre des Affaires \u00e9trang\u00e8res, Johann Wadephul, a justifi\u00e9 cette d\u00e9cision en affirmant qu\u2019une telle mesure n\u2019aurait probablement aucun impact sur les choix politiques ou militaires d\u2019Isra\u00ebl dans la bande de Gaza.<\/p>\n<p>Il a en revanche insist\u00e9 sur l\u2019importance des restrictions impos\u00e9es aux livraisons d\u2019armes \u00e0 Isra\u00ebl.<\/p>\n<p>*Traduit de l&rsquo;anglais par Sanaa Amir<\/p>\n<p>                            &#13;<br \/>\n                                <a href=\"https:\/\/www.aa.com.tr\/fr\/p\/abonnement\/1001\" target=\"_blank\" style=\"font-size:12px; color:#444; text-decoration:none;\" rel=\"nofollow noopener\">&#13;<br \/>\n                                    Seulement une partie des d\u00e9p\u00eaches, que l&rsquo;Agence Anadolu diffuse \u00e0 ses abonn\u00e9s via le Syst\u00e8me de Diffusion interne (HAS), est diffus\u00e9e sur le site de l&rsquo;AA, de mani\u00e8re r\u00e9sum\u00e9e. <b style=\"color:#1897F7\">Contactez-nous s&rsquo;il vous pla\u00eet pour vous abonner.<\/b>&#13;<br \/>\n                                <\/a>&#13;<\/p>\n","protected":false},"excerpt":{"rendered":"AA \/ Berlin \/ Oliver Towfigh Nia Contrairement \u00e0 leur gouvernement, une nette majorit\u00e9 d\u2019\u00e9lecteurs allemands soutiendrait des&hellip;\n","protected":false},"author":2,"featured_media":382149,"comment_status":"","ping_status":"","sticky":false,"template":"","format":"standard","meta":{"footnotes":""},"categories":[1587],"tags":[11,672,1785,1804,1805,1803,1777,674,1801,664,12,1802],"class_list":{"0":"post-382148","1":"post","2":"type-post","3":"status-publish","4":"format-standard","5":"has-post-thumbnail","7":"category-allemagne","8":"tag-actualites","9":"tag-allemagne","10":"tag-anadolu-ajansi","11":"tag-bundesrepublik-deutschland","12":"tag-de","13":"tag-deutschland","14":"tag-eu","15":"tag-europe","16":"tag-germany","17":"tag-israel","18":"tag-news","19":"tag-republique-federale-dallemagne"},"share_on_mastodon":{"url":"https:\/\/pubeurope.com\/@fr\/115184370187661686","error":""},"_links":{"self":[{"href":"https:\/\/www.europesays.com\/fr\/wp-json\/wp\/v2\/posts\/382148","targetHints":{"allow":["GET"]}}],"collection":[{"href":"https:\/\/www.europesays.com\/fr\/wp-json\/wp\/v2\/posts"}],"about":[{"href":"https:\/\/www.europesays.com\/fr\/wp-json\/wp\/v2\/types\/post"}],"author":[{"embeddable":true,"href":"https:\/\/www.europesays.com\/fr\/wp-json\/wp\/v2\/users\/2"}],"replies":[{"embeddable":true,"href":"https:\/\/www.europesays.com\/fr\/wp-json\/wp\/v2\/comments?post=382148"}],"version-history":[{"count":0,"href":"https:\/\/www.europesays.com\/fr\/wp-json\/wp\/v2\/posts\/382148\/revisions"}],"wp:featuredmedia":[{"embeddable":true,"href":"https:\/\/www.europesays.com\/fr\/wp-json\/wp\/v2\/media\/382149"}],"wp:attachment":[{"href":"https:\/\/www.europesays.com\/fr\/wp-json\/wp\/v2\/media?parent=382148"}],"wp:term":[{"taxonomy":"category","embeddable":true,"href":"https:\/\/www.europesays.com\/fr\/wp-json\/wp\/v2\/categories?post=382148"},{"taxonomy":"post_tag","embeddable":true,"href":"https:\/\/www.europesays.com\/fr\/wp-json\/wp\/v2\/tags?post=382148"}],"curies":[{"name":"wp","href":"https:\/\/api.w.org\/{rel}","templated":true}]}}